{"id":288960,"date":"2025-08-01T12:06:09","date_gmt":"2025-08-01T12:06:09","guid":{"rendered":"https:\/\/www.europesays.com\/fr\/288960\/"},"modified":"2025-08-01T12:06:09","modified_gmt":"2025-08-01T12:06:09","slug":"sans-permis-sans-assurance-alcoolise-et-sous-cannabis","status":"publish","type":"post","link":"https:\/\/www.europesays.com\/fr\/288960\/","title":{"rendered":"sans permis, sans assurance, alcoolis\u00e9 et sous cannabis"},"content":{"rendered":"<p>\t\t\t\t\t Lors du contr\u00f4le, les v\u00e9rifications ont rapidement mis en \u00e9vidence une s\u00e9rie d\u2019infractions. Le conducteur, \u00e2g\u00e9 de 30 ans, n\u2019\u00e9tait pas titulaire du permis de conduire \u2013 une demande \u00e9tant toutefois en cours, selon ses d\u00e9clarations. Par ailleurs, la Clio qu\u2019il conduisait n\u2019\u00e9tait pas assur\u00e9e. <\/p>\n<p>Soumis aux d\u00e9pistages d\u2019usage, l\u2019automobiliste s\u2019est r\u00e9v\u00e9l\u00e9 positif \u00e0 l\u2019alcool et au cannabis. Il a \u00e9t\u00e9 conduit \u00e0 l\u2019h\u00f4tel de police o\u00f9 il a \u00e9t\u00e9 plac\u00e9 en garde \u00e0 vue pour d\u00e9faut de permis et d&rsquo;assurance et conduite sous l&#8217;emprise de stup\u00e9fiants et\u00a0 l&#8217;empire d&rsquo;un \u00e9tat alcoolique. Le v\u00e9hicule a \u00e9t\u00e9 immobilis\u00e9.\u00a0 <br \/>\u00a0\n\t\t\t\t <\/p>\n","protected":false},"excerpt":{"rendered":"Lors du contr\u00f4le, les v\u00e9rifications ont rapidement mis en \u00e9vidence une s\u00e9rie d\u2019infractions. Le conducteur, \u00e2g\u00e9 de 30&hellip;\n","protected":false},"author":2,"featured_media":288961,"comment_status":"","ping_status":"","sticky":false,"template":"","format":"standard","meta":{"footnotes":""},"categories":[9587],"tags":[1111,11,1777,674,1011,27,1934,12,5161,25,9590,5163],"class_list":{"0":"post-288960","1":"post","2":"type-post","3":"status-publish","4":"format-standard","5":"has-post-thumbnail","7":"category-rouen","8":"tag-actu","9":"tag-actualites","10":"tag-eu","11":"tag-europe","12":"tag-fr","13":"tag-france","14":"tag-infos-locales","15":"tag-news","16":"tag-normandie","17":"tag-republique-francaise","18":"tag-rouen","19":"tag-seine-maritime"},"share_on_mastodon":{"url":"https:\/\/pubeurope.com\/@fr\/114953426326370457","error":""},"_links":{"self":[{"href":"https:\/\/www.europesays.com\/fr\/wp-json\/wp\/v2\/posts\/288960","targetHints":{"allow":["GET"]}}],"collection":[{"href":"https:\/\/www.europesays.com\/fr\/wp-json\/wp\/v2\/posts"}],"about":[{"href":"https:\/\/www.europesays.com\/fr\/wp-json\/wp\/v2\/types\/post"}],"author":[{"embeddable":true,"href":"https:\/\/www.europesays.com\/fr\/wp-json\/wp\/v2\/users\/2"}],"replies":[{"embeddable":true,"href":"https:\/\/www.europesays.com\/fr\/wp-json\/wp\/v2\/comments?post=288960"}],"version-history":[{"count":0,"href":"https:\/\/www.europesays.com\/fr\/wp-json\/wp\/v2\/posts\/288960\/revisions"}],"wp:featuredmedia":[{"embeddable":true,"href":"https:\/\/www.europesays.com\/fr\/wp-json\/wp\/v2\/media\/288961"}],"wp:attachment":[{"href":"https:\/\/www.europesays.com\/fr\/wp-json\/wp\/v2\/media?parent=288960"}],"wp:term":[{"taxonomy":"category","embeddable":true,"href":"https:\/\/www.europesays.com\/fr\/wp-json\/wp\/v2\/categories?post=288960"},{"taxonomy":"post_tag","embeddable":true,"href":"https:\/\/www.europesays.com\/fr\/wp-json\/wp\/v2\/tags?post=288960"}],"curies":[{"name":"wp","href":"https:\/\/api.w.org\/{rel}","templated":true}]}}