{"id":288978,"date":"2025-08-01T12:18:09","date_gmt":"2025-08-01T12:18:09","guid":{"rendered":"https:\/\/www.europesays.com\/fr\/288978\/"},"modified":"2025-08-01T12:18:09","modified_gmt":"2025-08-01T12:18:09","slug":"des-restaurants-epingles-dans-le-centre-historique-de-bordeaux","status":"publish","type":"post","link":"https:\/\/www.europesays.com\/fr\/288978\/","title":{"rendered":"des restaurants \u00e9pingl\u00e9s dans le centre historique de Bordeaux"},"content":{"rendered":"<p>            Par<br \/>\n        <strong><br \/>\n            <a href=\"https:\/\/actu.fr\/auteur\/juliette-cardinale\" title=\"Consulter tous les articles de Juliette Cardinale\" rel=\"nofollow noopener\" target=\"_blank\">Juliette Cardinale<\/a><br \/>\n        <\/strong><\/p>\n<p>        Publi\u00e9 le<\/p>\n<p>            1 ao\u00fbt 2025 \u00e0 13h34        <\/p>\n<p>Le jeudi 3\u00a0juillet 2025, une s\u00e9rie de contr\u00f4les inopin\u00e9s a \u00e9t\u00e9 r\u00e9alis\u00e9e dans une <strong>quinzaine de restaurants<\/strong> du centre historique <a href=\"https:\/\/actu.fr\/bordeaux\/\" rel=\"nofollow noopener\" target=\"_blank\">de Bordeaux.<\/a> Les agents de la\u00a0Direction d\u00e9partementale de la protection des populations (DDPP) ont relev\u00e9 plusieurs infractions.<\/p>\n<p class=\" wall-content\">L\u2019objectif de l\u2019op\u00e9ration\u2009? \u00ab\u2009V\u00e9rifier le bon respect des <strong>pratiques en hygi\u00e8ne<\/strong> et la loyaut\u00e9 des annonces commerciales\u2009\u00bb, pr\u00e9cise la pr\u00e9fecture de la Gironde. Entre autres, s\u2019assurer que les mentions \u00ab\u2009produits frais\u2009\u00bb, \u00ab\u2009fait maison\u2009\u00bb ou \u00ab\u2009produits locaux\u2009\u00bb \u00e9taient respect\u00e9es.<\/p>\n<p class=\" wall-content\">Les agents ont inspect\u00e9 la qualit\u00e9 et la conservation des denr\u00e9es (dont la <strong>cha\u00eene du froid<\/strong>), la tra\u00e7abilit\u00e9 des produits et les pratiques d\u2019hygi\u00e8ne en cuisine.<\/p>\n<p class=\" wall-content\">Ils ont \u00ab\u2009rappel\u00e9 aux <a href=\"https:\/\/actu.fr\/tag\/restaurant\" rel=\"nofollow noopener\" target=\"_blank\">restaurateurs<\/a> leurs obligations en mati\u00e8re d\u2019affichage et de mise \u00e0 jour de la pr\u00e9sence des allerg\u00e8nes dans les plats ou\u00a0<strong>l\u2019origine des viandes<\/strong>\u00a0et de remise syst\u00e9matique d\u2019une note d\u00e9taill\u00e9e en fin de repas\u2009\u00bb. Le respect des r\u00e8gles de pr\u00e9sentation de la carte des vins a \u00e9galement \u00e9t\u00e9 soulign\u00e9 \u2013 ainsi que l\u2019obligation de servir une carafe d\u2019eau ordinaire <strong>sans suppl\u00e9ment<\/strong> de prix.<\/p>\n<p>Des manquements relev\u00e9s, et des sanctions distribu\u00e9es<\/p>\n<p class=\" wall-content\">Les r\u00e9sultats de l\u2019op\u00e9ration r\u00e9v\u00e8lent <strong>plusieurs manquements.<\/strong> Les agents ont notamment d\u00e9couvert : des produits p\u00e9rim\u00e9s, une tra\u00e7abilit\u00e9 insuffisante, des pratiques d\u2019hygi\u00e8ne non conformes et des mentions trompeuses sur l\u2019origine des viandes, l\u2019emploi de produits frais ou la m\u00e9thode de p\u00eache.<\/p>\n<p class=\" wall-content\">En cons\u00e9quence, les agents ont dress\u00e9 \u00ab\u2009cinq avertissements rappelant la r\u00e9glementation en vigueur, six mesures de police administrative enjoignant les professionnels \u00e0 notamment corriger les annonces trompeuses et <strong>cinq proc\u00e8s-verbaux<\/strong> d\u2019infraction\u2009\u00bb. Ceux-ci qui concernent des pratiques commerciales trompeuses ou manquements sanitaires.<\/p>\n<p class=\" wall-content\">Cette op\u00e9ration de contr\u00f4le, r\u00e9alis\u00e9e dans un <a href=\"https:\/\/actu.fr\/tag\/tourisme\" rel=\"nofollow noopener\" target=\"_blank\">secteur touristique<\/a> <strong>embl\u00e9matique de Bordeaux,<\/strong> s\u2019inscrit dans une action de surveillance continue affirment les services de la Pr\u00e9fecture.<\/p>\n<p class=\" wall-content\">Suivez toute l\u2019actualit\u00e9 de vos villes et m\u00e9dias favoris en vous inscrivant \u00e0 <a href=\"https:\/\/moncompte.actu.fr\" title=\"D\u00e9couvez Mon Actu\" rel=\"nofollow noopener\" data-trk=\"{&quot;cta&quot;:{&quot;action&quot;:&quot;https:\\\/\\\/moncompte.actu.fr&quot;,&quot;category&quot;:&quot;mon compte&quot;,&quot;from&quot;:&quot;article footer&quot;,&quot;name&quot;:&quot;Mon actu&quot;,&quot;type&quot;:&quot;cta&quot;}}\" target=\"_blank\">Mon Actu<\/a>.<\/p>\n","protected":false},"excerpt":{"rendered":"Par Juliette Cardinale Publi\u00e9 le 1 ao\u00fbt 2025 \u00e0 13h34 Le jeudi 3\u00a0juillet 2025, une s\u00e9rie de contr\u00f4les&hellip;\n","protected":false},"author":2,"featured_media":288979,"comment_status":"","ping_status":"","sticky":false,"template":"","format":"standard","meta":{"footnotes":""},"categories":[2817],"tags":[1111,11,1997,215,1777,674,1011,27,12,2219,25,1340,104],"class_list":{"0":"post-288978","1":"post","2":"type-post","3":"status-publish","4":"format-standard","5":"has-post-thumbnail","7":"category-bordeaux","8":"tag-actu","9":"tag-actualites","10":"tag-bordeaux","11":"tag-commerce","12":"tag-eu","13":"tag-europe","14":"tag-fr","15":"tag-france","16":"tag-news","17":"tag-nouvelle-aquitaine","18":"tag-republique-francaise","19":"tag-restaurant","20":"tag-societe"},"share_on_mastodon":{"url":"https:\/\/pubeurope.com\/@fr\/114953473492496658","error":""},"_links":{"self":[{"href":"https:\/\/www.europesays.com\/fr\/wp-json\/wp\/v2\/posts\/288978","targetHints":{"allow":["GET"]}}],"collection":[{"href":"https:\/\/www.europesays.com\/fr\/wp-json\/wp\/v2\/posts"}],"about":[{"href":"https:\/\/www.europesays.com\/fr\/wp-json\/wp\/v2\/types\/post"}],"author":[{"embeddable":true,"href":"https:\/\/www.europesays.com\/fr\/wp-json\/wp\/v2\/users\/2"}],"replies":[{"embeddable":true,"href":"https:\/\/www.europesays.com\/fr\/wp-json\/wp\/v2\/comments?post=288978"}],"version-history":[{"count":0,"href":"https:\/\/www.europesays.com\/fr\/wp-json\/wp\/v2\/posts\/288978\/revisions"}],"wp:featuredmedia":[{"embeddable":true,"href":"https:\/\/www.europesays.com\/fr\/wp-json\/wp\/v2\/media\/288979"}],"wp:attachment":[{"href":"https:\/\/www.europesays.com\/fr\/wp-json\/wp\/v2\/media?parent=288978"}],"wp:term":[{"taxonomy":"category","embeddable":true,"href":"https:\/\/www.europesays.com\/fr\/wp-json\/wp\/v2\/categories?post=288978"},{"taxonomy":"post_tag","embeddable":true,"href":"https:\/\/www.europesays.com\/fr\/wp-json\/wp\/v2\/tags?post=288978"}],"curies":[{"name":"wp","href":"https:\/\/api.w.org\/{rel}","templated":true}]}}