{"id":288988,"date":"2025-08-01T12:23:09","date_gmt":"2025-08-01T12:23:09","guid":{"rendered":"https:\/\/www.europesays.com\/fr\/288988\/"},"modified":"2025-08-01T12:23:09","modified_gmt":"2025-08-01T12:23:09","slug":"la-france-gele-les-evacuations-de-gazaouis-le-temps-de-lenquete-sur-une-etudiante-accusee-de-propos-antisemites","status":"publish","type":"post","link":"https:\/\/www.europesays.com\/fr\/288988\/","title":{"rendered":"la France g\u00e8le les \u00e9vacuations de Gazaouis le temps de l&rsquo;enqu\u00eate sur une \u00e9tudiante accus\u00e9e de propos antis\u00e9mites"},"content":{"rendered":"<p class=\"article-p mdl\">\u00c0 la suite de la pol\u00e9mique concernant une \u00e9tudiante de Sciences Po Lille, tout juste arriv\u00e9e de Gaza et\u00a0accus\u00e9e de propos antis\u00e9mites sur les r\u00e9seaux sociaux, Jean-No\u00ebl Barrot,\u00a0ministre des Affaires \u00e9trang\u00e8res, a\u00a0annonc\u00e9 <strong>le gel temporaire des \u00e9vacuations de Gazaouis vers la France<\/strong>. Cela devrait durer le temps de l&rsquo;enqu\u00eate \u00e0 propos de la jeune femme.<\/p>\n<p class=\"article-p mdl\">\u00ab\u00a0Aucune op\u00e9ration de ce type, aucune \u00e9vacuation d&rsquo;aucune sorte ne se tiendra <strong>tant que nous n&rsquo;aurons pas tir\u00e9 les cons\u00e9quences de cette enqu\u00eate<\/strong>\u00ab\u00a0, a-t-il d\u00e9clar\u00e9 sur\u00a0<a class=\"link\" href=\"https:\/\/www.franceinfo.fr\/politique\/l-etudiante-gazaouie-accusee-de-propos-antisemites-doit-quitter-le-territoire-national-declare-le-ministre-des-affaires-etrangeres_7411582.html\" target=\"_blank\" rel=\"noopener\">Franceinfo<\/a>. Depuis le d\u00e9but de la guerre entre Isra\u00ebl et le Hamas, ils sont quelques centaines \u00e0 avoir \u00e9t\u00e9 accueilli en France. Parmi les profils de ses r\u00e9fugi\u00e9s on retrouve des palestiniens qui ont de la famille en France, d&rsquo;autres sont des universitaires ou des bless\u00e9s.<\/p>\n<p class=\"article-p mdl\">Le ministre l&rsquo;a assur\u00e9 : \u00ab\u00a0tous les profils qui sont entr\u00e9s en France vont faire l&rsquo;objet d&rsquo;une nouvelle v\u00e9rification\u00a0\u00bb. Jean-No\u00ebl Barrot tente ainsi d&rsquo;\u00e9teindre la pol\u00e9mique qui monte depuis trois jours sur les r\u00e9seaux sociaux. Des internautes et des \u00e9lus venant notamment de la droite et de l&rsquo;extr\u00eame droite mettent en cause le protocole de s\u00e9curit\u00e9 qui a conduit \u00e0 accueillir cette \u00e9tudiante,\u00a0malgr\u00e9 des messages antis\u00e9mites et des appels \u00e0 tuer les juifs sur les r\u00e9seaux sociaux. \u00ab\u00a0Il n&rsquo;y a pas de n\u00e9gligence, la vigilance est de tous les instants\u00a0\u00bb, a contest\u00e9 jeudi 30 juillet Fran\u00e7ois Bayrou.\u00a0<\/p>\n<p>            Une expulsion qui pourrait prendre plusieurs semaines<\/p>\n<p class=\"article-p mdl\">\u00c0 propos de\u00a0<a class=\"link\" href=\"https:\/\/www.rtl.fr\/actu\/debats-societe\/les-infos-de-6h-sciences-po-lille-annule-l-inscription-d-une-etudiante-gazaouie-apres-la-decouverte-de-messages-haineux-7900527091\" title=\"Les infos de 6h - Sciences Po Lille annule l\u2019inscription d\u2019une \u00e9tudiante gazaouie apr\u00e8s la d\u00e9couverte de messages haineux\" target=\"_blank\" rel=\"noopener\">la\u00a0jeune femme qui devait int\u00e9grer Sciences Po Lille \u00e0 la rentr\u00e9e<\/a>,\u00a0Jean-No\u00ebl Barrot estime qu&rsquo;<strong>elle<\/strong><strong>\u00a0<\/strong><strong>\u00ab\u00a0n&rsquo;a pas sa place en France\u00a0\u00bb et qu&rsquo;elle \u00ab\u00a0doit quitter le territoire national\u00a0\u00bb<\/strong>. Il a pr\u00e9cis\u00e9\u00a0que des discussions \u00e9taient \u00ab\u00a0en cours\u00a0\u00bb sur sa destination.<\/p>\n<p class=\"article-p mdl\">Des <strong>publications appelant \u00e0 tuer les juifs sur ses r\u00e9seaux sociaux<\/strong>, supprim\u00e9es depuis, ont \u00e9t\u00e9 d\u00e9couverts et cela a entra\u00een\u00e9 l&rsquo;annulation de son inscription \u00e0 l&rsquo;\u00e9cole, une enqu\u00eate judiciaire pour apologie du terrorisme, et une enqu\u00eate pour d\u00e9terminer pourquoi cela n&rsquo;avait pas \u00e9t\u00e9 d\u00e9tect\u00e9 en amont.\u00a0\u00ab\u00a0Les contr\u00f4les s\u00e9curitaires qui ont \u00e9t\u00e9 men\u00e9s par les services de l&rsquo;\u00c9tat comp\u00e9tents, ainsi que par les autorit\u00e9s isra\u00e9liennes, n&rsquo;ont pas permis de d\u00e9tecter ces propos antis\u00e9mites et inacceptables\u00a0\u00bb, a d\u00e9taill\u00e9 le ministre.<\/p>\n<p>    La r\u00e9daction vous recommande<\/p>\n<p class=\"s-newsletter__title\">\n                L\u2019actualit\u00e9 par la r\u00e9daction de RTL dans votre bo\u00eete mail.\n            <\/p>\n<p class=\"s-newsletter__subtitle\">\n                Gr\u00e2ce \u00e0 votre compte RTL abonnez-vous \u00e0 la newsletter RTL info pour suivre toute l&rsquo;actualit\u00e9 au quotidien\n            <\/p>\n<p>\n                                    Lire la suite\n                                <\/p>\n","protected":false},"excerpt":{"rendered":"\u00c0 la suite de la pol\u00e9mique concernant une \u00e9tudiante de Sciences Po Lille, tout juste arriv\u00e9e de Gaza&hellip;\n","protected":false},"author":2,"featured_media":255475,"comment_status":"","ping_status":"","sticky":false,"template":"","format":"standard","meta":{"footnotes":""},"categories":[2815],"tags":[1111,11,898,6155,1777,674,107,1011,27,665,811,1307,12,25],"class_list":{"0":"post-288988","1":"post","2":"type-post","3":"status-publish","4":"format-standard","5":"has-post-thumbnail","7":"category-lille","8":"tag-actu","9":"tag-actualites","10":"tag-alerte","11":"tag-antisemitisme","12":"tag-eu","13":"tag-europe","14":"tag-fil-info","15":"tag-fr","16":"tag-france","17":"tag-gaza","18":"tag-hauts-de-france","19":"tag-lille","20":"tag-news","21":"tag-republique-francaise"},"share_on_mastodon":{"url":"https:\/\/pubeurope.com\/@fr\/114953493110563993","error":""},"_links":{"self":[{"href":"https:\/\/www.europesays.com\/fr\/wp-json\/wp\/v2\/posts\/288988","targetHints":{"allow":["GET"]}}],"collection":[{"href":"https:\/\/www.europesays.com\/fr\/wp-json\/wp\/v2\/posts"}],"about":[{"href":"https:\/\/www.europesays.com\/fr\/wp-json\/wp\/v2\/types\/post"}],"author":[{"embeddable":true,"href":"https:\/\/www.europesays.com\/fr\/wp-json\/wp\/v2\/users\/2"}],"replies":[{"embeddable":true,"href":"https:\/\/www.europesays.com\/fr\/wp-json\/wp\/v2\/comments?post=288988"}],"version-history":[{"count":0,"href":"https:\/\/www.europesays.com\/fr\/wp-json\/wp\/v2\/posts\/288988\/revisions"}],"wp:featuredmedia":[{"embeddable":true,"href":"https:\/\/www.europesays.com\/fr\/wp-json\/wp\/v2\/media\/255475"}],"wp:attachment":[{"href":"https:\/\/www.europesays.com\/fr\/wp-json\/wp\/v2\/media?parent=288988"}],"wp:term":[{"taxonomy":"category","embeddable":true,"href":"https:\/\/www.europesays.com\/fr\/wp-json\/wp\/v2\/categories?post=288988"},{"taxonomy":"post_tag","embeddable":true,"href":"https:\/\/www.europesays.com\/fr\/wp-json\/wp\/v2\/tags?post=288988"}],"curies":[{"name":"wp","href":"https:\/\/api.w.org\/{rel}","templated":true}]}}