{"id":288995,"date":"2025-08-01T12:27:12","date_gmt":"2025-08-01T12:27:12","guid":{"rendered":"https:\/\/www.europesays.com\/fr\/288995\/"},"modified":"2025-08-01T12:27:12","modified_gmt":"2025-08-01T12:27:12","slug":"des-visites-insolites-ce-week-end","status":"publish","type":"post","link":"https:\/\/www.europesays.com\/fr\/288995\/","title":{"rendered":"des visites insolites ce week-end"},"content":{"rendered":"<p>Pendant les vacances d\u2019\u00e9t\u00e9, le mus\u00e9e Lugdunum propose des visites atypiques. Ce dimanche 3\u00a0ao\u00fbt \u00e0 15 heures, il propose par exemple aux plus jeunes (d\u00e8s 7 ans, pr\u00e9sence d\u2019un adulte obligatoire) de se lancer \u00ab\u00a0sur les traces d\u2019un cuisinier\u00a0\u00bb. Pendant 1\u00a0h\u00a015, il s\u2019agit de d\u00e9couvrir ce que mangeaient les Romains, comment ils mangeaient, quels aromates ils utilisaient,\u00a0etc. Ce samedi 2\u00a0ao\u00fbt, une visite similaire se focalise sur les vacances \u00e0 la romaine.<\/p>\n<p class=\"note\">Les 2 et 3\u00a0ao\u00fbt \u00e0 15 heures, entr\u00e9e 4\u00a0euros (billet d\u2019entr\u00e9e en plus), r\u00e9servation obligatoire. <a href=\"https:\/\/lugdunum.grandlyon.com\/fr\" target=\"_blank\" rel=\"nofollow noopener\">https:\/\/lugdunum.grandlyon.com\/fr<\/a><\/p>\n","protected":false},"excerpt":{"rendered":"Pendant les vacances d\u2019\u00e9t\u00e9, le mus\u00e9e Lugdunum propose des visites atypiques. Ce dimanche 3\u00a0ao\u00fbt \u00e0 15 heures, il&hellip;\n","protected":false},"author":2,"featured_media":288996,"comment_status":"","ping_status":"","sticky":false,"template":"","format":"standard","meta":{"footnotes":""},"categories":[1889],"tags":[1111,11,2430,1687,2757,1777,674,1011,27,2428,2756,12,25],"class_list":{"0":"post-288995","1":"post","2":"type-post","3":"status-publish","4":"format-standard","5":"has-post-thumbnail","7":"category-lyon","8":"tag-actu","9":"tag-actualites","10":"tag-auvergne-rhone-alpes","11":"tag-culture-loisirs","12":"tag-edition-lyon-villeurbanne","13":"tag-eu","14":"tag-europe","15":"tag-fr","16":"tag-france","17":"tag-lyon","18":"tag-lyon-bassin","19":"tag-news","20":"tag-republique-francaise"},"share_on_mastodon":{"url":"https:\/\/pubeurope.com\/@fr\/114953508866464469","error":""},"_links":{"self":[{"href":"https:\/\/www.europesays.com\/fr\/wp-json\/wp\/v2\/posts\/288995","targetHints":{"allow":["GET"]}}],"collection":[{"href":"https:\/\/www.europesays.com\/fr\/wp-json\/wp\/v2\/posts"}],"about":[{"href":"https:\/\/www.europesays.com\/fr\/wp-json\/wp\/v2\/types\/post"}],"author":[{"embeddable":true,"href":"https:\/\/www.europesays.com\/fr\/wp-json\/wp\/v2\/users\/2"}],"replies":[{"embeddable":true,"href":"https:\/\/www.europesays.com\/fr\/wp-json\/wp\/v2\/comments?post=288995"}],"version-history":[{"count":0,"href":"https:\/\/www.europesays.com\/fr\/wp-json\/wp\/v2\/posts\/288995\/revisions"}],"wp:featuredmedia":[{"embeddable":true,"href":"https:\/\/www.europesays.com\/fr\/wp-json\/wp\/v2\/media\/288996"}],"wp:attachment":[{"href":"https:\/\/www.europesays.com\/fr\/wp-json\/wp\/v2\/media?parent=288995"}],"wp:term":[{"taxonomy":"category","embeddable":true,"href":"https:\/\/www.europesays.com\/fr\/wp-json\/wp\/v2\/categories?post=288995"},{"taxonomy":"post_tag","embeddable":true,"href":"https:\/\/www.europesays.com\/fr\/wp-json\/wp\/v2\/tags?post=288995"}],"curies":[{"name":"wp","href":"https:\/\/api.w.org\/{rel}","templated":true}]}}