{"id":289001,"date":"2025-08-01T12:30:17","date_gmt":"2025-08-01T12:30:17","guid":{"rendered":"https:\/\/www.europesays.com\/fr\/289001\/"},"modified":"2025-08-01T12:30:17","modified_gmt":"2025-08-01T12:30:17","slug":"le-mari-de-la-victime-a-ete-mis-en-examen-pour-homicide-volontaire-et-place-en-detention-provisoire","status":"publish","type":"post","link":"https:\/\/www.europesays.com\/fr\/289001\/","title":{"rendered":"le mari de la victime a \u00e9t\u00e9 mis en examen pour homicide volontaire et plac\u00e9 en d\u00e9tention provisoire"},"content":{"rendered":"<p class=\"article__intro\">Le principal suspect, un septuag\u00e9naire, s\u2019est rendu au commissariat mercredi. Il a avou\u00e9 avoir \u00e9touff\u00e9 son \u00e9pouse pendant la nuit, dans leur appartement situ\u00e9 \u00e0 Juan-les-Pins.<\/p>\n<p>\n      La Quotidienne Soci\u00e9t\u00e9\n    <\/p>\n<p>\n      De la vie quotidienne aux grands enjeux, recevez tous les jours les sujets qui font la soci\u00e9t\u00e9 locale, comme la justice, l\u2019\u00e9ducation, la sant\u00e9 et la famille.\n    <\/p>\n<p>    France T\u00e9l\u00e9visions utilise votre adresse e-mail afin de vous envoyer la newsletter \u00ab\u00a0La Quotidienne Soci\u00e9t\u00e9\u00a0\u00bb. Vous pouvez vous d\u00e9sinscrire \u00e0 tout moment via le lien en bas de cette newsletter. <a target=\"_blank\" href=\"https:\/\/www.francetelevisions.fr\/groupe\/confidentialite\/politique-de-confidentialite\/politique-de-confidentialite-de-france-televisions-6503\" rel=\"nofollow noopener\">Notre politique de confidentialit\u00e9<\/a><\/p>\n<p>Le corps de la victime a \u00e9t\u00e9 retrouv\u00e9 mercredi 30 juillet au matin dans un appartement de Juan-les-Pins, un quartier d&rsquo;Antibes (Alpes-Maritimes). Son mari, n\u00e9 en 1947, s\u2019est rendu le matin-m\u00eame au commissariat, vers 7 heures du matin, d\u00e9clarant avoir \u00ab\u00a0\u00e9touff\u00e9 dans la nuit son \u00e9pouse\u00a0\u00bb, selon le parquet de Grasse en charge de l\u2019affaire.<\/p>\n<p>La police s\u2019est alors rendue au domicile du couple et a trouv\u00e9 le corps sans vie d&rsquo;une femme, allong\u00e9e sur un lit, le visage masqu\u00e9 par un coussin.<\/p>\n<p><a data-article-figure=\"\" href=\"https:\/\/france3-regions.franceinfo.fr\/image\/mXCgIFZNxtseDxNZJHSv7Tn_Yx0\/4032x3024\/regions\/2025\/08\/01\/whatsapp-image-2025-08-01-at-11-13-27-688c909c87839036726226.jpg\" data-pswp-width=\"4032\" data-pswp-height=\"3024\" target=\"_blank\" rel=\"nofollow noopener\"><\/p>\n<p>          <img width=\"600\" height=\"400\" class=\"article-image lazy\" data-src=\"https:\/\/www.europesays.com\/fr\/wp-content\/uploads\/2025\/08\/whatsapp-image-2025-08-01-at-11-13-27-688c909c87839036726226.jpg\" alt=\"Le corps de la victime a \u00e9t\u00e9 retrouv\u00e9 dans cet appartement de Juan-les-Pins.\" fetchpriority=\"high\" as=\"image\"\/><\/p>\n<p>\n            Le corps de la victime a \u00e9t\u00e9 retrouv\u00e9 dans cet appartement de Juan-les-Pins.<br \/>\n                           \u2022<br \/>\n                                      \u00a9 Anne LE HARS\/FTV\n                      <\/p>\n<p><\/a><\/p>\n<p>Les premiers examens r\u00e9alis\u00e9s par le m\u00e9decin l\u00e9giste ont conclu \u00e0 un probable d\u00e9c\u00e8s par asphyxie.<\/p>\n<p>Une enqu\u00eate a imm\u00e9diatement \u00e9t\u00e9 ouverte pour homicide volontaire par conjoint et le mis en cause a \u00e9t\u00e9 plac\u00e9 en garde \u00e0 vue. La piste du f\u00e9minicide se confirme.<\/p>\n<p>L\u2019examen psychiatrique du septuag\u00e9naire a conclu \u00e0 une l\u00e9g\u00e8re alt\u00e9ration du discernement, sans abolition.<\/p>\n<p>Ce jeudi matin, il a \u00e9t\u00e9 d\u00e9f\u00e9r\u00e9 au parquet de Grasse en vue de l\u2019ouverture d\u2019une information judiciaire et de son placement en d\u00e9tention provisoire a \u00e9t\u00e9 requis.<\/p>\n<p><a data-article-figure=\"\" href=\"https:\/\/france3-regions.franceinfo.fr\/image\/0im2yc3JxXIaZILGVFBglgyWOf0\/4032x3024\/regions\/2025\/08\/01\/whatsapp-image-2025-08-01-at-11-15-25-688c9112a790e297441225.jpg\" data-pswp-width=\"4032\" data-pswp-height=\"3024\" target=\"_blank\" rel=\"nofollow noopener\"><\/p>\n<p>          <img width=\"600\" height=\"400\" class=\"article-image lazy\" data-src=\"https:\/\/www.europesays.com\/fr\/wp-content\/uploads\/2025\/08\/whatsapp-image-2025-08-01-at-11-15-25-688c9112a790e297441225.jpg\" alt=\"C'est au dernier \u00e9tage de cet immeuble d'Antibes qu'a eu lieu le meurtre.\" fetchpriority=\"high\" as=\"image\"\/><\/p>\n<p>\n            C&rsquo;est au dernier \u00e9tage de cet immeuble d&rsquo;Antibes qu&rsquo;a eu lieu le meurtre.<br \/>\n                           \u2022<br \/>\n                                      \u00a9 Anne LE HARS\/FTV\n                      <\/p>\n<p><\/a><\/p>\n<p>L\u2019int\u00e9ress\u00e9 \u00e9tait d\u00e9j\u00e0 connu des services de police pour des suspicions d\u2019\u00e9tranglement \u00e0 l\u2019\u00e9gard de sa femme et un tir de gomme-cogne (arme tirant des balles en caoutchouc), datant de juillet 2023. Il avait alors \u00e9t\u00e9 hospitalis\u00e9 et plac\u00e9 en Ehpad en ao\u00fbt 2023. \u00ab\u00a0La proc\u00e9dure avait \u00e9t\u00e9 class\u00e9e sans suite au motif d\u2019une irresponsabilit\u00e9 p\u00e9nale, le rapport d\u2019expertise concluant \u00e0 l\u2019abolition de son discernement au moment des faits\u00a0\u00bb, pr\u00e9cise le Procureur de la R\u00e9publique.<\/p>\n","protected":false},"excerpt":{"rendered":"Le principal suspect, un septuag\u00e9naire, s\u2019est rendu au commissariat mercredi. Il a avou\u00e9 avoir \u00e9touff\u00e9 son \u00e9pouse pendant&hellip;\n","protected":false},"author":2,"featured_media":289002,"comment_status":"","ping_status":"","sticky":false,"template":"","format":"standard","meta":{"footnotes":""},"categories":[1888],"tags":[1111,1928,11,1927,1777,674,1011,27,12,1926,626,1925,25],"class_list":{"0":"post-289001","1":"post","2":"type-post","3":"status-publish","4":"format-standard","5":"has-post-thumbnail","7":"category-paris","8":"tag-actu","9":"tag-actu-paris","10":"tag-actualites","11":"tag-actualites-paris","12":"tag-eu","13":"tag-europe","14":"tag-fr","15":"tag-france","16":"tag-news","17":"tag-news-paris","18":"tag-paris","19":"tag-paris-news","20":"tag-republique-francaise"},"share_on_mastodon":{"url":"https:\/\/pubeurope.com\/@fr\/114953520613254055","error":""},"_links":{"self":[{"href":"https:\/\/www.europesays.com\/fr\/wp-json\/wp\/v2\/posts\/289001","targetHints":{"allow":["GET"]}}],"collection":[{"href":"https:\/\/www.europesays.com\/fr\/wp-json\/wp\/v2\/posts"}],"about":[{"href":"https:\/\/www.europesays.com\/fr\/wp-json\/wp\/v2\/types\/post"}],"author":[{"embeddable":true,"href":"https:\/\/www.europesays.com\/fr\/wp-json\/wp\/v2\/users\/2"}],"replies":[{"embeddable":true,"href":"https:\/\/www.europesays.com\/fr\/wp-json\/wp\/v2\/comments?post=289001"}],"version-history":[{"count":0,"href":"https:\/\/www.europesays.com\/fr\/wp-json\/wp\/v2\/posts\/289001\/revisions"}],"wp:featuredmedia":[{"embeddable":true,"href":"https:\/\/www.europesays.com\/fr\/wp-json\/wp\/v2\/media\/289002"}],"wp:attachment":[{"href":"https:\/\/www.europesays.com\/fr\/wp-json\/wp\/v2\/media?parent=289001"}],"wp:term":[{"taxonomy":"category","embeddable":true,"href":"https:\/\/www.europesays.com\/fr\/wp-json\/wp\/v2\/categories?post=289001"},{"taxonomy":"post_tag","embeddable":true,"href":"https:\/\/www.europesays.com\/fr\/wp-json\/wp\/v2\/tags?post=289001"}],"curies":[{"name":"wp","href":"https:\/\/api.w.org\/{rel}","templated":true}]}}