{"id":289003,"date":"2025-08-01T12:31:16","date_gmt":"2025-08-01T12:31:16","guid":{"rendered":"https:\/\/www.europesays.com\/fr\/289003\/"},"modified":"2025-08-01T12:31:16","modified_gmt":"2025-08-01T12:31:16","slug":"marquinhos-bien-parti-pour-rester-au-psg","status":"publish","type":"post","link":"https:\/\/www.europesays.com\/fr\/289003\/","title":{"rendered":"Marquinhos bien parti pour rester au PSG"},"content":{"rendered":"<p>Malgr\u00e9 une concurrence probablement accrue \u00e0 son poste, le capitaine br\u00e9silien a choisi de rester \u00e0 Paris pour une 13e saison.<\/p>\n<p class=\"fig-paragraph\">Fin du vrai-faux suspense. Depuis plusieurs semaines, l\u2019avenir de Marquinhos faisait d\u00e9bat. Arriv\u00e9 au club en 2013, le capitaine br\u00e9silien du PSG aurait pu se laisser tenter par un nouveau d\u00e9fi. D\u2019autant que le club est visiblement d\u00e9cid\u00e9 \u00e0 lui mettre dans les pattes\u00a0<a href=\"http:\/\/www.lefigaro.fr\/sports\/football\/transferts\/le-psg-accelere-sur-zabarnyi-lyon-cible-un-nouveau-gardien-les-5-infos-mercato-de-ce-mardi-20250729\" data-fig-type=\"NewsFlash\" data-gtm-custom-categorie=\"navigation\" data-gtm-custom-action=\"crossclick\" data-gtm-custom-label=\"Contextuel\" data-gtm-event=\"customEventSPE\" data-fig-domain=\"LEFIGARO\" target=\"_blank\" rel=\"noopener\">le jeune (22 ans) d\u00e9fenseur international ukrainien (49 s\u00e9lections, 3 buts) Illya Zabarnyi (Bournemouth)<\/a>. Un joueur pour lequel Paris devra d\u00e9bourser pas loin de 70 M\u20ac\u2026 Toujours est-il que \u00abMarqui\u00bb, sous contrat jusqu\u2019en 2028, n\u2019a pas l\u2019intention d\u2019aller voir ailleurs.<\/p>\n<p class=\"fig-paragraph\">Comme le rapporte\u00a0<a href=\"https:\/\/www.lequipe.fr\/Football\/Article\/Piece-importante-de-l-effectif-coupe-du-monde-dans-le-viseur-pourquoi-marquinhos-a-decide-de-rester-au-psg\/1582245\" target=\"_blank\" rel=\"sponsored noopener\" data-gtm-custom-categorie=\"navigation\" data-gtm-custom-action=\"crossclick\" data-gtm-custom-label=\"Contextuel\" data-gtm-event=\"customEventSPE\">L\u2019\u00c9quipe<\/a>, Marquinhos a d\u00e9cid\u00e9 de rester sur les bords de la Seine malgr\u00e9 de riches propositions en provenance du Golfe. Et ce m\u00eame si \u00able club a commenc\u00e9 \u00e0 pr\u00e9parer l\u2019avenir (et que) son leadership a parfois \u00e9t\u00e9 questionn\u00e9 en haut lieu\u00bb, glissent nos confr\u00e8res, pr\u00e9cisant que \u00abson \u00e9tat d\u2019esprit et son investissement sont jug\u00e9s exemplaires\u00bb au sein du club. Luis Enrique, lui, n\u2019a jamais eu \u00e0 s\u2019en plaindre. Et il couche d\u2019ailleurs toujours le nom de l\u2019international br\u00e9silien (99 s\u00e9lections, 7 buts) sur la feuille de match pour les grands rendez-vous, notamment en Ligue des champions. \u00c0 voir ce qu\u2019il en sera avec l\u2019arriv\u00e9e probable de Zabarnyi. \u00abIl conna\u00eet les r\u00e8gles du jeu \u00e9dict\u00e9es par Luis Enrique et il les accepte\u00bb, analyse-t-on \u00e0 L\u2019\u00c9quipe.<\/p>\n<blockquote class=\"fig-quote&#10;    \">\n<p class=\"fig-quote__text\">J\u2019ai encore beaucoup \u00e0 donner \u00e0 cette \u00e9quipe.<\/p>\n<p>            Marquinhos\n    <\/p><\/blockquote>\n<p>                                    <a class=\"fig-a11y-skip a11y-hidden\" href=\"#fig-a11y-skip-main-inarticle\"><br \/>\n        Passer la publicit\u00e9<br \/>\n    <\/a><\/p>\n<p class=\"fig-paragraph\">Malgr\u00e9 le sacre en C1, l\u2019aboutissement d\u2019une vie, Marquinhos estime donc que son histoire \u00e0 Paris n\u2019est pas termin\u00e9e. Pas tr\u00e8s surprenant quand on se souvient de ce qu\u2019il disait avant\u00a0<a href=\"http:\/\/www.lefigaro.fr\/sports\/football\/coupe-de-france\/coupe-de-france-le-ticket-barcola-doue-inspire-neves-omnipresent-diouf-surnage-les-notes-de-la-finale-psg-reims-20250524\" data-fig-type=\"NewsFlash\" data-gtm-custom-categorie=\"navigation\" data-gtm-custom-action=\"crossclick\" data-gtm-custom-label=\"Contextuel\" data-gtm-event=\"customEventSPE\" data-fig-domain=\"LEFIGARO\" target=\"_blank\" rel=\"noopener\">la finale de Coupe de France contre Reims (3-0)<\/a>. \u00abJ\u2019ai tellement d\u2019amour et d\u2019admiration pour ce club, je donnerai mon maximum \u00e0 chaque match. Et apr\u00e8s, s\u2019ils pensent que ce n\u2019est plus le moment pour Marquinhos d\u2019\u00eatre au PSG, \u00e7a arrivera un jour\u2026 Mais j\u2019aurai toujours une grande admiration et beaucoup d\u2019amour. Toutes les ann\u00e9es pass\u00e9es ici, m\u00eame si ce n\u2019\u00e9tait pas toujours le meilleur, j\u2019ai toujours donn\u00e9 le maximum\u00bb.\u00a0<a href=\"http:\/\/www.lefigaro.fr\/sports\/football\/transferts\/mercato-j-ai-encore-beaucoup-a-donner-a-cette-equipe-l-appel-du-pied-de-marquinhos-au-psg-20250523\" data-fig-type=\"NewsFlash\" data-gtm-custom-categorie=\"navigation\" data-gtm-custom-action=\"crossclick\" data-gtm-custom-label=\"Contextuel\" data-gtm-event=\"customEventSPE\" data-fig-domain=\"LEFIGARO\" target=\"_blank\" rel=\"noopener\">Et d\u2019ajouter<\/a>\u00a0: \u00abJe pense que j\u2019ai encore beaucoup \u00e0 donner \u00e0 cette \u00e9quipe\u00bb. A priori, les dirigeants le pensent aussi, ils n\u2019ont pas pouss\u00e9 pour l\u2019exfiltrer.<\/p>\n<p class=\"fig-paragraph\">Joueur le plus titr\u00e9 de l\u2019histoire du club (1 Ligue des champions, 10 titres de champion, 8 Coupes de France, 6 Coupes de la Ligue et 9 Troph\u00e9es des champions), Marquinhos a rejoint le Paris Saint-Germain en 2013, apr\u00e8s une saison \u00e0 la Roma. Il d\u00e9tient d\u00e9j\u00e0 de nombreux records, comme celui du nombre de matchs disput\u00e9s en Rouge et Bleu (491 matchs, 41 buts). Record qui a longtemps appartenu \u00e0 Jean-Marc Pilorget, qui est toujours le seul recordman en termes de long\u00e9vit\u00e9 avec ses 13 saisons \u00e0 Paris. Plus pour tr\u00e8s longtemps, \u00abMarqui\u00bb \u00e9tant appel\u00e9 \u00e0 l\u2019\u00e9galer lors de la saison 2025-26.<\/p>\n<p class=\"fig-paragraph\"><strong>\u00c0 VOIR AUSSI &#8211; <\/strong>Mercato\u00a0: dans les coulisses de l\u2019arriv\u00e9e de Luis D\u00edaz au FC Bayern Munich<\/p>\n","protected":false},"excerpt":{"rendered":"Malgr\u00e9 une concurrence probablement accrue \u00e0 son poste, le capitaine br\u00e9silien a choisi de rester \u00e0 Paris pour&hellip;\n","protected":false},"author":2,"featured_media":289004,"comment_status":"","ping_status":"","sticky":false,"template":"","format":"standard","meta":{"footnotes":""},"categories":[1888],"tags":[1111,1928,11,1927,1777,674,1011,27,791,12,1926,626,1925,93,25],"class_list":{"0":"post-289003","1":"post","2":"type-post","3":"status-publish","4":"format-standard","5":"has-post-thumbnail","7":"category-paris","8":"tag-actu","9":"tag-actu-paris","10":"tag-actualites","11":"tag-actualites-paris","12":"tag-eu","13":"tag-europe","14":"tag-fr","15":"tag-france","16":"tag-marquinhos","17":"tag-news","18":"tag-news-paris","19":"tag-paris","20":"tag-paris-news","21":"tag-psg","22":"tag-republique-francaise"},"share_on_mastodon":{"url":"https:\/\/pubeurope.com\/@fr\/114953524577417021","error":""},"_links":{"self":[{"href":"https:\/\/www.europesays.com\/fr\/wp-json\/wp\/v2\/posts\/289003","targetHints":{"allow":["GET"]}}],"collection":[{"href":"https:\/\/www.europesays.com\/fr\/wp-json\/wp\/v2\/posts"}],"about":[{"href":"https:\/\/www.europesays.com\/fr\/wp-json\/wp\/v2\/types\/post"}],"author":[{"embeddable":true,"href":"https:\/\/www.europesays.com\/fr\/wp-json\/wp\/v2\/users\/2"}],"replies":[{"embeddable":true,"href":"https:\/\/www.europesays.com\/fr\/wp-json\/wp\/v2\/comments?post=289003"}],"version-history":[{"count":0,"href":"https:\/\/www.europesays.com\/fr\/wp-json\/wp\/v2\/posts\/289003\/revisions"}],"wp:featuredmedia":[{"embeddable":true,"href":"https:\/\/www.europesays.com\/fr\/wp-json\/wp\/v2\/media\/289004"}],"wp:attachment":[{"href":"https:\/\/www.europesays.com\/fr\/wp-json\/wp\/v2\/media?parent=289003"}],"wp:term":[{"taxonomy":"category","embeddable":true,"href":"https:\/\/www.europesays.com\/fr\/wp-json\/wp\/v2\/categories?post=289003"},{"taxonomy":"post_tag","embeddable":true,"href":"https:\/\/www.europesays.com\/fr\/wp-json\/wp\/v2\/tags?post=289003"}],"curies":[{"name":"wp","href":"https:\/\/api.w.org\/{rel}","templated":true}]}}