{"id":289007,"date":"2025-08-01T12:33:17","date_gmt":"2025-08-01T12:33:17","guid":{"rendered":"https:\/\/www.europesays.com\/fr\/289007\/"},"modified":"2025-08-01T12:33:17","modified_gmt":"2025-08-01T12:33:17","slug":"geronimo-rulli-pense-que-lom-peut-concurrencer-paris-en-ligue-1-france-marseille","status":"publish","type":"post","link":"https:\/\/www.europesays.com\/fr\/289007\/","title":{"rendered":"Ger\u00f3nimo Rulli pense que l\u2019OM peut concurrencer Paris en Ligue 1 &#8211; France &#8211; Marseille"},"content":{"rendered":"<p>Autant de flair que Geronimo Stilton.<\/p>\n<p>\u00c0 deux semaines du retour de la Ligue 1, Ger\u00f3nimo Rulli a \u00e9voqu\u00e9 les ambitions de l\u2019Olympique de Marseille en vu de la prochaine saison.\u00a0<a target=\"_blank\" href=\"https:\/\/www.marca.com\/radio\/2025\/07\/31\/rulli-sincera-sobre-pasado-real-me-hubiese-encantado-cambiar-muchas-cosas.html\" rel=\"nofollow noopener\">Invit\u00e9 au micro de Radio Marca<\/a> ce jeudi soir, <strong>le portier de l\u2019OM a tout d\u2019abord reconnu la sup\u00e9riorit\u00e9 de Paris Saint-Germain dans le championnat<\/strong>\u00a0avant d\u2019indiquer que \u00ab\u202fs\u2019il y a une \u00e9quipe qui peut rivaliser avec le PSG, c\u2019est bien nous.\u00bb\u00a0La saison derni\u00e8re, les Phoc\u00e9ens\u00a0avaient termin\u00e9 19 points derri\u00e8re le club de la capitale. Un gap monumental que Rulli et sa bande <strong>tenteront de r\u00e9duire en 2025-2026.<\/strong><\/p>\n<p>\u00ab\u202fDe Zerbi ? La meilleure recrue de l\u2019ann\u00e9e\u202f\u00bb<\/p>\n<p><strong>Pour\u00a0concurrencer Paris en haut du classement<\/strong>, Pablo Longoria et Medhi Benatia comptent notamment sur le recrutement r\u00e9cent de <a target=\"_blank\" href=\"https:\/\/www.sofoot.com\/articles\/cinq-bonnes-raisons-de-se-rejouir-du-retour-daubameyang-a-lom\" rel=\"nofollow noopener\">Pierre Emerick-Aubameyang.<\/a>\u00a0<strong>Une arriv\u00e9e accueillie \u00e0 bras ouvert<\/strong> par le gardien argentin : \u00ab\u202fIl\u00a0nous apportera forc\u00e9ment dans la finition\u00a0\u00bb.\u202f Enfin, Ger\u00f3nimo Rulli\u00a0a \u00e9galement eu des mots bleus pour son entra\u00eeneur Roberto De Zerbi. \u00ab\u202fC\u2019est la meilleure recrue de l\u2019ann\u00e9e derni\u00e8re. Son arriv\u00e9e a \u00e9t\u00e9 d\u00e9terminante pour changer la mentalit\u00e9 de l\u2019\u00e9quipe.\u202f\u00bb<\/p>\n<p>Suffisant pour titiller le PSG au sommet de la Ligue 1 ?<\/p>\n<p>\t\t\t\t\t\t\t\t\t\t<a class=\"lien-connexe\" href=\"https:\/\/www.sofoot.com\/articles\/ligue-1-neymar-a-lom-le-genre-dutopie-a-laquelle-on-a-envie-de-croire\" rel=\"nofollow noopener\" target=\"_blank\">Neymar \u00e0 l\u2019OM\u202f: le droit de r\u00eaver<\/a>\t\t\t\t\t<\/p>\n","protected":false},"excerpt":{"rendered":"Autant de flair que Geronimo Stilton. \u00c0 deux semaines du retour de la Ligue 1, Ger\u00f3nimo Rulli a&hellip;\n","protected":false},"author":2,"featured_media":289008,"comment_status":"","ping_status":"","sticky":false,"template":"","format":"standard","meta":{"footnotes":""},"categories":[1888],"tags":[47,11,61,69,65,64,1777,674,63,1011,27,68,66,12,62,626,70,25,67],"class_list":{"0":"post-289007","1":"post","2":"type-post","3":"status-publish","4":"format-standard","5":"has-post-thumbnail","7":"category-paris","8":"tag-actualite","9":"tag-actualites","10":"tag-actus-football","11":"tag-bundesliga","12":"tag-championnats-europeens","13":"tag-equipe-de-france","14":"tag-eu","15":"tag-europe","16":"tag-football","17":"tag-fr","18":"tag-france","19":"tag-ligua","20":"tag-ligue-1","21":"tag-news","22":"tag-news-foot","23":"tag-paris","24":"tag-premier-league","25":"tag-republique-francaise","26":"tag-serie-a"},"share_on_mastodon":{"url":"https:\/\/pubeurope.com\/@fr\/114953532617661574","error":""},"_links":{"self":[{"href":"https:\/\/www.europesays.com\/fr\/wp-json\/wp\/v2\/posts\/289007","targetHints":{"allow":["GET"]}}],"collection":[{"href":"https:\/\/www.europesays.com\/fr\/wp-json\/wp\/v2\/posts"}],"about":[{"href":"https:\/\/www.europesays.com\/fr\/wp-json\/wp\/v2\/types\/post"}],"author":[{"embeddable":true,"href":"https:\/\/www.europesays.com\/fr\/wp-json\/wp\/v2\/users\/2"}],"replies":[{"embeddable":true,"href":"https:\/\/www.europesays.com\/fr\/wp-json\/wp\/v2\/comments?post=289007"}],"version-history":[{"count":0,"href":"https:\/\/www.europesays.com\/fr\/wp-json\/wp\/v2\/posts\/289007\/revisions"}],"wp:featuredmedia":[{"embeddable":true,"href":"https:\/\/www.europesays.com\/fr\/wp-json\/wp\/v2\/media\/289008"}],"wp:attachment":[{"href":"https:\/\/www.europesays.com\/fr\/wp-json\/wp\/v2\/media?parent=289007"}],"wp:term":[{"taxonomy":"category","embeddable":true,"href":"https:\/\/www.europesays.com\/fr\/wp-json\/wp\/v2\/categories?post=289007"},{"taxonomy":"post_tag","embeddable":true,"href":"https:\/\/www.europesays.com\/fr\/wp-json\/wp\/v2\/tags?post=289007"}],"curies":[{"name":"wp","href":"https:\/\/api.w.org\/{rel}","templated":true}]}}