{"id":289009,"date":"2025-08-01T12:34:10","date_gmt":"2025-08-01T12:34:10","guid":{"rendered":"https:\/\/www.europesays.com\/fr\/289009\/"},"modified":"2025-08-01T12:34:10","modified_gmt":"2025-08-01T12:34:10","slug":"la-russie-une-reelle-menace-pour-leurope-dici-cinq-ans-selon-le-chef-detat-major-de-larmee-francaise","status":"publish","type":"post","link":"https:\/\/www.europesays.com\/fr\/289009\/","title":{"rendered":"La Russie, \u00ab\u00a0une r\u00e9elle menace\u00a0\u00bb pour l\u2019Europe d\u2019ici cinq ans, selon le chef d\u2019\u00e9tat-major de l\u2019arm\u00e9e fran\u00e7aise"},"content":{"rendered":"<p class=\"paragraph text_align_left lp-f-body-02\">C\u2019est une sortie alarmante du chef de la Grande Muette, <a href=\"https:\/\/www.leparisien.fr\/politique\/armees-thierry-burkhard-un-chef-detat-major-sur-le-depart-22-07-2025-3PISARXOPBGA3KORAFL3ISBT3M.php\" target=\"_self\" rel=\"nofollow noopener\">Thierry Burkhard<\/a>, sur l\u2019ampleur des menaces russes contre l\u2019Occident.<\/p>\n<p class=\"paragraph text_align_left lp-f-body-02\">Apr\u00e8s avoir indiqu\u00e9 il y a quelques semaines que le Kremlin avait fait de la France <a href=\"https:\/\/www.leparisien.fr\/international\/le-kremlin-a-fait-de-nous-une-cible-prioritaire-met-en-garde-le-chef-detat-major-des-armees-francais-11-07-2025-NKLGULIX7FBUREKSXI3F6FOJWM.php\" target=\"_self\" rel=\"nofollow noopener\">\u00ab une cible prioritaire \u00bb<\/a> et que Moscou avait d\u00e9j\u00e0 men\u00e9 des op\u00e9rations cyber contre l\u2019Europe, le g\u00e9n\u00e9ral, <a href=\"https:\/\/www.leparisien.fr\/politique\/jai-une-ame-de-combattant-qui-est-fabien-mandon-le-nouveau-chef-detat-major-des-armees-23-07-2025-HQGKGYIGLZAATJTGMNZKYLTVPY.php\" target=\"_self\" rel=\"nofollow noopener\">qui quittera son poste le 1er septembre<\/a>, a rappel\u00e9 \u00e0 nouveau jeudi dans un entretien avec <a href=\"https:\/\/www.economist.com\/europe\/2025\/07\/31\/frances-top-general-says-russia-could-attack-in-five-years\" target=\"_self\" rel=\"nofollow noopener\">The Economist<\/a> les capacit\u00e9s de nuisance dont pourrait disposer la Russie dans les prochaines ann\u00e9es.<\/p>\n<p class=\"paragraph text_align_left lp-f-body-02\">Selon lui, d\u00e8s 2030, \u00ab la <a href=\"https:\/\/www.leparisien.fr\/international\/ukraine\/guerre-en-ukraine-volodymyr-zelensky-appelle-le-monde-a-un-changement-de-regime-en-russie-31-07-2025-KERJYN33PFDHLBT33ECCARIL4A.php\" target=\"_self\" rel=\"nofollow noopener\">Russie<\/a> disposera \u00e0 nouveau des moyens de repr\u00e9senter une menace militaire pour les pays occidentaux, et en particulier pour les pays europ\u00e9ens \u00bb.<\/p>\n<p class=\"paragraph text_align_left lp-f-body-02\">Depuis plusieurs mois maintenant, <a href=\"https:\/\/www.leparisien.fr\/high-tech\/assez-alarmant-ce-que-lon-sait-de-lattaque-informatique-qui-paralyse-laeroport-de-moscou-28-07-2025-E7KDGOIAQRGILCM4URJR2SKJ7M.php\" target=\"_self\" rel=\"nofollow noopener\">Moscou<\/a> se r\u00e9arme. Selon les services de renseignement ukrainiens, le Kremlin compte m\u00eame investir plus de 1 000 milliards de dollars en armement d\u2019ici 2036 pour faire face \u00e0 une \u00e9ventuelle guerre \u00e0 grande \u00e9chelle.<\/p>\n<p class=\"paragraph text_align_left lp-f-body-02\">Pour Thierry Burkhard, ce choix strat\u00e9gique coupl\u00e9 \u00e0 <a href=\"https:\/\/www.leparisien.fr\/international\/guerre-en-ukraine-loffensive-dete-prend-corps-pourquoi-la-russie-menace-la-region-de-dnipropetrovsk-09-06-2025-DJUIVO5CAVBBXH4IVNOOQLY3ME.php\" target=\"_self\" rel=\"nofollow noopener\">l\u2019exp\u00e9rience de combat acquise en Ukraine<\/a> et aux capacit\u00e9s d\u2019endurance russes rend la menace encore plus pr\u00e9gnante. Dans un conflit, le peuple russe survivra \u00ab cinq minutes de plus que nous \u00bb estime le g\u00e9n\u00e9ral.<\/p>\n<p>\u00ab La France ne peut pas lutter seule contre la Russie \u00bb<\/p>\n<p class=\"paragraph text_align_left lp-f-body-02\">Pour lui, il est donc n\u00e9cessaire que les forces europ\u00e9ennes coop\u00e8rent entre elles pour faire face \u00e0 la Russie, d\u2019autant plus avec <a href=\"https:\/\/www.leparisien.fr\/international\/etats-unis\/donald-trump-menace-dun-retrait-des-etats-unis-de-lotan-08-12-2024-4SIK5XWBOBEBXCPSSMCVYIPYIM.php\" target=\"_self\" rel=\"nofollow noopener\">le retrait annonc\u00e9 des \u00c9tats-Unis de l\u2019OTAN<\/a>.<\/p>\n<p class=\"paragraph text_align_left lp-f-body-02\">Les arm\u00e9es europ\u00e9ennes devront faire plus avec moins \u00ab en prenant plus de risques et en \u00e9tant plus man\u0153uvrables \u00bb pr\u00e9cise-t-il, \u00e9cartant pour le moment les solutions individuelles. \u00ab La France ne peut pas lutter seule contre la Russie \u00bb, estime Thierry Burkhard. Elle doit s\u2019appuyer sur <a href=\"https:\/\/www.leparisien.fr\/international\/etats-unis\/menaces-de-donald-trump-contre-lotan-nous-devons-renforcer-le-pilier-europeen-de-lalliance-03-03-2024-W6LT7ZWXFFHHXPU76YJ3TGPJDE.php\" target=\"_self\" rel=\"nofollow noopener\">le \u00ab pilier europ\u00e9en de l\u2019OTAN \u00bb<\/a> qui r\u00e9unit les gouvernements fran\u00e7ais, britanniques et allemands.<\/p>\n<p class=\"paragraph text_align_left lp-f-body-02\">Autre n\u00e9cessit\u00e9 pour le chef d\u2019\u00e9tat-major, s\u2019adapter aux \u00e9volutions des m\u00e9thodes de guerre, aux <a href=\"https:\/\/www.leparisien.fr\/international\/ukraine\/guerre-en-ukraine-un-drone-leurre-devenu-explosif-cest-quoi-le-gerbera-cette-arme-russe-en-plastique-qui-epuise-kiev-01-08-2025-COW7PIJLS5DO7B6EGRJIBUC3GA.php\" target=\"_self\" rel=\"nofollow noopener\">drones<\/a>, au cyber et aux armes de haute technologie est devenu vital.<\/p>\n<p class=\"paragraph text_align_left lp-f-body-02\">Pour Thierry Burkhard, il faut aussi <a href=\"https:\/\/www.leparisien.fr\/politique\/pour-etre-craint-il-faut-etre-puissant-macron-sonne-la-mobilisation-generale-dans-son-discours-aux-armees-13-07-2025-743GCHTJ2FC75AS5WCCRLMDGUU.php\" target=\"_self\" rel=\"nofollow noopener\">renforcer l\u2019arsenal militaire fran\u00e7ais <\/a>en achetant des armes moins on\u00e9reuses. Le g\u00e9n\u00e9ral conclut m\u00eame en faisant une analogie avec le secteur automobile. \u00ab On a besoin de Ferrari de temps en temps, mais on ne gagnera pas la guerre avec des Ferrari \u00bb.<\/p>\n","protected":false},"excerpt":{"rendered":"C\u2019est une sortie alarmante du chef de la Grande Muette, Thierry Burkhard, sur l\u2019ampleur des menaces russes contre&hellip;\n","protected":false},"author":2,"featured_media":289010,"comment_status":"","ping_status":"","sticky":false,"template":"","format":"standard","meta":{"footnotes":""},"categories":[1591],"tags":[11,1887,14,12,1885,1886,132],"class_list":{"0":"post-289009","1":"post","2":"type-post","3":"status-publish","4":"format-standard","5":"has-post-thumbnail","7":"category-russie","8":"tag-actualites","9":"tag-federation-de-russie","10":"tag-international","11":"tag-news","12":"tag-russia","13":"tag-russian-federation","14":"tag-russie"},"share_on_mastodon":{"url":"https:\/\/pubeurope.com\/@fr\/114953536376900143","error":""},"_links":{"self":[{"href":"https:\/\/www.europesays.com\/fr\/wp-json\/wp\/v2\/posts\/289009","targetHints":{"allow":["GET"]}}],"collection":[{"href":"https:\/\/www.europesays.com\/fr\/wp-json\/wp\/v2\/posts"}],"about":[{"href":"https:\/\/www.europesays.com\/fr\/wp-json\/wp\/v2\/types\/post"}],"author":[{"embeddable":true,"href":"https:\/\/www.europesays.com\/fr\/wp-json\/wp\/v2\/users\/2"}],"replies":[{"embeddable":true,"href":"https:\/\/www.europesays.com\/fr\/wp-json\/wp\/v2\/comments?post=289009"}],"version-history":[{"count":0,"href":"https:\/\/www.europesays.com\/fr\/wp-json\/wp\/v2\/posts\/289009\/revisions"}],"wp:featuredmedia":[{"embeddable":true,"href":"https:\/\/www.europesays.com\/fr\/wp-json\/wp\/v2\/media\/289010"}],"wp:attachment":[{"href":"https:\/\/www.europesays.com\/fr\/wp-json\/wp\/v2\/media?parent=289009"}],"wp:term":[{"taxonomy":"category","embeddable":true,"href":"https:\/\/www.europesays.com\/fr\/wp-json\/wp\/v2\/categories?post=289009"},{"taxonomy":"post_tag","embeddable":true,"href":"https:\/\/www.europesays.com\/fr\/wp-json\/wp\/v2\/tags?post=289009"}],"curies":[{"name":"wp","href":"https:\/\/api.w.org\/{rel}","templated":true}]}}