{"id":289011,"date":"2025-08-01T12:35:12","date_gmt":"2025-08-01T12:35:12","guid":{"rendered":"https:\/\/www.europesays.com\/fr\/289011\/"},"modified":"2025-08-01T12:35:12","modified_gmt":"2025-08-01T12:35:12","slug":"une-mere-ukrainienne-pleure-son-fils-de-10-ans-tue-par-une-frappe-russe","status":"publish","type":"post","link":"https:\/\/www.europesays.com\/fr\/289011\/","title":{"rendered":"une m\u00e8re ukrainienne pleure son fils de 10 ans, tu\u00e9 par une frappe russe"},"content":{"rendered":"<p>Il avait insist\u00e9 aupr\u00e8s de sa maman\u00a0: il voulait aller voir sa grand-m\u00e8re \u00e0 <a href=\"https:\/\/www.parismatch.com\/Actu\/International\/Guerre-en-Ukraine-une-attaque-sur-la-gare-de-Kramatorsk-fait-39-morts-1799153\" rel=\"nofollow noopener\" target=\"_blank\" data-ylk=\"slk:Kramatorsk;elm:context_link;itc:0;sec:content-canvas\" class=\"link \">Kramatorsk<\/a>. Alors Nastya a accept\u00e9 sa demande. Les deux ont fait plusieurs heures de train depuis <a href=\"https:\/\/www.parismatch.com\/dossiers\/guerre-en-ukraine\" rel=\"nofollow noopener\" target=\"_blank\" data-ylk=\"slk:Kiev;elm:context_link;itc:0;sec:content-canvas\" class=\"link \">Kiev<\/a> pour passer quelques jours en famille. Mais leur vie a bascul\u00e9 le 22\u00a0juillet dernier. Dans la nuit, des missiles russes se sont abattus sur cette ville du sud-est de l\u2019Ukraine. L\u2019un d\u2019eux est tomb\u00e9 sur la barre d\u2019immeuble o\u00f9 logeait\u00a0Tymur Hryhorenko, 10\u00a0ans. L\u2019impact a d\u00e9truit totalement le lieu et le jeune gar\u00e7on est mort des suites de ses blessures.<\/p>\n<p>Aupr\u00e8s de <a href=\"https:\/\/edition.cnn.com\/2025\/07\/31\/europe\/ukraine-child-killed-russian-airstrike-latam-intl\" rel=\"nofollow noopener\" target=\"_blank\" data-ylk=\"slk:CNN;elm:context_link;itc:0;sec:content-canvas\" class=\"link \">CNN<\/a>, sa m\u00e8re, qui a perdu son mari au front deux ans plus t\u00f4t, crie son chagrin. \u00ab\u00a0\u00c0 ce moment pr\u00e9cis, je n\u2019\u00e9tais malheureusement pas \u00e0 la maison. Je ne sais pas pourquoi ni comment, ni quelles forces m\u2019ont \u00e9loign\u00e9e de chez moi. Mais j\u2019aurais d\u00fb \u00eatre avec lui. Et je m\u2019en veux beaucoup\u00a0\u00bb, a-t-elle regrett\u00e9.<\/p>\n<p>\u00ab\u00a0J\u2019ai pri\u00e9 Dieu de lui redonner la vie\u00a0\u00bb<\/p>\n<p>Une vid\u00e9o publi\u00e9e par les services d\u2019urgence de Donetsk montre le corps inerte et ensanglant\u00e9 du jeune gar\u00e7on en train d\u2019\u00eatre r\u00e9anim\u00e9 sur le sol, devant l\u2019appartement en ruine. Sa m\u00e8re l\u2019avait laiss\u00e9 cette nuit-l\u00e0 chez sa grand-m\u00e8re, mais s\u2019est pr\u00e9cipit\u00e9e sur les lieux.<\/p>\n<p>\u00ab\u00a0J\u2019avais comme un souffle d\u2019espoir. Un des soldats est sorti et a dit qu\u2019il avait un pouls et qu\u2019ils le r\u00e9animaient. Et pendant ces 40 minutes, pendant qu\u2019ils lui pompaient la poitrine, j\u2019ai pri\u00e9 Dieu de lui redonner la vie. Mais le miracle n\u2019a pas eu lieu\u00a0\u00bb, s\u2019est rem\u00e9mor\u00e9 Nastya.<\/p>\n<p>Malheureusement \u00e0 ce moment-l\u00e0, la m\u00e8re de f&#8230;<\/p>\n<p><a href=\"https:\/\/www.parismatch.com\/actu\/international\/jaurais-du-etre-avec-lui-une-mere-ukrainienne-pleure-son-fils-de-10-ans-tue-par-un-frappe-russe-255066?at_medium=affiliate&amp;at_campaign=Yahoo\" rel=\"nofollow noopener\" target=\"_blank\" data-ylk=\"slk:Lire la suite sur ParisMatch;elm:context_link;itc:0;sec:content-canvas\" class=\"link \">Lire la suite sur ParisMatch<\/a><\/p>\n","protected":false},"excerpt":{"rendered":"Il avait insist\u00e9 aupr\u00e8s de sa maman\u00a0: il voulait aller voir sa grand-m\u00e8re \u00e0 Kramatorsk. Alors Nastya a&hellip;\n","protected":false},"author":2,"featured_media":289012,"comment_status":"","ping_status":"","sticky":false,"template":"","format":"standard","meta":{"footnotes":""},"categories":[1590],"tags":[11,1777,674,17600,17306,12,42813,220],"class_list":{"0":"post-289011","1":"post","2":"type-post","3":"status-publish","4":"format-standard","5":"has-post-thumbnail","7":"category-ukraine","8":"tag-actualites","9":"tag-eu","10":"tag-europe","11":"tag-grand-mere","12":"tag-les-deux","13":"tag-news","14":"tag-prie-dieu","15":"tag-ukraine"},"share_on_mastodon":{"url":"https:\/\/pubeurope.com\/@fr\/114953540335220799","error":""},"_links":{"self":[{"href":"https:\/\/www.europesays.com\/fr\/wp-json\/wp\/v2\/posts\/289011","targetHints":{"allow":["GET"]}}],"collection":[{"href":"https:\/\/www.europesays.com\/fr\/wp-json\/wp\/v2\/posts"}],"about":[{"href":"https:\/\/www.europesays.com\/fr\/wp-json\/wp\/v2\/types\/post"}],"author":[{"embeddable":true,"href":"https:\/\/www.europesays.com\/fr\/wp-json\/wp\/v2\/users\/2"}],"replies":[{"embeddable":true,"href":"https:\/\/www.europesays.com\/fr\/wp-json\/wp\/v2\/comments?post=289011"}],"version-history":[{"count":0,"href":"https:\/\/www.europesays.com\/fr\/wp-json\/wp\/v2\/posts\/289011\/revisions"}],"wp:featuredmedia":[{"embeddable":true,"href":"https:\/\/www.europesays.com\/fr\/wp-json\/wp\/v2\/media\/289012"}],"wp:attachment":[{"href":"https:\/\/www.europesays.com\/fr\/wp-json\/wp\/v2\/media?parent=289011"}],"wp:term":[{"taxonomy":"category","embeddable":true,"href":"https:\/\/www.europesays.com\/fr\/wp-json\/wp\/v2\/categories?post=289011"},{"taxonomy":"post_tag","embeddable":true,"href":"https:\/\/www.europesays.com\/fr\/wp-json\/wp\/v2\/tags?post=289011"}],"curies":[{"name":"wp","href":"https:\/\/api.w.org\/{rel}","templated":true}]}}