{"id":289018,"date":"2025-08-01T12:39:10","date_gmt":"2025-08-01T12:39:10","guid":{"rendered":"https:\/\/www.europesays.com\/fr\/289018\/"},"modified":"2025-08-01T12:39:10","modified_gmt":"2025-08-01T12:39:10","slug":"leurope-peut-elle-vraiment-riposter-en-taxant-les-services-numeriques","status":"publish","type":"post","link":"https:\/\/www.europesays.com\/fr\/289018\/","title":{"rendered":"l\u2019Europe peut-elle vraiment riposter en taxant les services num\u00e9riques\u202f?"},"content":{"rendered":"<p><strong>D\u00c9CRYPTAGE &#8211;<\/strong> Alors que Bercy appelle \u00e0 \u00abassumer le rapport de force\u00bb dans les n\u00e9gociations avec Washington, la taxation des services num\u00e9riques risque de rester un v\u0153u pieux.<\/p>\n<p class=\"fig-paragraph\">\u00abSi la volont\u00e9 de Donald Trump \u00e9tait de r\u00e9\u00e9quilibrer la balance des biens, il n\u2019y a pas de tabou \u00e0 avoir sur la balance des services \u00e9galement\u00bb. Mercredi, depuis Bercy, le ministre d\u00e9l\u00e9gu\u00e9 au Commerce, Laurent Saint-Martin, a exhort\u00e9 \u00e0 \u00abassumer le rapport de force\u00bb dans les n\u00e9gociations en cours entre Bruxelles et Washington.\u00a0<a href=\"http:\/\/www.lefigaro.fr\/conjoncture\/droits-de-douane-un-accord-commercial-au-gout-amer-pour-les-europeens-20250728\" data-fig-type=\"Article\" data-gtm-custom-categorie=\"navigation\" data-gtm-custom-action=\"crossclick\" data-gtm-custom-label=\"Contextuel\" data-gtm-event=\"customEventSPE\" data-fig-domain=\"LEFIGARO\" target=\"_blank\" rel=\"noopener\">L\u2019accord annonc\u00e9 dimanche<\/a>\u00a0impose, sans contrepartie, 15\u202f% de taxes sur les produits europ\u00e9ens entrant aux \u00c9tats-Unis, ainsi que des engagements massifs d\u2019achats de gaz et de p\u00e9trole am\u00e9ricains. En r\u00e9ponse, le ministre invite \u00e0 mettre sur la table un \u00e9l\u00e9ment que\u00a0<a href=\"http:\/\/www.lefigaro.fr\/conjoncture\/ce-n-est-pas-un-soulagement-les-exportateurs-bresiliens-sonnes-par-la-surtaxe-politique-et-punitive-de-50-de-donald-trump-20250731\" data-fig-type=\"Article\" data-gtm-custom-categorie=\"navigation\" data-gtm-custom-action=\"crossclick\" data-gtm-custom-label=\"Contextuel\" data-gtm-event=\"customEventSPE\" data-fig-domain=\"LEFIGARO\" target=\"_blank\" rel=\"noopener\">Donald Trump\u00a0<\/a>se garde bien d\u2019\u00e9voquer lorsqu\u2019il d\u00e9nonce le d\u00e9ficit commercial avec l\u2019UE\u00a0: la balance des services, largement favorable aux \u00c9tats-Unis gr\u00e2ce au num\u00e9rique. L\u2019Europe pourrait-elle riposter en taxant les services num\u00e9riques am\u00e9ricains\u00a0?<\/p>\n<p class=\"fig-premium-paywall__infos\">\n        Cet article est r\u00e9serv\u00e9 aux abonn\u00e9s.        Il vous reste 88% \u00e0 d\u00e9couvrir.\n    <\/p>\n<p>                <img  data- alt=\"Le Figaro\" class=\"fig-img--complete fig-img\"\/><\/p>\n<p class=\"fig-premium-paywall__title\">Vous avez envie de lire la suite ?<\/p>\n<p class=\"fig-premium-paywall__subtitle\">D\u00e9bloquez tous les articles imm\u00e9diatement.<\/p>\n<p class=\"fig-premium-paywall__connect\">\n                D\u00e9j\u00e0 abonn\u00e9\u00a0?                <a class=\"fig-premium-paywall__connect-link\" href=\"https:\/\/connect.lefigaro.fr\/login?client=horizon_web&amp;type=main&amp;redirect_uri=https%3A%2F%2Fwww.lefigaro.fr%2Fconjoncture%2Fdroits-de-douane-l-europe-peut-elle-vraiment-riposter-en-taxant-les-services-numeriques-20250801\" data-js-gtm=\"{&quot;customCategorie&quot;: &quot;conversion&quot;, &quot;customAction&quot;: &quot;before_Landing_Connexion_paywall_manuel&quot;, &quot;customLabel&quot;: &quot;bGVmaWdhcm8uZnJfXzFmMDZlNTg3LWI0OTItNjQ3Yy05OTRkLTlkNzYyMDRlYzRlN19fQXJ0aWNsZQ==_Droits de douane\u00a0: l\u2019Europe peut-elle vraiment riposter en taxant les services num\u00e9riques\u00a0?_1559&quot;, &quot;customIDSPE&quot;: &quot;bGVmaWdhcm8uZnJfXzFmMDZlNTg3LWI0OTItNjQ3Yy05OTRkLTlkNzYyMDRlYzRlN19fQXJ0aWNsZQ==&quot;, &quot;event&quot;: &quot;customEventSPE&quot;}\" target=\"_blank\" rel=\"noopener\"><br \/>\n                    Connectez-vous<br \/>\n                <\/a>\n            <\/p>\n","protected":false},"excerpt":{"rendered":"D\u00c9CRYPTAGE &#8211; Alors que Bercy appelle \u00e0 \u00abassumer le rapport de force\u00bb dans les n\u00e9gociations avec Washington, la&hellip;\n","protected":false},"author":2,"featured_media":289019,"comment_status":"","ping_status":"","sticky":false,"template":"","format":"standard","meta":{"footnotes":""},"categories":[1586],"tags":[11,981,1777,674,1011,27,12,4125,25],"class_list":{"0":"post-289018","1":"post","2":"type-post","3":"status-publish","4":"format-standard","5":"has-post-thumbnail","7":"category-europe","8":"tag-actualites","9":"tag-douane","10":"tag-eu","11":"tag-europe","12":"tag-fr","13":"tag-france","14":"tag-news","15":"tag-numerique","16":"tag-republique-francaise"},"share_on_mastodon":{"url":"https:\/\/pubeurope.com\/@fr\/114953556023316391","error":""},"_links":{"self":[{"href":"https:\/\/www.europesays.com\/fr\/wp-json\/wp\/v2\/posts\/289018","targetHints":{"allow":["GET"]}}],"collection":[{"href":"https:\/\/www.europesays.com\/fr\/wp-json\/wp\/v2\/posts"}],"about":[{"href":"https:\/\/www.europesays.com\/fr\/wp-json\/wp\/v2\/types\/post"}],"author":[{"embeddable":true,"href":"https:\/\/www.europesays.com\/fr\/wp-json\/wp\/v2\/users\/2"}],"replies":[{"embeddable":true,"href":"https:\/\/www.europesays.com\/fr\/wp-json\/wp\/v2\/comments?post=289018"}],"version-history":[{"count":0,"href":"https:\/\/www.europesays.com\/fr\/wp-json\/wp\/v2\/posts\/289018\/revisions"}],"wp:featuredmedia":[{"embeddable":true,"href":"https:\/\/www.europesays.com\/fr\/wp-json\/wp\/v2\/media\/289019"}],"wp:attachment":[{"href":"https:\/\/www.europesays.com\/fr\/wp-json\/wp\/v2\/media?parent=289018"}],"wp:term":[{"taxonomy":"category","embeddable":true,"href":"https:\/\/www.europesays.com\/fr\/wp-json\/wp\/v2\/categories?post=289018"},{"taxonomy":"post_tag","embeddable":true,"href":"https:\/\/www.europesays.com\/fr\/wp-json\/wp\/v2\/tags?post=289018"}],"curies":[{"name":"wp","href":"https:\/\/api.w.org\/{rel}","templated":true}]}}