{"id":289022,"date":"2025-08-01T12:41:13","date_gmt":"2025-08-01T12:41:13","guid":{"rendered":"https:\/\/www.europesays.com\/fr\/289022\/"},"modified":"2025-08-01T12:41:13","modified_gmt":"2025-08-01T12:41:13","slug":"maintenant-avec-une-douleur-immense-et-le-coeur-brise-je-dois-constater-ce-quil-se-passe-devant-mes-yeux-un-genocide-liberation","status":"publish","type":"post","link":"https:\/\/www.europesays.com\/fr\/289022\/","title":{"rendered":"\u00abMaintenant, avec une douleur immense et le c\u0153ur bris\u00e9, je dois constater ce qu\u2019il se passe devant mes yeux, un g\u00e9nocide\u00bb \u2013 Lib\u00e9ration"},"content":{"rendered":"<p class=\"sc-ksZaOG ehjQrN text-element\">Apr\u00e8s ce qu\u2019il a lu dans les journaux, apr\u00e8s <a href=\"https:\/\/www.liberation.fr\/checknews\/non-liberation-na-pas-utilise-une-photo-du-yemen-datant-de-2016-pour-illustrer-la-famine-a-gaza-20250725_X36OZXAZ4NEXHI6226ETDF4XL4\/\" target=\"_blank\" rel=\"noreferrer noopener\" title=\"https:\/\/www.liberation.fr\/checknews\/non-liberation-na-pas-utilise-une-photo-du-yemen-datant-de-2016-pour-illustrer-la-famine-a-gaza-20250725_X36OZXAZ4NEXHI6226ETDF4XL4\/\">les images<\/a> qu\u2019il a fait d\u00e9filer devant ses yeux, et apr\u00e8s avoir \u00e9chang\u00e9 avec des personnes qui ont \u00e9t\u00e9 sur place, le terme s\u2019impose. \u00abG\u00e9nocide.\u00bb Dans une interview accord\u00e9e au quotidien italien <a href=\"https:\/\/www.repubblica.it\/esteri\/2025\/07\/31\/news\/grossman_intervista_scrittore_israeliano_gaza_guerra-424764877\/\" target=\"_blank\" rel=\"noreferrer noopener\" title=\"https:\/\/www.repubblica.it\/esteri\/2025\/07\/31\/news\/grossman_intervista_scrittore_israeliano_gaza_guerra-424764877\/\">la Repubblica<\/a>, le c\u00e9l\u00e8bre \u00e9crivain isra\u00e9lien <a href=\"https:\/\/www.liberation.fr\/idees-et-debats\/il-ny-a-pas-dissue-mais-devons-nous-vraiment-desesperer-par-david-grossman-20241005_XHZOQLLB3JBO3LLLSHMDRHBYYA\/?redirected=1\" target=\"_blank\" rel=\"noreferrer noopener\" title=\"https:\/\/www.liberation.fr\/idees-et-debats\/il-ny-a-pas-dissue-mais-devons-nous-vraiment-desesperer-par-david-grossman-20241005_XHZOQLLB3JBO3LLLSHMDRHBYYA\/?redirected=1\">David Grossman<\/a> \u2013 dont les \u0153uvres ont \u00e9t\u00e9 traduites en de nombreuses langues, dont le fran\u00e7ais, l\u2019anglais ou l\u2019italien \u2013 affirme que \u00abs\u2019il a refus\u00e9 pendant des ann\u00e9es d\u2019utiliser ce terme\u00bb, il ne peut aujourd\u2019hui \u00abpas s\u2019emp\u00eacher de l\u2019utiliser\u00bb pour qualifier la <a href=\"https:\/\/www.liberation.fr\/idees-et-debats\/tribunes\/nous-ne-pouvons-plus-nous-contenter-du-mot-horreur-il-faut-aujourdhui-nommer-le-genocide-a-gaza-par-300-ecrivains-20250526_WFXWVJRLRJA75GOZE5PHCQCNJI\/\" target=\"_blank\" rel=\"noreferrer noopener\" title=\"https:\/\/www.liberation.fr\/idees-et-debats\/tribunes\/nous-ne-pouvons-plus-nous-contenter-du-mot-horreur-il-faut-aujourdhui-nommer-le-genocide-a-gaza-par-300-ecrivains-20250526_WFXWVJRLRJA75GOZE5PHCQCNJI\/\">situation dans la bande de Gaza.<\/a><\/p>\n<p class=\"sc-ksZaOG ehjQrN text-element\">Il affirme avoir le devoir de \u00abconstater ce qu\u2019il se passe sous [ses] yeux, avec une douleur immense et le c\u0153ur bris\u00e9\u00bb. Et ce m\u00eame si le terme de \u00abg\u00e9nocide\u00bb est \u00abavalancheux\u00bb, car \u00abune fois prononc\u00e9, il ne fait que cro\u00eetre comme une avalanche, et il apporte plus de destruction et de souffrance\u00bb. \u00abJe veux parler comme une personne qui a fait tout ce qu\u2019elle pouvait pour ne pas en arriver \u00e0 qualifier Isra\u00ebl d\u2019Etat g\u00e9nocidaire\u00bb, poursuit le militant de la gauche pacifiste isra\u00e9lienne \u00e2g\u00e9 de 71\u00a0ans.<\/p>\n<p class=\"sc-ksZaOG ehjQrN text-element\">Selon lui, \u00abla mal\u00e9diction d\u2019Isra\u00ebl trouve son origine dans l\u2019occupation des territoires palestiniens en\u00a01967\u00bb. \u00abNous sommes devenus tr\u00e8s forts militairement et nous sommes tomb\u00e9s dans la tentation g\u00e9n\u00e9r\u00e9e par notre pouvoir absolu et l\u2019id\u00e9e que nous pouvons tout faire [\u2026] L\u2019occupation nous a corrompus\u00bb, d\u00e9plore-t-il.<\/p>\n<p class=\"sc-ksZaOG ehjQrN text-element\">David Grossman soutient alors aupr\u00e8s du quotidien italien \u00eatre \u00ab<a href=\"https:\/\/www.liberation.fr\/idees-et-debats\/la-solution-a-deux-etats-il-faut-limposer-y-compris-a-travers-des-sanctions-pour-faire-plier-les-israeliens-20250620_JG5HVOCHTZDNXAH6KBLR3VAJFM\/\" target=\"_blank\" rel=\"noreferrer noopener\" title=\"https:\/\/www.liberation.fr\/idees-et-debats\/la-solution-a-deux-etats-il-faut-limposer-y-compris-a-travers-des-sanctions-pour-faire-plier-les-israeliens-20250620_JG5HVOCHTZDNXAH6KBLR3VAJFM\/\">profond\u00e9ment attach\u00e9 \u00e0 l\u2019id\u00e9e de deux Etats,<\/a> principalement parce [qu\u2019il n\u2019y voit pas] d\u2019alternative\u00bb. Et de compl\u00e9ter\u00a0: \u00abCe sera complexe et les Palestiniens et nous-m\u00eames devrons nous comporter de mani\u00e8re politiquement m\u00fbre face aux attaques qui ne manqueront pas de se produire. Mais il n\u2019y a pas d\u2019autre plan.\u00bb<\/p>\n<p class=\"sc-ksZaOG ehjQrN text-element\">Dans la suite de cet entretien, l\u2019\u00e9crivain isra\u00e9lien salue aussi la r\u00e9cente annonce d\u2019Emmanuel Macron que <a href=\"https:\/\/www.liberation.fr\/international\/moyen-orient\/macron-et-la-reconnaissance-de-la-palestine-itineraire-dun-premier-pas-20250725_H6WRPHW43BDRBAP5RHELPMMX2I\/\" target=\"_blank\" rel=\"noreferrer noopener\" title=\"https:\/\/www.liberation.fr\/international\/moyen-orient\/macron-et-la-reconnaissance-de-la-palestine-itineraire-dun-premier-pas-20250725_H6WRPHW43BDRBAP5RHELPMMX2I\/\">la France reconnaitrait l\u2019Etat de Palestine en septembre<\/a>. \u00abUne bonne id\u00e9e\u00bb, juge David Grossman, qui indique ne pas comprendre \u00abl\u2019hyst\u00e9rie\u00bb d\u00e9clench\u00e9e sur le sol isra\u00e9lien par cette d\u00e9claration. <a href=\"https:\/\/www.liberation.fr\/international\/moyen-orient\/reconnaissance-de-letat-de-palestine-pour-netanyahou-macron-recompense-la-terreur-le-hamas-appelle-dautres-etats-a-suivre-paris-20250725_HUHIOZXXFVFLTOH2KJOEMYTWBI\/\" target=\"_blank\" rel=\"noreferrer noopener\" title=\"https:\/\/www.liberation.fr\/international\/moyen-orient\/reconnaissance-de-letat-de-palestine-pour-netanyahou-macron-recompense-la-terreur-le-hamas-appelle-dautres-etats-a-suivre-paris-20250725_HUHIOZXXFVFLTOH2KJOEMYTWBI\/\">Pour Benyamin N\u00e9tanyahou notamment<\/a>, la d\u00e9cision d\u2019Emmanuel Macron \u00abr\u00e9compense la terreur\u00bb et constitue une menace existentielle pour Isra\u00ebl.<\/p>\n<p class=\"sc-ksZaOG ehjQrN text-element\">Au contraire, pour l\u2019\u00e9crivain, \u00able fait d\u2019avoir affaire \u00e0 un v\u00e9ritable Etat, avec des obligations r\u00e9elles, et non \u00e0 une entit\u00e9 ambigu\u00eb comme l\u2019Autorit\u00e9 palestinienne, aura peut-\u00eatre ses avantages\u00bb. Mais cette reconnaissance, qui va \u00e0 contre-courant du gouvernement isra\u00e9lien, doit \u00eatre \u00absoumise \u00e0 des conditions tr\u00e8s pr\u00e9cises\u00bb\u00a0: \u00abPas d\u2019armes\u00bb, et des \u00abgaranties d\u2019\u00e9lections transparentes\u00bb, conclut-il.<\/p>\n","protected":false},"excerpt":{"rendered":"Apr\u00e8s ce qu\u2019il a lu dans les journaux, apr\u00e8s les images qu\u2019il a fait d\u00e9filer devant ses yeux,&hellip;\n","protected":false},"author":2,"featured_media":289023,"comment_status":"","ping_status":"","sticky":false,"template":"","format":"standard","meta":{"footnotes":""},"categories":[2],"tags":[11,1011,27,3517,664,3523,12,25],"class_list":{"0":"post-289022","1":"post","2":"type-post","3":"status-publish","4":"format-standard","5":"has-post-thumbnail","7":"category-actualites","8":"tag-actualites","9":"tag-fr","10":"tag-france","11":"tag-gaza-l-escalade","12":"tag-israel","13":"tag-israel-palestine-conflit","14":"tag-news","15":"tag-republique-francaise"},"share_on_mastodon":{"url":"https:\/\/pubeurope.com\/@fr\/114953563925807132","error":""},"_links":{"self":[{"href":"https:\/\/www.europesays.com\/fr\/wp-json\/wp\/v2\/posts\/289022","targetHints":{"allow":["GET"]}}],"collection":[{"href":"https:\/\/www.europesays.com\/fr\/wp-json\/wp\/v2\/posts"}],"about":[{"href":"https:\/\/www.europesays.com\/fr\/wp-json\/wp\/v2\/types\/post"}],"author":[{"embeddable":true,"href":"https:\/\/www.europesays.com\/fr\/wp-json\/wp\/v2\/users\/2"}],"replies":[{"embeddable":true,"href":"https:\/\/www.europesays.com\/fr\/wp-json\/wp\/v2\/comments?post=289022"}],"version-history":[{"count":0,"href":"https:\/\/www.europesays.com\/fr\/wp-json\/wp\/v2\/posts\/289022\/revisions"}],"wp:featuredmedia":[{"embeddable":true,"href":"https:\/\/www.europesays.com\/fr\/wp-json\/wp\/v2\/media\/289023"}],"wp:attachment":[{"href":"https:\/\/www.europesays.com\/fr\/wp-json\/wp\/v2\/media?parent=289022"}],"wp:term":[{"taxonomy":"category","embeddable":true,"href":"https:\/\/www.europesays.com\/fr\/wp-json\/wp\/v2\/categories?post=289022"},{"taxonomy":"post_tag","embeddable":true,"href":"https:\/\/www.europesays.com\/fr\/wp-json\/wp\/v2\/tags?post=289022"}],"curies":[{"name":"wp","href":"https:\/\/api.w.org\/{rel}","templated":true}]}}