{"id":289034,"date":"2025-08-01T12:49:11","date_gmt":"2025-08-01T12:49:11","guid":{"rendered":"https:\/\/www.europesays.com\/fr\/289034\/"},"modified":"2025-08-01T12:49:11","modified_gmt":"2025-08-01T12:49:11","slug":"espargaro-reclame-des-wild-cards-a-ktm-pour-que-son-role-soit-pertinent","status":"publish","type":"post","link":"https:\/\/www.europesays.com\/fr\/289034\/","title":{"rendered":"Espargar\u00f3 r\u00e9clame des wild-cards \u00e0 KTM pour que son r\u00f4le soit pertinent"},"content":{"rendered":"<p>KTM a droit \u00e0 un total de six wild-cards par saison, comme tous les constructeurs figurant dans les <a href=\"https:\/\/fr.motorsport.com\/motogp\/news\/concessions-calcul-categories-deuxieme-moitie-2025\/10743929\/\" rel=\"nofollow noopener\" target=\"_blank\">cat\u00e9gories C et D des concessions<\/a>. Pour autant, la marque autrichienne a pr\u00e9f\u00e9r\u00e9 y renoncer cette ann\u00e9e en raison des difficult\u00e9s financi\u00e8res qu&rsquo;elle traverse. <a href=\"https:\/\/fr.motorsport.com\/driver\/pol-espargaro\/94345\/\" target=\"_blank\" rel=\"noopener nofollow\">Pol Espargar\u00f3<\/a>, \u00e0 qui on avait promis des courses r\u00e9guli\u00e8rement et en a finalement disput\u00e9 trois en 2024, et <a href=\"https:\/\/fr.motorsport.com\/driver\/dani-pedrosa\/92566\/\" target=\"_blank\" rel=\"noopener nofollow\">Dani Pedrosa<\/a>, align\u00e9 au GP d&rsquo;Espagne l&rsquo;an pass\u00e9, assument donc leur r\u00f4le de pilote d&rsquo;essais sans se confronter \u00e0 la comp\u00e9tition.<\/p>\n<p>Espargar\u00f3 a n\u00e9anmoins \u00e9t\u00e9 amen\u00e9 \u00e0 disputer le GP de R\u00e9publique tch\u00e8que afin de remplacer <a href=\"https:\/\/fr.motorsport.com\/driver\/maverick-vinales\/96553\/\" target=\"_blank\" rel=\"noopener nofollow\">Maverick Vi\u00f1ales<\/a>, bless\u00e9 \u00e0 l&rsquo;\u00e9paule. Le Catalan, \u00e9cart\u00e9 de son r\u00f4le de titulaire sans l&rsquo;avoir v\u00e9ritablement souhait\u00e9 fin 2023, a confi\u00e9 sa joie de renouer avec la comp\u00e9tition. \u00ab\u00a0Oui, \u00e7a me manque\u00a0\u00bb, a-t-il reconnu au cours d&rsquo;un week-end qui l&rsquo;a vu marquer des points. \u00ab\u00a0La course me manque, c&rsquo;est s\u00fbr. J&rsquo;aime faire des courses, je suis un comp\u00e9titeur, pas juste un pilote d&rsquo;essais. Je pense que j&rsquo;ai encore une certaine vitesse.\u00a0\u00bb<\/p>\n<p>\u00ab\u00a0C&rsquo;est important de faire des courses\u00a0\u00bb, a insist\u00e9 Espargar\u00f3.\u00a0\u00ab\u00a0Je fais partie des gars qui pensent qu&rsquo;une course ne sert pas juste \u00e0 se montrer, surtout pour moi. Peut-\u00eatre que mon fr\u00e8re [<a href=\"https:\/\/fr.motorsport.com\/driver\/aleix-espargaro\/90382\/\" target=\"_blank\" rel=\"noopener nofollow\">Aleix Espargar\u00f3<\/a>, pilote d&rsquo;essais chez Honda], Dani ou un autre ne ressentent pas \u00e7a, mais je sens que je peux encore \u00eatre un peu performant.\u00a0\u00bb<\/p>\n<p>Lire aussi :<\/p>\n<p>Espargar\u00f3 n&rsquo;esp\u00e8re pas faire des courses uniquement pour d\u00e9montrer sa pointe de vitesse, mais aussi pour entretenir cette derni\u00e8re et \u00eatre capable de r\u00e9aliser des performances dignes des titulaires lors de ses essais en solitaire. Il pense ainsi pouvoir apporter une contribution plus utile \u00e0 KTM.<\/p>\n<p>\u00ab\u00a0Je pense que les informations que je vais donner au staff seront bien meilleures si j&rsquo;ai l&rsquo;habitude de faire des courses, si je ne perds pas cet esprit. Quand on le perd, c&rsquo;est tr\u00e8s difficile de le retrouver. Quand on perd cette agressivit\u00e9, la tension que l&rsquo;on vit pendant un week-end de course, c&rsquo;est impossible de les faire revenir.\u00a0C&rsquo;est important de maintenir cette flamme chez les pilotes, pour qu&rsquo;ils soient performants, pas seulement en course mais aussi pendant des essais, afin de faire les meilleurs chronos.\u00a0\u00bb<\/p>\n<p>\u00ab\u00a0C&rsquo;est assez \u00e9quilibr\u00e9 dans l&rsquo;\u00e9quipe d&rsquo;essais actuellement, on a Dani qui est super sensible, mais je peux trouver ce dernier dixi\u00e8me, en attaquant \u00e0 la limite comme le font ces gars [les titulaires] en ce moment, et \u00eatre assez proche. Je suis toujours tr\u00e8s proche de leurs chronos et c&rsquo;est important aussi pour voir les performances. C&rsquo;est important de faire des courses pour \u00e7a.\u00a0\u00bb<\/p>\n<p>Aucune information n&rsquo;a pour l&rsquo;heure \u00e9t\u00e9 communiqu\u00e9e quant \u00e0 un possible retour \u00e0 l&rsquo;inscription de wild-cards, n\u00e9anmoins la situation de KTM s&rsquo;est r\u00e9cemment am\u00e9lior\u00e9e depuis <a href=\"https:\/\/fr.motorsport.com\/motogp\/news\/ktm-obtient-fonds-survie-bajaj\/10725133\/\" target=\"_self\" rel=\"noopener nofollow\">les fonds apport\u00e9s par son actionnaire Bajaj Auto<\/a> et les changements mis en place \u00e0 la direction. <a href=\"https:\/\/fr.motorsport.com\/motogp\/news\/ktm-repris-cours-normal-prevoir-avenir\/10741299\/\" target=\"_self\" rel=\"noopener nofollow\">Pit Beirer a dit avoir re\u00e7u le feu vert pour que se poursuivent les programmes de course de la marque<\/a>.<\/p>\n<p>Par ailleurs, KTM a annonc\u00e9 cette semaine\u00a0le red\u00e9marrage de sa production \u00e0 Mattighofen, avec \u00e0 nouveau des semaines de cinq jours et des journ\u00e9es de travail \u00e0 temps plein, \u00ab\u00a0une \u00e9tape importante pour l&rsquo;entreprise\u00a0\u00bb\u00a0en vue de la fourniture de ses produits \u00e0 ses distributeurs et clients.\u00a0Nouveau PDG de KTM AG, Gottfried Neumeister a soulign\u00e9 dans cette \u00e9tape un gage de \u00ab\u00a0stabilit\u00e9\u00a0\u00bb apr\u00e8s \u00ab\u00a0l&rsquo;une des phases les plus difficiles\u00a0\u00bb qu&rsquo;ait connues le constructeur.<\/p>\n<p>Lire aussi :<\/p>\n<p>Dans cet article<\/p>\n<p>Soyez le premier inform\u00e9 et souscrivez aux alertes mails pour recevoir les infos en temps r\u00e9el<\/p>\n<p>    S&rsquo;abonner aux alertes de news<\/p>\n","protected":false},"excerpt":{"rendered":"KTM a droit \u00e0 un total de six wild-cards par saison, comme tous les constructeurs figurant dans les&hellip;\n","protected":false},"author":2,"featured_media":289035,"comment_status":"","ping_status":"","sticky":false,"template":"","format":"standard","meta":{"footnotes":""},"categories":[1413],"tags":[1011,27,1457,1456,1458,5129,3068,60],"class_list":{"0":"post-289034","1":"post","2":"type-post","3":"status-publish","4":"format-standard","5":"has-post-thumbnail","7":"category-moto","8":"tag-fr","9":"tag-france","10":"tag-moto","11":"tag-motocycle","12":"tag-motogp","13":"tag-pol-espargaru00f3","14":"tag-red-bull-ktm-factory-racing","15":"tag-sports"},"share_on_mastodon":{"url":"https:\/\/pubeurope.com\/@fr\/114953595699289161","error":""},"_links":{"self":[{"href":"https:\/\/www.europesays.com\/fr\/wp-json\/wp\/v2\/posts\/289034","targetHints":{"allow":["GET"]}}],"collection":[{"href":"https:\/\/www.europesays.com\/fr\/wp-json\/wp\/v2\/posts"}],"about":[{"href":"https:\/\/www.europesays.com\/fr\/wp-json\/wp\/v2\/types\/post"}],"author":[{"embeddable":true,"href":"https:\/\/www.europesays.com\/fr\/wp-json\/wp\/v2\/users\/2"}],"replies":[{"embeddable":true,"href":"https:\/\/www.europesays.com\/fr\/wp-json\/wp\/v2\/comments?post=289034"}],"version-history":[{"count":0,"href":"https:\/\/www.europesays.com\/fr\/wp-json\/wp\/v2\/posts\/289034\/revisions"}],"wp:featuredmedia":[{"embeddable":true,"href":"https:\/\/www.europesays.com\/fr\/wp-json\/wp\/v2\/media\/289035"}],"wp:attachment":[{"href":"https:\/\/www.europesays.com\/fr\/wp-json\/wp\/v2\/media?parent=289034"}],"wp:term":[{"taxonomy":"category","embeddable":true,"href":"https:\/\/www.europesays.com\/fr\/wp-json\/wp\/v2\/categories?post=289034"},{"taxonomy":"post_tag","embeddable":true,"href":"https:\/\/www.europesays.com\/fr\/wp-json\/wp\/v2\/tags?post=289034"}],"curies":[{"name":"wp","href":"https:\/\/api.w.org\/{rel}","templated":true}]}}