{"id":289041,"date":"2025-08-01T12:53:10","date_gmt":"2025-08-01T12:53:10","guid":{"rendered":"https:\/\/www.europesays.com\/fr\/289041\/"},"modified":"2025-08-01T12:53:10","modified_gmt":"2025-08-01T12:53:10","slug":"question-du-jour-secret-story-2025-lemission-est-elle-truquee-comme-le-denoncent-certains","status":"publish","type":"post","link":"https:\/\/www.europesays.com\/fr\/289041\/","title":{"rendered":"QUESTION DU JOUR. Secret Story 2025 : l&rsquo;\u00e9mission est-elle truqu\u00e9e comme le d\u00e9noncent certains ?"},"content":{"rendered":"<p itemprop=\"description\">La finale de Secret Story 2025 approche.<br \/>\nUne saison riche en rebondissements qui aura m\u00eame entra\u00een\u00e9 des<br \/>\naccusations de manipulation de la part de certains fans du<br \/>\nprogramme.<\/p>\n<p>La saison 2025 de <a href=\"https:\/\/www.closermag.fr\/tv_tele_realite\/dans-la-guule-marianne-en-a-gros-sur-la-production-de-secret-story-elle-ne-fait-pas-dans-la-dentelle-3568435\" target=\"_blank\" rel=\"noopener\"><br \/>\nSecret Story<\/a> fait du bruit et passionne les t\u00e9l\u00e9spectateurs.<br \/>\nCertains \u00e9v\u00e9nements survenus ont cependant provoqu\u00e9 des <a href=\"https:\/\/www.telestar.fr\/tele_realite\/secret-story-2025-triche-evidente-avant-la-demi-finale-ce-detail-qui-le-laisse-penser-1732626\" target=\"_blank\" rel=\"noopener\"><br \/>\ncritiques<\/a> sur le d\u00e9roul\u00e9 du programme. <strong>Le grand<br \/>\nvainqueur sera connu le 7 ao\u00fbt lors du prime de la<br \/>\nfinale.<\/strong><\/p>\n<p><\/p>\n","protected":false},"excerpt":{"rendered":"La finale de Secret Story 2025 approche. Une saison riche en rebondissements qui aura m\u00eame entra\u00een\u00e9 des accusations&hellip;\n","protected":false},"author":2,"featured_media":289042,"comment_status":"","ping_status":"","sticky":false,"template":"","format":"standard","meta":{"footnotes":""},"categories":[1359],"tags":[548,58,59,1011,27,973,29901],"class_list":{"0":"post-289041","1":"post","2":"type-post","3":"status-publish","4":"format-standard","5":"has-post-thumbnail","7":"category-people","8":"tag-article-simple","9":"tag-divertissement","10":"tag-entertainment","11":"tag-fr","12":"tag-france","13":"tag-people","14":"tag-secret-story"},"share_on_mastodon":{"url":"https:\/\/pubeurope.com\/@fr\/114953611019793273","error":""},"_links":{"self":[{"href":"https:\/\/www.europesays.com\/fr\/wp-json\/wp\/v2\/posts\/289041","targetHints":{"allow":["GET"]}}],"collection":[{"href":"https:\/\/www.europesays.com\/fr\/wp-json\/wp\/v2\/posts"}],"about":[{"href":"https:\/\/www.europesays.com\/fr\/wp-json\/wp\/v2\/types\/post"}],"author":[{"embeddable":true,"href":"https:\/\/www.europesays.com\/fr\/wp-json\/wp\/v2\/users\/2"}],"replies":[{"embeddable":true,"href":"https:\/\/www.europesays.com\/fr\/wp-json\/wp\/v2\/comments?post=289041"}],"version-history":[{"count":0,"href":"https:\/\/www.europesays.com\/fr\/wp-json\/wp\/v2\/posts\/289041\/revisions"}],"wp:featuredmedia":[{"embeddable":true,"href":"https:\/\/www.europesays.com\/fr\/wp-json\/wp\/v2\/media\/289042"}],"wp:attachment":[{"href":"https:\/\/www.europesays.com\/fr\/wp-json\/wp\/v2\/media?parent=289041"}],"wp:term":[{"taxonomy":"category","embeddable":true,"href":"https:\/\/www.europesays.com\/fr\/wp-json\/wp\/v2\/categories?post=289041"},{"taxonomy":"post_tag","embeddable":true,"href":"https:\/\/www.europesays.com\/fr\/wp-json\/wp\/v2\/tags?post=289041"}],"curies":[{"name":"wp","href":"https:\/\/api.w.org\/{rel}","templated":true}]}}