{"id":289045,"date":"2025-08-01T12:56:26","date_gmt":"2025-08-01T12:56:26","guid":{"rendered":"https:\/\/www.europesays.com\/fr\/289045\/"},"modified":"2025-08-01T12:56:26","modified_gmt":"2025-08-01T12:56:26","slug":"jean-luc-reichmann-pierre-quitte-la-serie-ce-soir-reviendra-t-il-il-nous-a-repondu","status":"publish","type":"post","link":"https:\/\/www.europesays.com\/fr\/289045\/","title":{"rendered":"Jean-Luc Reichmann (Pierre) quitte la s\u00e9rie ce soir, reviendra-t-il ? Il nous a r\u00e9pondu"},"content":{"rendered":"<p>Jean-Luc Reichmann a fait une apparition remarqu\u00e9e dans Demain nous appartient sur TF1, \u00e0 laquelle il a offert plusieurs records d\u2019audience. Alors que Pierre, son personnage, quitte S\u00e8te ce vendredi 1er ao\u00fbt, l\u2019animateur et com\u00e9dien fera-t-il son retour dans la fiction ? Nous lui avons pos\u00e9 la question<\/p>\n<p><a href=\"https:\/\/www.programme-tv.net\/news\/series-tv\/379544-exclu-jean-luc-reichman-arrive-dans-demain-nous-appartient-tous-les-details-sur-son-personnage-qui-va-vous-emouvoir\/\" data-api-deeplink=\"teleloisirs:\/\/news\/379544\" target=\"_blank\" rel=\"noopener\">Comme annonc\u00e9 par T\u00e9l\u00e9-Loisirs<\/a>, Jean-Luc Reichmann a fait son entr\u00e9e dans Demain nous appartient, <a href=\"https:\/\/www.programme-tv.net\/news\/series-tv\/384439-chloe-et-alex-separes-maxime-arrete-une-explosion-on-a-revu-le-premier-episode-de-demain-nous-appartient-et-ingrid-chauvin-n-etait-pas-epargnee\/\" data-api-deeplink=\"teleloisirs:\/\/news\/384439\" target=\"_blank\" rel=\"noopener\">dont on a revu le premier \u00e9pisode,<\/a> sur TF1 il y a quelques semaines. C&rsquo;est dans <a href=\"https:\/\/www.programme-tv.net\/news\/series-tv\/382990-demain-nous-appartient-en-avance-le-requin-est-mort-d-une-overdose-jean-luc-reichmann-arrive-a-sete-le-resume-de-l-episode-1984-du-jeudi-10-juillet-2025\/\" data-api-deeplink=\"teleloisirs:\/\/news\/382990\" target=\"_blank\" rel=\"noopener\">l&rsquo;\u00e9pisode du 10 juillet dernier<\/a> que <a href=\"https:\/\/www.programme-tv.net\/news\/series-tv\/383094-son-enfant-est-tombe-dans-la-drogue-jean-luc-reichmann-demain-nous-appartient-se-confie-sur-paul-son-personnage-qui-arrive-ce-jeudi-10-juillet-2025\/\" data-api-deeplink=\"teleloisirs:\/\/news\/383094\" target=\"_blank\" rel=\"noopener\">le personnage de Pierre<\/a> a fait son apparition \u00e0 S\u00e8te pour retrouver son fils Emmanuel, en proie \u00e0 des probl\u00e8mes de drogue. Et la pr\u00e9sence de l&rsquo;animateur des 12 coups de midi a permis d&rsquo;offrir <a href=\"https:\/\/www.programme-tv.net\/news\/series-tv\/383182-demain-nous-appartient-l-arrivee-de-jean-luc-reichmann-offre-un-record-d-audience-au-feuilleton-de-tf1\/\" data-api-deeplink=\"teleloisirs:\/\/news\/383182\" target=\"_blank\" rel=\"noopener\">un record au feuilleton de TF1<\/a> le soir de son arriv\u00e9e. Ainsi, 2,35 millions de curieux, soit 18,8% du public, \u00e9taient pr\u00e9sents devant leurs \u00e9crans de t\u00e9l\u00e9vision. Un record battu le <a href=\"https:\/\/www.programme-tv.net\/news\/series-tv\/383796-demain-nous-appartient-en-avance-judith-va-retourner-en-prison-chloe-et-alex-trahissent-pierre-celeste-disparait-a-t-elle-ete-kidnappee-le-resume-de-lepisode-1993-du-mercredi-23-juillet-2025\/\" data-api-deeplink=\"teleloisirs:\/\/news\/383796\" target=\"_blank\" rel=\"noopener\">23 juillet 2025<\/a> avec 2,56 millions de fid\u00e8les pour 19.2% du public. Mais toutes les bonnes choses ayant une fin, le personnage de Pierre va faire ses adieux \u00e0 Alex (<a href=\"https:\/\/www.programme-tv.net\/biographie\/6091-brasseur-alexandre\/\" data-link-people=\"40ebf44f-a60a-4958-b1be-bd277a9a6c0e\" target=\"_blank\" rel=\"noopener\">Alexandre Brasseur<\/a>) et Chlo\u00e9 (<a href=\"https:\/\/www.programme-tv.net\/biographie\/991-chauvin-ingrid\/\" data-link-people=\"38ef1402-afc8-4aac-8a6e-1d75bed98abe\" target=\"_blank\" rel=\"noopener\">Ingrid Chauvin<\/a>), dans <a href=\"https:\/\/www.programme-tv.net\/news\/series-tv\/384412-demain-nous-appartient-en-avance-michael-se-rend-judith-est-liberee-et-embrasse-jordan-le-resume-de-l-episode-2000-du-vendredi-1er-aout-2025\/\" data-api-deeplink=\"teleloisirs:\/\/news\/384412\" target=\"_blank\" rel=\"noopener\">l&rsquo;\u00e9pisode 2000 de ce vendredi 1er ao\u00fbt 2025<\/a>. Reviendra-t-il ? Nous lui avons pos\u00e9 la question.<\/p>\n<p>                        Demain nous appartient : <b>Jean-Luc Reichmann \u00ab\u00a0<\/b>veux se laisser des opportunit\u00e9s comme celle de Demain nous appartient\u00a0\u00bb<\/p>\n<p>Si Jean-Luc Reichmann ne s\u2019est pas exprim\u00e9 clairement sur un \u00e9ventuel retour dans Demain nous appartient, une chose est s\u00fbre : il reste fid\u00e8le \u00e0 TF1, comme il nous l\u2019a confi\u00e9. \u00ab\u00a0Je ne sais pas de quoi est fait demain. Ce que je sais, c\u2019est que ma cha\u00eene me r\u00e9it\u00e8re sa confiance. J\u2019ai une libert\u00e9 totale le midi. L\u00e0, ils me redonnent de la confiance pour Demain nous appartient\u00a0\u00bb, nous a racont\u00e9 l&rsquo;animateur. Et d\u2019ajouter : \u00ab\u00a0La confiance de ma cha\u00eene et de mon patron n\u2019ont pas de prix. C\u2019est tr\u00e8s important, m\u00eame si je ne sais pas de quoi demain sera fait&#8230; Je suis encore jeune et bien vert !\u00a0\u00bb Et de lancer, usant de m\u00e9taphores : \u00ab\u00a0Je veux me laisser des opportunit\u00e9s comme celle de Demain nous appartient, c\u2019est peut-\u00eatre qu\u2019Ici tout commence [en r\u00e9f\u00e9rence \u00e0 l&rsquo;autre feuilleton de TF1, ndlr]. Demain nous appartient, donc laissons-nous quelques surprises\u00a0\u00bb conclut-il dans un sourire.<\/p>\n<p>            Demain nous appartient : <b>Jean-Luc Reichmann tourne la nouvelle saison de<\/b><a href=\"https:\/\/www.programme-tv.net\/news\/series-tv\/381150-jean-luc-reichmann-annonce-une-bonne-nouvelle-pour-les-lecteurs-de-tele-loisirs-et-les-fans-de-leo-mattei\/\" data-api-deeplink=\"teleloisirs:\/\/news\/381150\" target=\"_blank\" rel=\"noopener\"> <\/a>L\u00e9o Matt\u00e9i<\/p>\n<p>Si on ne sait pas s&rsquo;il reviendra dans Demain nous appartient, Jean-Luc Reichmann va tourner la <a href=\"https:\/\/www.programme-tv.net\/news\/series-tv\/381150-jean-luc-reichmann-annonce-une-bonne-nouvelle-pour-les-lecteurs-de-tele-loisirs-et-les-fans-de-leo-mattei\/\" data-api-deeplink=\"teleloisirs:\/\/news\/381150\" target=\"_blank\" rel=\"noopener\">treizi\u00e8me saison de L\u00e9o Matt\u00e9i,<\/a> \u00ab\u00a0On est tr\u00e8s, tr\u00e8s heureux. \u00c7a va faire 70 \u00e9pisodes qu\u2019on est l\u00e0, 13 saisons. Il n\u2019y a quand m\u00eame pas beaucoup de fictions qui sont l\u00e0 depuis 13 ans\u00a0\u00bb, nous avait indiqu\u00e9 le pr\u00e9sentateur lors du <a href=\"https:\/\/www.programme-tv.net\/news\/series-tv\/381129-judith-light-ingrid-chauvin-agathe-auproux-enceinte-jaz-sinclair-les-stars-glamour-au-festival-de-television-de-monte-carlo\/\" data-api-deeplink=\"teleloisirs:\/\/news\/381129\" target=\"_blank\" rel=\"noopener\">Festival de t\u00e9l\u00e9vision de Monte-Carlo<\/a>.<\/p>\n","protected":false},"excerpt":{"rendered":"Jean-Luc Reichmann a fait une apparition remarqu\u00e9e dans Demain nous appartient sur TF1, \u00e0 laquelle il a offert&hellip;\n","protected":false},"author":2,"featured_media":289046,"comment_status":"","ping_status":"","sticky":false,"template":"","format":"standard","meta":{"footnotes":""},"categories":[1356],"tags":[244,3598,58,59,1011,27,2173,465,5250,5252,252,199,5251,1364],"class_list":{"0":"post-289045","1":"post","2":"type-post","3":"status-publish","4":"format-standard","5":"has-post-thumbnail","7":"category-television","8":"tag-commentaire","9":"tag-demain-nous-appartient","10":"tag-divertissement","11":"tag-entertainment","12":"tag-fr","13":"tag-france","14":"tag-interview","15":"tag-jean-luc-reichmann","16":"tag-lorie","17":"tag-su00e9ries-mania","18":"tag-television","19":"tag-tf1","20":"tag-tu00e9lu00e9-loisirs","21":"tag-tv"},"share_on_mastodon":{"url":"https:\/\/pubeurope.com\/@fr\/114953622879378397","error":""},"_links":{"self":[{"href":"https:\/\/www.europesays.com\/fr\/wp-json\/wp\/v2\/posts\/289045","targetHints":{"allow":["GET"]}}],"collection":[{"href":"https:\/\/www.europesays.com\/fr\/wp-json\/wp\/v2\/posts"}],"about":[{"href":"https:\/\/www.europesays.com\/fr\/wp-json\/wp\/v2\/types\/post"}],"author":[{"embeddable":true,"href":"https:\/\/www.europesays.com\/fr\/wp-json\/wp\/v2\/users\/2"}],"replies":[{"embeddable":true,"href":"https:\/\/www.europesays.com\/fr\/wp-json\/wp\/v2\/comments?post=289045"}],"version-history":[{"count":0,"href":"https:\/\/www.europesays.com\/fr\/wp-json\/wp\/v2\/posts\/289045\/revisions"}],"wp:featuredmedia":[{"embeddable":true,"href":"https:\/\/www.europesays.com\/fr\/wp-json\/wp\/v2\/media\/289046"}],"wp:attachment":[{"href":"https:\/\/www.europesays.com\/fr\/wp-json\/wp\/v2\/media?parent=289045"}],"wp:term":[{"taxonomy":"category","embeddable":true,"href":"https:\/\/www.europesays.com\/fr\/wp-json\/wp\/v2\/categories?post=289045"},{"taxonomy":"post_tag","embeddable":true,"href":"https:\/\/www.europesays.com\/fr\/wp-json\/wp\/v2\/tags?post=289045"}],"curies":[{"name":"wp","href":"https:\/\/api.w.org\/{rel}","templated":true}]}}