{"id":289047,"date":"2025-08-01T12:57:13","date_gmt":"2025-08-01T12:57:13","guid":{"rendered":"https:\/\/www.europesays.com\/fr\/289047\/"},"modified":"2025-08-01T12:57:13","modified_gmt":"2025-08-01T12:57:13","slug":"kendji-girac-annonce-la-sortie-de-son-premier-livre-mi-vida-en-octobre","status":"publish","type":"post","link":"https:\/\/www.europesays.com\/fr\/289047\/","title":{"rendered":"Kendji Girac annonce la sortie de son premier livre \u00ab\u00a0Mi Vida\u00a0\u00bb en octobre"},"content":{"rendered":"<p>L&rsquo;artiste a annonc\u00e9 la sortie de son autobiographie \u00ab\u00a0Mi Vida\u00a0\u00bb (Flammarion) pour le 1er octobre prochain. Un livre dans lequel il souhaite raconter sa vie, \u00ab\u00a0la vraie, celle o\u00f9 il n&rsquo;y a pas de d\u00e9tour\u00a0\u00bb.<\/p>\n<p><a href=\"https:\/\/www.bfmtv.com\/people\/c-est-la-premiere-fois-que-j-en-parle-kendji-girac-revient-sur-la-reconstruction-qui-a-suivi-sa-blessure-par-balle_AN-202411240462.html\" title=\"&quot;C&#039;est la premi\u00e8re fois que j&#039;en parle&quot;: Kendji Girac revient sur la reconstruction qui a suivi sa blessure par balle\" class=\"internal_link\" rel=\"nofollow noopener\" target=\"_blank\">Kendji Girac<\/a> va sortir un livre. Sur Instagram, l&rsquo;artiste de 29 ans a annonc\u00e9 la sortie de son premier ouvrage, une autobiographie baptis\u00e9e Mi Vida, publi\u00e9e aux \u00e9ditions Flammarion et qui sera en vente \u00e0 partir du 1er octobre prochain.<\/p>\n<p><a href=\"https:\/\/www.instagram.com\/p\/DMzj7CCtZMC\/\" target=\"_blank\" class=\"external_link\" rel=\"nofollow noopener\">Dans sa vid\u00e9o<\/a>, le chanteur originaire de P\u00e9rigueux explique qu&rsquo;on lui a souvent propos\u00e9 de raconter sa vie, mais qu&rsquo;il a toujours refus\u00e9 jusqu&rsquo;\u00e0 aujourd&rsquo;hui. \u00ab\u00a0Je me disais qu&rsquo;\u00e0 mon \u00e2ge, c&rsquo;\u00e9tait peut \u00eatre un peu pr\u00e9tentieux, que je devais d&rsquo;abord vivre un peu plus de choses\u00a0\u00bb, confie-t-il.<\/p>\n<p>\u00ab\u00a0Finalement, ces derni\u00e8res ann\u00e9es, beaucoup de choses ont chang\u00e9 dans ma vie, \u00e0 l&rsquo;int\u00e9rieur de moi, et j&rsquo;ai ressenti le besoin de me livrer dans ces pages pour que vous puissiez me conna\u00eetre au plus profond de moi et pour mieux me comprendre aussi\u00a0\u00bb, poursuit Kendji.<\/p>\n<p>\u00ab\u00a0Je raconte &lsquo;mi vida&rsquo;, la vraie\u00a0\u00bb<\/p>\n<p>Selon Kendji, Mi Vida abordera notamment son enfance, ses voyages, sa musique, sa famille, son rapport avec la sc\u00e8ne, ses \u00e9motions, mais aussi son r\u00f4le de p\u00e8re, depuis la naissance de sa fille Eva en 2021 et d&rsquo;un petit gar\u00e7on en mai.<\/p>\n<blockquote class=\"embed embed_quote\"><p>\u00ab\u00a0J&rsquo;ai vraiment envie de vous parler de tout \u00e7a. (&#8230;) Donc pour la premi\u00e8re fois dans ce livre, je raconte &lsquo;mi vida&rsquo;, la vraie, celle o\u00f9 il n&rsquo;y a pas de d\u00e9tour\u00a0\u00bb, indique le chanteur.<\/p><\/blockquote>\n<p>Mais, d&rsquo;apr\u00e8s Kendji, ces lignes montreront aussi ce que l&rsquo;artiste a \u00ab\u00a0parfois cach\u00e9 malheureusement, derri\u00e8re (s)on sourire, sans vraiment le vouloir. On pense ainsi \u00e0 <a href=\"https:\/\/www.bfmtv.com\/people\/je-me-suis-perdu-kendji-girac-s-exprime-pour-la-premiere-fois-en-video-depuis-sa-blessure-par-balle_AN-202406261050.html\" title=\"&quot;Je me suis perdu&quot;: Kendji Girac s&#039;exprime pour la premi\u00e8re fois en vid\u00e9o depuis sa blessure par balle\" class=\"internal_link\" rel=\"nofollow noopener\" target=\"_blank\">sa blessure par balle<\/a> apr\u00e8s s&rsquo;\u00eatre tir\u00e9 dessus volontairement en avril 2024.<\/p>\n<p><img width=\"1\" height=\"1\" class=\"lozad\"  alt=\"Tous les soirs dans Le titre \u00e0 la une, d\u00e9couvrez ce qui se cache derri\u00e8re les gros titres. C\u00e9line Kallmann vous raconte une histoire, un r\u00e9cit de vie, avec aussi le t\u00e9moignage intime de celles et ceux qui font l'actualit\u00e9.\"\/>\u201cJe me suis perdu\u201d: Kendji Girac r\u00e9apparait et pr\u00e9pare son retour apr\u00e8s sa blessure par balle<\/p>\n<p>Un \u00e9pisode pour lequel le chanteur avait pr\u00e9sent\u00e9 ses excuses \u00e0 ses fans avant d&rsquo;en faire une chanson, Si seulement, sortie cinq mois apr\u00e8s les faits. \u00ab\u00a0Mais ce livre, c&rsquo;est ma vie. C&rsquo;est toute ma v\u00e9rit\u00e9\u00a0\u00bb, conclut-il.<\/p>\n<p><script async src=\"\/\/www.instagram.com\/embed.js\"><\/script><\/p>\n","protected":false},"excerpt":{"rendered":"L&rsquo;artiste a annonc\u00e9 la sortie de son autobiographie \u00ab\u00a0Mi Vida\u00a0\u00bb (Flammarion) pour le 1er octobre prochain. Un livre&hellip;\n","protected":false},"author":2,"featured_media":289048,"comment_status":"","ping_status":"","sticky":false,"template":"","format":"standard","meta":{"footnotes":""},"categories":[1355],"tags":[58,59,1011,27,1361,873],"class_list":{"0":"post-289047","1":"post","2":"type-post","3":"status-publish","4":"format-standard","5":"has-post-thumbnail","7":"category-musique","8":"tag-divertissement","9":"tag-entertainment","10":"tag-fr","11":"tag-france","12":"tag-music","13":"tag-musique"},"share_on_mastodon":{"url":"https:\/\/pubeurope.com\/@fr\/114953627024833903","error":""},"_links":{"self":[{"href":"https:\/\/www.europesays.com\/fr\/wp-json\/wp\/v2\/posts\/289047","targetHints":{"allow":["GET"]}}],"collection":[{"href":"https:\/\/www.europesays.com\/fr\/wp-json\/wp\/v2\/posts"}],"about":[{"href":"https:\/\/www.europesays.com\/fr\/wp-json\/wp\/v2\/types\/post"}],"author":[{"embeddable":true,"href":"https:\/\/www.europesays.com\/fr\/wp-json\/wp\/v2\/users\/2"}],"replies":[{"embeddable":true,"href":"https:\/\/www.europesays.com\/fr\/wp-json\/wp\/v2\/comments?post=289047"}],"version-history":[{"count":0,"href":"https:\/\/www.europesays.com\/fr\/wp-json\/wp\/v2\/posts\/289047\/revisions"}],"wp:featuredmedia":[{"embeddable":true,"href":"https:\/\/www.europesays.com\/fr\/wp-json\/wp\/v2\/media\/289048"}],"wp:attachment":[{"href":"https:\/\/www.europesays.com\/fr\/wp-json\/wp\/v2\/media?parent=289047"}],"wp:term":[{"taxonomy":"category","embeddable":true,"href":"https:\/\/www.europesays.com\/fr\/wp-json\/wp\/v2\/categories?post=289047"},{"taxonomy":"post_tag","embeddable":true,"href":"https:\/\/www.europesays.com\/fr\/wp-json\/wp\/v2\/tags?post=289047"}],"curies":[{"name":"wp","href":"https:\/\/api.w.org\/{rel}","templated":true}]}}