{"id":289051,"date":"2025-08-01T12:59:16","date_gmt":"2025-08-01T12:59:16","guid":{"rendered":"https:\/\/www.europesays.com\/fr\/289051\/"},"modified":"2025-08-01T12:59:16","modified_gmt":"2025-08-01T12:59:16","slug":"faut-il-limposer-aux-soignants-ma-sante","status":"publish","type":"post","link":"https:\/\/www.europesays.com\/fr\/289051\/","title":{"rendered":"faut-il l\u2019imposer aux soignants ?\u00a0&#8211; Ma Sant\u00e9"},"content":{"rendered":"<p>             <a href=\"https:\/\/ma-sante.news\/wp-content\/uploads\/2025\/08\/grippe-vaccin-anti-grippale-pour-les-soignants-medecins-hopital-protection-collective-Ma-Sante.jpeg\" data-caption=\"La couverture vaccinale du vaccin contre la grippe pour la saison 2024-2025, reste faible et stable par rapport \u00e0 la saison pr\u00e9c\u00e9dente (54%) pour les 65 ans et plus. \u00a9 Adobe Stock\" target=\"_blank\" rel=\"noopener\"><img loading=\"lazy\" decoding=\"async\" width=\"696\" height=\"464\" class=\"entry-thumb td-modal-image\" src=\"data:image\/svg+xml,%3Csvg%20xmlns=\" http:=\"\" data-lazy- data-lazy- alt=\"Un m\u00e9decin avec un vaccin contre la grippe dans les mains.\" title=\"grippe vaccin anti grippale pour les soignants m\u00e9decins h\u00f4pital protection collective Ma Sant\u00e9\" data-lazy-src=\"https:\/\/www.europesays.com\/fr\/wp-content\/uploads\/2025\/08\/grippe-vaccin-anti-grippale-pour-les-soignants-medecins-hopital-protection-collective-Ma-Sante-696x4.jpeg\"\/><\/a>La couverture vaccinale du vaccin contre la grippe pour la saison 2024-2025, reste faible et stable par rapport \u00e0 la saison pr\u00e9c\u00e9dente (54%) pour les 65 ans et plus. \u00a9 Adobe Stock                                    \t\t\t             <a class=\"gofollow\" data-track=\"MjgsMCwxLDYw\" href=\"https:\/\/ma-sante.news\/inscrivez-vous-a-notre-newsletter\/\" target=\"_blank\" rel=\"noopener\"><img loading=\"lazy\" decoding=\"async\" width=\"1068\" height=\"131\" src=\"data:image\/svg+xml,%3Csvg%20xmlns=\" http:=\"\" data-lazy-src=\"https:\/\/www.europesays.com\/fr\/wp-content\/uploads\/2025\/03\/banniere-newsletter.png\"\/><\/a> <\/p>\n<p>Un patient <a href=\"https:\/\/ma-sante.news\/grippe-en-auvergne-rhone-alpes-les-hopitaux-sont-deja-sous-pression\/\" target=\"_blank\" rel=\"noopener\">hospitalis\u00e9 avec une grippe s\u00e9v\u00e8re<\/a>, un personnel soignant surcharg\u00e9, <a href=\"https:\/\/ma-sante.news\/plan-blanc-face-a-la-grippe-en-auvergne-rhone-alpes-une-mesure-necessaire-ou-exageree\/\" target=\"_blank\" rel=\"noopener\">des \u00e9pid\u00e9mies hivernales qui saturent les services d\u2019urgence<\/a>. Ce sc\u00e9nario se r\u00e9p\u00e8te quasiment chaque ann\u00e9e en France. <\/p>\n<p>Mais un constat surprenant subsiste : seuls 1 soignant sur 5 se prot\u00e8ge par le vaccin. Ce chiffre, r\u00e9v\u00e9l\u00e9 par le minist\u00e8re de la Sant\u00e9, interpelle d\u2019autant plus que<a href=\"https:\/\/ma-sante.news\/grippe-fin-epidemie-grave-enfin-en-france-metropole\/\" target=\"_blank\" rel=\"noopener\"> la grippe tue encore entre 6 000 et 9 000 personnes<\/a> chaque hiver en France.<\/p>\n<p>Face \u00e0 cette r\u00e9alit\u00e9, les autorit\u00e9s sanitaires et certains m\u00e9decins r\u00e9clament la vaccination obligatoire des professionnels de sant\u00e9. Cette proposition suscite un d\u00e9bat passionn\u00e9 entre protection collective et respect des libert\u00e9s individuelles.\u00a0<\/p>\n<p>        Un vaccin efficace mais sous-utilis\u00e9 : l\u2019\u00e9tat des lieux    <strong>Une couverture vaccinale encore trop faible chez les soignants<\/strong>    <\/p>\n<p>Malgr\u00e9 les recommandations annuelles, le taux de vaccination des professionnels de sant\u00e9 fran\u00e7ais reste d\u00e9sesp\u00e9r\u00e9ment bas : autour de 20 % en 2024, contre 75 % dans certains pays europ\u00e9ens comme l\u2019Espagne ou l\u2019Allemagne.<\/p>\n<p>Pourquoi un tel d\u00e9sint\u00e9r\u00eat ? Plusieurs enqu\u00eates pointent des freins majeurs : doutes sur l\u2019efficacit\u00e9, peur des effets secondaires, impression que la grippe est une maladie b\u00e9nigne, ou simple manque d\u2019acc\u00e8s au vaccin dans le cadre professionnel. Pourtant, les donn\u00e9es sont claires : la vaccination r\u00e9duit significativement les risques de transmission et prot\u00e8ge patients et soignants.<\/p>\n<p>        <strong>La grippe : un danger r\u00e9el, sous-estim\u00e9 mais lourd de cons\u00e9quences<\/strong>    <\/p>\n<p>Chaque ann\u00e9e en France, la grippe cause en moyenne 6 000 \u00e0 9 000 d\u00e9c\u00e8s, principalement chez les personnes \u00e2g\u00e9es, les enfants et les malades chroniques (Sant\u00e9 Publique France). Elle engendre aussi des centaines de milliers d\u2019hospitalisations.<\/p>\n<p>Les soignants peuvent \u00eatre des vecteurs silencieux de la maladie, contaminant patients et coll\u00e8gues, surtout quand ils travaillent en contact avec des populations vuln\u00e9rables (personnes \u00e2g\u00e9es en Ehpad, patients immunod\u00e9prim\u00e9s).<\/p>\n<p>        Vaccination obligatoire : un choix de soci\u00e9t\u00e9 aux enjeux multiples    <strong>Pourquoi envisager l\u2019obligation vaccinale ?<\/strong>    <\/p>\n<p>Pour les partisans de l\u2019obligation, vacciner les soignants est une responsabilit\u00e9 collective. Il s\u2019agit de<a href=\"https:\/\/ma-sante.news\/vaccin-contre-la-grippe-pourquoi-est-il-moins-efficace-chez-les-seniors\/\" target=\"_blank\" rel=\"noopener\"> prot\u00e9ger les patients fragiles<\/a>, mais aussi d\u2019\u00e9viter des absences massives qui fragilisent les \u00e9tablissements de sant\u00e9 en p\u00e9riode \u00e9pid\u00e9mique.\u00a0<\/p>\n<p>De plus, dans un contexte post-Covid, la vaccination obligatoire pour les soignants contre d\u2019autres maladies respiratoires semble une \u00e9tape logique.<\/p>\n<p>        <strong>Les freins \u00e0 cette obligation<\/strong>    <\/p>\n<p>Mais la question de la libert\u00e9 individuelle reste centrale. Imposer la vaccination touche au droit fondamental de choisir ce que l\u2019on fait de son corps. Certains professionnels refusent par principe ou par crainte. D\u2019autres d\u00e9noncent une mesure qui pourrait provoquer une fracture au sein des \u00e9quipes soignantes, d\u00e9j\u00e0 tr\u00e8s \u00e9prouv\u00e9es par la pand\u00e9mie.<\/p>\n<p>Le gouvernement doit aussi r\u00e9fl\u00e9chir \u00e0 la faisabilit\u00e9 pratique : quels contr\u00f4les, quelles sanctions en cas de non-respect ? Une obligation sans m\u00e9canismes clairs risquerait d\u2019\u00eatre inefficace. Yannick Neuder, ministre d\u00e9l\u00e9gu\u00e9 \u00e0 la Sant\u00e9, met en avant \u00ab la p\u00e9dagogie d\u2019abord, mais il faut aussi envisager des mesures plus fermes \u00bb.<\/p>\n<p>        O\u00f9 en est la l\u00e9gislation ?    <\/p>\n<p>\u00c0 ce jour, <a href=\"https:\/\/ma-sante.news\/grippe-cet-hiver-noubliez-pas-la-vaccination-des-plus-fragiles\/\" target=\"_blank\" rel=\"noopener\">la vaccination contre la grippe <\/a>n\u2019est pas obligatoire en France, mais fortement recommand\u00e9e pour les professionnels de sant\u00e9. Cependant, face \u00e0 la persistance d\u2019une faible couverture, un projet de loi visant \u00e0 rendre cette vaccination obligatoire est en discussion \u00e0 l\u2019Assembl\u00e9e nationale.<\/p>\n<p>Cette \u00e9volution s\u2019inscrit dans un contexte o\u00f9 la sant\u00e9 publique cherche \u00e0 tirer les le\u00e7ons de la pand\u00e9mie de Covid-19, qui a instaur\u00e9 l\u2019obligation vaccinale contre le virus SARS-CoV-2 pour les soignants.<\/p>\n<blockquote class=\"wp-block-quote is-layout-flow wp-block-quote-is-layout-flow\">\n<p><strong>\u00c0 SAVOIR<\/strong><\/p>\n<p>Selon Sant\u00e9 Publique France (2024), vacciner les soignants contre la grippe r\u00e9duit de 40 % la transmission du virus aux patients et diminue fortement l\u2019absent\u00e9isme dans les h\u00f4pitaux. Atteindre plus de 60 % de couverture vaccinale chez les professionnels am\u00e9liore donc la protection des patients et la continuit\u00e9 des soins.<\/p>\n<\/blockquote>\n<p>  <a class=\"gofollow\" data-track=\"MTIsMCwxLDYw\" href=\"https:\/\/ma-sante.news\/annonceurs\/\" target=\"_blank\" rel=\"noopener\"><img loading=\"lazy\" decoding=\"async\" width=\"2560\" height=\"2133\" src=\"data:image\/svg+xml,%3Csvg%20xmlns=\" http:=\"\" data-lazy-src=\"https:\/\/www.europesays.com\/fr\/wp-content\/uploads\/2025\/03\/pub-annonceurs-4-scaled.jpg\"\/><\/a>    <img loading=\"lazy\" decoding=\"async\" width=\"755\" height=\"495\" src=\"data:image\/svg+xml,%3Csvg%20xmlns=\" http:=\"\" data-lazy-src=\"https:\/\/www.europesays.com\/fr\/wp-content\/uploads\/2025\/03\/Image1.jpg\"\/>Inscrivez-vous \u00e0 notre newsletter <br \/>Ma Sant\u00e9                      <\/p>\n","protected":false},"excerpt":{"rendered":"La couverture vaccinale du vaccin contre la grippe pour la saison 2024-2025, reste faible et stable par rapport&hellip;\n","protected":false},"author":2,"featured_media":289052,"comment_status":"","ping_status":"","sticky":false,"template":"","format":"standard","meta":{"footnotes":""},"categories":[10],"tags":[1011,27,72,71,10655,148],"class_list":{"0":"post-289051","1":"post","2":"type-post","3":"status-publish","4":"format-standard","5":"has-post-thumbnail","7":"category-sante","8":"tag-fr","9":"tag-france","10":"tag-health","11":"tag-sante","12":"tag-u00e9pidu00e9mie-grippe","13":"tag-vaccination"},"share_on_mastodon":{"url":"https:\/\/pubeurope.com\/@fr\/114953634683012529","error":""},"_links":{"self":[{"href":"https:\/\/www.europesays.com\/fr\/wp-json\/wp\/v2\/posts\/289051","targetHints":{"allow":["GET"]}}],"collection":[{"href":"https:\/\/www.europesays.com\/fr\/wp-json\/wp\/v2\/posts"}],"about":[{"href":"https:\/\/www.europesays.com\/fr\/wp-json\/wp\/v2\/types\/post"}],"author":[{"embeddable":true,"href":"https:\/\/www.europesays.com\/fr\/wp-json\/wp\/v2\/users\/2"}],"replies":[{"embeddable":true,"href":"https:\/\/www.europesays.com\/fr\/wp-json\/wp\/v2\/comments?post=289051"}],"version-history":[{"count":0,"href":"https:\/\/www.europesays.com\/fr\/wp-json\/wp\/v2\/posts\/289051\/revisions"}],"wp:featuredmedia":[{"embeddable":true,"href":"https:\/\/www.europesays.com\/fr\/wp-json\/wp\/v2\/media\/289052"}],"wp:attachment":[{"href":"https:\/\/www.europesays.com\/fr\/wp-json\/wp\/v2\/media?parent=289051"}],"wp:term":[{"taxonomy":"category","embeddable":true,"href":"https:\/\/www.europesays.com\/fr\/wp-json\/wp\/v2\/categories?post=289051"},{"taxonomy":"post_tag","embeddable":true,"href":"https:\/\/www.europesays.com\/fr\/wp-json\/wp\/v2\/tags?post=289051"}],"curies":[{"name":"wp","href":"https:\/\/api.w.org\/{rel}","templated":true}]}}