{"id":289055,"date":"2025-08-01T13:01:11","date_gmt":"2025-08-01T13:01:11","guid":{"rendered":"https:\/\/www.europesays.com\/fr\/289055\/"},"modified":"2025-08-01T13:01:11","modified_gmt":"2025-08-01T13:01:11","slug":"les-parents-de-krisztina-rady-sont-opposes-a-la-reouverture-du-dossier-de-leur-ex-gendre","status":"publish","type":"post","link":"https:\/\/www.europesays.com\/fr\/289055\/","title":{"rendered":"les parents de Krisztina Rady sont oppos\u00e9s \u00e0 la r\u00e9ouverture du dossier de leur ex-gendre"},"content":{"rendered":"<p>Le 10 janvier 2010, Krisztina R\u00e1dy, ex-femme du chanteur de Noir D\u00e9sir et m\u00e8re de ses deux enfants, se donnait la mort. Quinze ans plus tard, l\u2019enqu\u00eate a \u00e9t\u00e9 rouverte mais ses parents s\u2019y opposent et \u00absouhaitent l\u2019apaisement\u00bb.<\/p>\n<p class=\"fig-paragraph\">Les parents de\u00a0<a href=\"http:\/\/www.lefigaro.fr\/actualite-france\/bertrand-cantat-les-raisons-de-la-nouvelle-enquete-sur-le-suicide-de-krisztina-rady-20250725\" target=\"_blank\" data-fig-type=\"Article\" rel=\"noopener nofollow\" data-gtm-custom-categorie=\"navigation\" data-gtm-custom-action=\"crossclick\" data-gtm-custom-label=\"Contextuel\" data-gtm-event=\"customEventSPE\" data-fig-domain=\"LEFIGARO\">Krisztina Rady<\/a>, l&rsquo;\u00e9pouse de\u00a0<a href=\"http:\/\/www.lefigaro.fr\/musique\/dossier\/bertrand-cantat-0\" target=\"_blank\" data-fig-type=\"Topic\" rel=\"noopener nofollow\" data-gtm-custom-categorie=\"navigation\" data-gtm-custom-action=\"crossclick\" data-gtm-custom-label=\"Contextuel\" data-gtm-event=\"customEventSPE\" data-fig-domain=\"LEFIGARO\">Bertrand Cantat<\/a>\u00a0retrouv\u00e9e pendue chez elle en 2010, s&rsquo;opposent \u00e0 l&rsquo;enqu\u00eate sur \u00abd&rsquo;\u00e9ventuels faits de violences volontaires\u00bb commis par leur ex-gendre, rouverte fin juillet par le parquet de Bordeaux, a indiqu\u00e9 vendredi leur avocat.<\/p>\n<p class=\"fig-paragraph\">Le procureur de Bordeaux a motiv\u00e9 sa d\u00e9cision par les nouveaux \u00e9l\u00e9ments apparus dans un r\u00e9cent documentaire sur Netflix consacr\u00e9 au chanteur de Noir D\u00e9sir, condamn\u00e9 en 2003 pour le meurtre de Marie Trintignant.<\/p>\n<p>                                    <a class=\"fig-a11y-skip a11y-hidden\" href=\"#fig-a11y-skip-main-inarticle\"><br \/>\n        Passer la publicit\u00e9<br \/>\n    <\/a><\/p>\n<p class=\"fig-paragraph\">Quatre proc\u00e9dures sur les circonstances de la mort de Krisztina Rady ont d\u00e9j\u00e0 \u00e9t\u00e9 ouvertes et class\u00e9es sans suite: la premi\u00e8re apr\u00e8s son d\u00e9c\u00e8s au domicile conjugal \u00e0 Bordeaux d\u00e9but 2010, puis en 2013, 2014 et 2018. \u00abAujourd&rsquo;hui les parents souhaitent l&rsquo;apaisement et ne comprennent pas l&rsquo;acharnement concernant ce dossier, notamment en pr\u00e9tendant que leur gendre aurait commis un suicide forc\u00e9\u00bb, explique Me Tibor-Louis Leh.<\/p>\n<p>Lettre d\u2019adieu d\u00e9voil\u00e9e cette semaine<\/p>\n<p class=\"fig-paragraph\">Il fait notamment r\u00e9f\u00e9rence au documentaire \u00abDe rockstar \u00e0 tueur: le cas Cantat\u00bb, \u00abparticuli\u00e8rement \u00e0 charge\u00bb, selon lui. Le film \u00e9voque une\u00a0<a href=\"https:\/\/madame.lefigaro.fr\/societe\/actu\/que-dit-la-lettre-d-adieu-de-krisztina-rady-qui-relance-l-affaire-cantat-20250731\" target=\"_blank\" data-fig-type=\"Article\" rel=\"noopener nofollow\" data-gtm-custom-categorie=\"navigation\" data-gtm-custom-action=\"crossclick\" data-gtm-custom-label=\"Contextuel\" data-gtm-event=\"customEventSPE\" data-fig-domain=\"MADAME\">lettre d&rsquo;adieu de Krisztina Rady<\/a>, d\u00e9voil\u00e9e cette semaine par Paris Match, o\u00f9 elle \u00e9crit\u00a0: \u00abMerci aux cris incessants et aux accusations de Bertrand, d\u00e9positaire exclusif de souffrance\u00bb. Mais elle cite \u00e9galement deux autres hommes, \u00ablamentables petits caporaux\u00bb, et deux femmes qui l&rsquo;ont fait \u00absouffrir\u00bb.<\/p>\n<p class=\"fig-paragraph\">Me Leh \u00e9voque \u00e9galement une autre lettre d&rsquo;adieu, en possession des parents, laquelle \u00abne fait aucune allusion \u00e0 Bertrand Cantat\u00bb mais mentionne \u00abun contentieux financier d&rsquo;ordre professionnel\u00bb.<\/p>\n<p>\u00abBeaucoup de raisons complexes pour lesquelles elle s\u2019est suicid\u00e9e\u00bb<\/p>\n<p class=\"fig-paragraph\">Apr\u00e8s la mort de Krisztina, ses parents ont \u00e9voqu\u00e9 \u00e0 plusieurs reprises la \u00abviolence\u00bb de Cantat, qui \u00abd&rsquo;une certaine mani\u00e8re, terrorisait\u00bb leur fille. Mais d\u00e8s 2013, ils se sont dit, par le biais de leur avocat, convaincus que Bertrand Cantat \u00abn&rsquo;est vraisemblablement pas la seule personne impliqu\u00e9e\u00bb et \u00abqu&rsquo;il y a beaucoup d&rsquo;autres raisons complexes pour lesquelles elle s&rsquo;est suicid\u00e9e\u00bb.<\/p>\n<p class=\"fig-paragraph\">Krisztina Rady, femme de lettres, de th\u00e9\u00e2tre et traductrice, avait rencontr\u00e9 Bertrand Cantat en 1993, lors d&rsquo;un festival \u00e0 Budapest. Mari\u00e9 en 1997, le couple a eu deux enfants et n&rsquo;a jamais divorc\u00e9 m\u00eame s&rsquo;il s&rsquo;est s\u00e9par\u00e9 lors de la naissance de leur fille, apr\u00e8s la rencontre entre le chanteur et Marie Trintignant. Krisztina Rady avait apport\u00e9 un soutien inconditionnel \u00e0 Bertrand Cantat lors de son proc\u00e8s en Lituanie pour le meurtre de l&rsquo;actrice, pour lequel il a \u00e9t\u00e9 condamn\u00e9 \u00e0 huit ans de prison.<\/p>\n","protected":false},"excerpt":{"rendered":"Le 10 janvier 2010, Krisztina R\u00e1dy, ex-femme du chanteur de Noir D\u00e9sir et m\u00e8re de ses deux enfants,&hellip;\n","protected":false},"author":2,"featured_media":289056,"comment_status":"","ping_status":"","sticky":false,"template":"","format":"standard","meta":{"footnotes":""},"categories":[8],"tags":[456,58,59,1011,27,777],"class_list":{"0":"post-289055","1":"post","2":"type-post","3":"status-publish","4":"format-standard","5":"has-post-thumbnail","7":"category-divertissement","8":"tag-bertrand-cantat","9":"tag-divertissement","10":"tag-entertainment","11":"tag-fr","12":"tag-france","13":"tag-meurtre"},"share_on_mastodon":{"url":"https:\/\/pubeurope.com\/@fr\/114953642786435798","error":""},"_links":{"self":[{"href":"https:\/\/www.europesays.com\/fr\/wp-json\/wp\/v2\/posts\/289055","targetHints":{"allow":["GET"]}}],"collection":[{"href":"https:\/\/www.europesays.com\/fr\/wp-json\/wp\/v2\/posts"}],"about":[{"href":"https:\/\/www.europesays.com\/fr\/wp-json\/wp\/v2\/types\/post"}],"author":[{"embeddable":true,"href":"https:\/\/www.europesays.com\/fr\/wp-json\/wp\/v2\/users\/2"}],"replies":[{"embeddable":true,"href":"https:\/\/www.europesays.com\/fr\/wp-json\/wp\/v2\/comments?post=289055"}],"version-history":[{"count":0,"href":"https:\/\/www.europesays.com\/fr\/wp-json\/wp\/v2\/posts\/289055\/revisions"}],"wp:featuredmedia":[{"embeddable":true,"href":"https:\/\/www.europesays.com\/fr\/wp-json\/wp\/v2\/media\/289056"}],"wp:attachment":[{"href":"https:\/\/www.europesays.com\/fr\/wp-json\/wp\/v2\/media?parent=289055"}],"wp:term":[{"taxonomy":"category","embeddable":true,"href":"https:\/\/www.europesays.com\/fr\/wp-json\/wp\/v2\/categories?post=289055"},{"taxonomy":"post_tag","embeddable":true,"href":"https:\/\/www.europesays.com\/fr\/wp-json\/wp\/v2\/tags?post=289055"}],"curies":[{"name":"wp","href":"https:\/\/api.w.org\/{rel}","templated":true}]}}