{"id":289065,"date":"2025-08-01T13:06:12","date_gmt":"2025-08-01T13:06:12","guid":{"rendered":"https:\/\/www.europesays.com\/fr\/289065\/"},"modified":"2025-08-01T13:06:12","modified_gmt":"2025-08-01T13:06:12","slug":"deux-francaises-risquent-17-ans-de-prison-pour-avoir-transporte-des-valises-de-drogue","status":"publish","type":"post","link":"https:\/\/www.europesays.com\/fr\/289065\/","title":{"rendered":"deux Fran\u00e7aises risquent 17 ans de prison pour avoir transport\u00e9 des valises de drogue"},"content":{"rendered":"<p>Selon leur avocate, les deux jeunes femmes auraient \u00e9t\u00e9 manipul\u00e9es par un narcotrafiquant depuis la prison d\u2019Amiens. Elles doivent \u00eatre jug\u00e9es le 11 septembre.<\/p>\n<p class=\"fig-paragraph\">Depuis le mois de f\u00e9vrier, deux jeunes fran\u00e7aises patientent dans\u00a0<a href=\"http:\/\/www.lefigaro.fr\/livres\/il-n-y-a-jamais-eu-d-etat-de-droit-ni-de-democratie-en-turquie-ahmet-altan-accuse-de-soutien-aux-putschistes-de-2016-20250722\" data-fig-type=\"Article\" data-gtm-custom-categorie=\"navigation\" data-gtm-custom-action=\"crossclick\" data-gtm-custom-label=\"Contextuel\" data-gtm-event=\"customEventSPE\" data-fig-domain=\"LEFIGARO\" target=\"_blank\" rel=\"noopener\">les ge\u00f4les turques<\/a>\u00a0dans l\u2019attente de leur proc\u00e8s, le 11 septembre prochain. Elles sont accus\u00e9es d\u2019avoir\u00a0<a href=\"http:\/\/www.lefigaro.fr\/actualite-france\/affaire-air-cocaine-peines-confirmees-pour-les-responsables-de-la-compagnie-aerienne-20221130\" data-fig-type=\"NewsFlash\" data-gtm-custom-categorie=\"navigation\" data-gtm-custom-action=\"crossclick\" data-gtm-custom-label=\"Contextuel\" data-gtm-event=\"customEventSPE\" data-fig-domain=\"LEFIGARO\" target=\"_blank\" rel=\"noopener\">transport\u00e9 de la drogue dans des valises<\/a>\u00a0alors qu\u2019elles rentraient de Tha\u00eflande et faisaient escale \u00e0 Istanbul pour rejoindre la Belgique. Leur avocate, Me Carole-Olivia Montenot, affirme dans un communiqu\u00e9 relay\u00e9 par\u00a0<a href=\"https:\/\/www.radiofrance.fr\/franceinter\/podcasts\/l-info-de-france-inter\/l-info-de-france-inter-5044624\" target=\"_blank\" rel=\"sponsored noopener\" data-gtm-custom-categorie=\"navigation\" data-gtm-custom-action=\"crossclick\" data-gtm-custom-label=\"Contextuel\" data-gtm-event=\"customEventSPE\">France Inter<\/a>\u00a0et consult\u00e9 par Le Figaro, que les jeunes femmes ont \u00e9t\u00e9 tromp\u00e9es par un narcotrafiquant qui a organis\u00e9 le transport des stup\u00e9fiants depuis sa cellule de la maison d\u2019arr\u00eat d\u2019Amiens.<\/p>\n<p class=\"fig-paragraph\">Tout commence en janvier 2025 quand Ibtissen, 21 ans, et sa meilleure amie sont contact\u00e9es par \u00abune connaissance\u00bb qui propose de leur offrir des billets d\u2019avion pour la Tha\u00eflande et de les rejoindre plus tard. Elles ignorent alors que l\u2019homme qui leur parle est incarc\u00e9r\u00e9. Les jeunes filles profitent de leurs vacances et, au retour, se voient contraintes, selon leur avocate, de voyager avec des valises contenant des contrefa\u00e7ons, leur dit-on. Or, \u00aben escale \u00e0 Istanbul pour se rendre en Belgique elles ont \u00e9t\u00e9 arr\u00eat\u00e9es et de la drogue a \u00e9t\u00e9 d\u00e9couverte dans les valises qui leur avaient \u00e9t\u00e9 remises\u00bb, explique Me Montenot dans son communiqu\u00e9.<\/p>\n<p>                                    <a class=\"fig-a11y-skip a11y-hidden\" href=\"#fig-a11y-skip-main-inarticle\"><br \/>\n        Passer la publicit\u00e9<br \/>\n    <\/a><\/p>\n<p class=\"fig-paragraph\">Depuis, Ibtissen et son amie sont en d\u00e9tention provisoire et encourent une peine de 17 ann\u00e9es de prison \u00e0 l\u2019issue de leur proc\u00e8s qui se tiendra le 11 septembre. La famille d\u2019Ibtissen estime que l\u2019\u00e9tudiante \u00abne se serait jamais retrouv\u00e9e incarc\u00e9r\u00e9e en Turquie si l\u2019administration p\u00e9nitentiaire avait fait son travail correctement (&#8230;) En laissant un trafiquant poursuivre ses activit\u00e9s depuis sa cellule, l\u2019\u00c9tat fran\u00e7ais a failli \u00e0 sa mission et a permis \u00e0 un d\u00e9tenu d\u2019abuser de la vuln\u00e9rabilit\u00e9 d\u2019Ibtissem et de son amie\u00bb, d\u00e9roule Me Carole-Olivia Montenot. La p\u00e9naliste a fait un signalement au parquet d\u2019Amiens afin que des poursuites soient engag\u00e9es \u00e0 l\u2019encontre du d\u00e9tenu et que des investigations soient r\u00e9alis\u00e9es pour que \u00abla juridiction stambouliote ait une vision compl\u00e8te de la situation, et ainsi permettre la lib\u00e9ration d\u2019Ibtissem et son retour en France\u00bb.<\/p>\n","protected":false},"excerpt":{"rendered":"Selon leur avocate, les deux jeunes femmes auraient \u00e9t\u00e9 manipul\u00e9es par un narcotrafiquant depuis la prison d\u2019Amiens. Elles&hellip;\n","protected":false},"author":2,"featured_media":289066,"comment_status":"","ping_status":"","sticky":false,"template":"","format":"standard","meta":{"footnotes":""},"categories":[2],"tags":[11,1011,27,12,887],"class_list":{"0":"post-289065","1":"post","2":"type-post","3":"status-publish","4":"format-standard","5":"has-post-thumbnail","7":"category-actualites","8":"tag-actualites","9":"tag-fr","10":"tag-france","11":"tag-news","12":"tag-trafic-de-drogue"},"share_on_mastodon":{"url":"https:\/\/pubeurope.com\/@fr\/114953662173882404","error":""},"_links":{"self":[{"href":"https:\/\/www.europesays.com\/fr\/wp-json\/wp\/v2\/posts\/289065","targetHints":{"allow":["GET"]}}],"collection":[{"href":"https:\/\/www.europesays.com\/fr\/wp-json\/wp\/v2\/posts"}],"about":[{"href":"https:\/\/www.europesays.com\/fr\/wp-json\/wp\/v2\/types\/post"}],"author":[{"embeddable":true,"href":"https:\/\/www.europesays.com\/fr\/wp-json\/wp\/v2\/users\/2"}],"replies":[{"embeddable":true,"href":"https:\/\/www.europesays.com\/fr\/wp-json\/wp\/v2\/comments?post=289065"}],"version-history":[{"count":0,"href":"https:\/\/www.europesays.com\/fr\/wp-json\/wp\/v2\/posts\/289065\/revisions"}],"wp:featuredmedia":[{"embeddable":true,"href":"https:\/\/www.europesays.com\/fr\/wp-json\/wp\/v2\/media\/289066"}],"wp:attachment":[{"href":"https:\/\/www.europesays.com\/fr\/wp-json\/wp\/v2\/media?parent=289065"}],"wp:term":[{"taxonomy":"category","embeddable":true,"href":"https:\/\/www.europesays.com\/fr\/wp-json\/wp\/v2\/categories?post=289065"},{"taxonomy":"post_tag","embeddable":true,"href":"https:\/\/www.europesays.com\/fr\/wp-json\/wp\/v2\/tags?post=289065"}],"curies":[{"name":"wp","href":"https:\/\/api.w.org\/{rel}","templated":true}]}}