{"id":289067,"date":"2025-08-01T13:09:13","date_gmt":"2025-08-01T13:09:13","guid":{"rendered":"https:\/\/www.europesays.com\/fr\/289067\/"},"modified":"2025-08-01T13:09:13","modified_gmt":"2025-08-01T13:09:13","slug":"affaissement-de-la-chaussee-saint-etienne-la-rn488-partiellement-neutralisee","status":"publish","type":"post","link":"https:\/\/www.europesays.com\/fr\/289067\/","title":{"rendered":"Affaissement de la chauss\u00e9e Saint-\u00c9tienne : la RN488 partiellement neutralis\u00e9e"},"content":{"rendered":"<p>Depuis la nuit du jeudi 31 juillet au vendredi 1er ao\u00fbt, un tron\u00e7on de la RN488 est neutralis\u00e9 en raison d&rsquo;un affaissement de la chauss\u00e9e en direction de Clermont-Ferrand, \u00e0 Saint-\u00c9tienne. Les travaux devraient durer au moins deux mois.<\/p>\n<p>Si vous prenez r\u00e9guli\u00e8rement la <b>RN488 \u00e0 Saint-\u00c9tienne<\/b>, il faudra peut-\u00eatre changer vos habitudes.\u00a0<\/p>\n<p>Dans la nuit du jeudi 31 juillet au vendredi 1er ao\u00fbt, un tron\u00e7on de la voie lente a \u00e9t\u00e9 neutralis\u00e9 en direction de <b>Clermont-Ferrand<\/b>.\u00a0<\/p>\n<p>Pas de r\u00e9ouverture avant le 30 septembre au plus t\u00f4t<\/p>\n<p>En cause : un <b>affaissement de la chauss\u00e9e<\/b>. C&rsquo;est pour \u00e9viter un accident ou une aggravation du ph\u00e9nom\u00e8ne que les autorit\u00e9s ont d\u00e9cid\u00e9 d&rsquo;interrompre la circulation sur cette portion, pour <b>au moins deux mois<\/b>, le temps d&rsquo;effectuer les travaux n\u00e9cessaires.\u00a0<\/p>\n<p>La r\u00e9ouverture n&rsquo;est donc pas pr\u00e9vue avant le <b>30 septembre<\/b>, au plus t\u00f4t.\u00a0<\/p>\n<p>La Pr\u00e9fecture indique \u00e0 ce titre qu&rsquo;une <b>prolongation de la fermeture n&rsquo;est pas \u00e0 exclure<\/b>.<\/p>\n<p><img loading=\"lazy\" decoding=\"async\" src=\"https:\/\/www.europesays.com\/fr\/wp-content\/uploads\/2025\/08\/img\" width=\"350\" height=\"200\" border=\"0\" title=\"Design sans titre (2)\"\/><\/p>\n<p>\u25baTrafic<\/p>\n<p style=\"font-size: 22px;\"><b>Un week-end tr\u00e8s charg\u00e9 \u00e0 venir sur les routes d&rsquo;Auvergne-Rh\u00f4ne-Alpes<\/b><\/p>\n<p>Vous serez tr\u00e8s nombreux sur les routes entre le&#8230;<\/p>\n<p><\/p>\n","protected":false},"excerpt":{"rendered":"Depuis la nuit du jeudi 31 juillet au vendredi 1er ao\u00fbt, un tron\u00e7on de la RN488 est neutralis\u00e9&hellip;\n","protected":false},"author":2,"featured_media":289068,"comment_status":"","ping_status":"","sticky":false,"template":"","format":"standard","meta":{"footnotes":""},"categories":[9653],"tags":[1111,11,42814,2430,1777,674,1011,27,30898,12,25,18118,4001,2086],"class_list":{"0":"post-289067","1":"post","2":"type-post","3":"status-publish","4":"format-standard","5":"has-post-thumbnail","7":"category-saint-etienne","8":"tag-actu","9":"tag-actualites","10":"tag-affaissement-chausse","11":"tag-auvergne-rhone-alpes","12":"tag-eu","13":"tag-europe","14":"tag-fr","15":"tag-france","16":"tag-monthieu","17":"tag-news","18":"tag-republique-francaise","19":"tag-rn488","20":"tag-saint-etienne","21":"tag-travaux"},"share_on_mastodon":{"url":"https:\/\/pubeurope.com\/@fr\/114953674062463090","error":""},"_links":{"self":[{"href":"https:\/\/www.europesays.com\/fr\/wp-json\/wp\/v2\/posts\/289067","targetHints":{"allow":["GET"]}}],"collection":[{"href":"https:\/\/www.europesays.com\/fr\/wp-json\/wp\/v2\/posts"}],"about":[{"href":"https:\/\/www.europesays.com\/fr\/wp-json\/wp\/v2\/types\/post"}],"author":[{"embeddable":true,"href":"https:\/\/www.europesays.com\/fr\/wp-json\/wp\/v2\/users\/2"}],"replies":[{"embeddable":true,"href":"https:\/\/www.europesays.com\/fr\/wp-json\/wp\/v2\/comments?post=289067"}],"version-history":[{"count":0,"href":"https:\/\/www.europesays.com\/fr\/wp-json\/wp\/v2\/posts\/289067\/revisions"}],"wp:featuredmedia":[{"embeddable":true,"href":"https:\/\/www.europesays.com\/fr\/wp-json\/wp\/v2\/media\/289068"}],"wp:attachment":[{"href":"https:\/\/www.europesays.com\/fr\/wp-json\/wp\/v2\/media?parent=289067"}],"wp:term":[{"taxonomy":"category","embeddable":true,"href":"https:\/\/www.europesays.com\/fr\/wp-json\/wp\/v2\/categories?post=289067"},{"taxonomy":"post_tag","embeddable":true,"href":"https:\/\/www.europesays.com\/fr\/wp-json\/wp\/v2\/tags?post=289067"}],"curies":[{"name":"wp","href":"https:\/\/api.w.org\/{rel}","templated":true}]}}