{"id":289071,"date":"2025-08-01T13:11:12","date_gmt":"2025-08-01T13:11:12","guid":{"rendered":"https:\/\/www.europesays.com\/fr\/289071\/"},"modified":"2025-08-01T13:11:12","modified_gmt":"2025-08-01T13:11:12","slug":"ces-magasins-de-nancy-ont-retire-certaines-bieres-de-leurs-rayons-on-vous-explique-pourquoi","status":"publish","type":"post","link":"https:\/\/www.europesays.com\/fr\/289071\/","title":{"rendered":"Ces magasins de Nancy ont retir\u00e9 certaines bi\u00e8res de leurs rayons : on vous explique pourquoi"},"content":{"rendered":"<p>            Par<br \/>\n        <strong><br \/>\n            <a href=\"https:\/\/actu.fr\/auteur\/amandine-mehl\" title=\"Consulter tous les articles de Amandine Mehl\" target=\"_blank\" rel=\"noopener\">Amandine Mehl<\/a><br \/>\n        <\/strong><\/p>\n<p>        Publi\u00e9 le<\/p>\n<p>            1 ao\u00fbt 2025 \u00e0 12h06        <\/p>\n<p>Le 15\u00a0juillet dernier, la Ville de Nancy a lanc\u00e9 une <strong>nouvelle exp\u00e9rimentation<\/strong> avec des commer\u00e7ants volontaires. Concr\u00e8tement, depuis cette date et<strong> jusqu\u2019au 15\u00a0d\u00e9cembre 2025<\/strong>, diff\u00e9rentes bi\u00e8res ne sont <a href=\"https:\/\/actu.fr\/grand-est\/nancy_54395\/a-nancy-ces-bieres-ne-seront-plus-vendues-dans-certains-magasins-voici-pourquoi_62881448.html\" target=\"_blank\" rel=\"noopener\">plus vendues dans certains magasins<\/a>.<\/p>\n<p class=\" wall-content\">Le but derri\u00e8re ce dispositif\u2009: limiter l\u2019acc\u00e8s aux <a href=\"https:\/\/actu.fr\/tag\/biere\" target=\"_blank\" rel=\"noopener\">bi\u00e8res<\/a> fortes vendues \u00e0 l\u2019unit\u00e9, produits qui semblent \u00eatre <strong>les plus g\u00e9n\u00e9rateurs de troubles \u00e0 l\u2019ordre public<\/strong>, notamment chez les personnes en situation d\u2019errance et parfois d\u00e9pendantes \u00e0 l\u2019<a href=\"https:\/\/actu.fr\/tag\/alcool\" target=\"_blank\" rel=\"noopener\">alcool<\/a>.<\/p>\n<p>Ces magasins ne vendent plus certaines bi\u00e8res fortes \u00e0 l\u2019unit\u00e9 \u00e0 Nancy<\/p>\n<p class=\" wall-content\">Au total, <strong>une douzaine<\/strong> de <a href=\"https:\/\/actu.fr\/tag\/commerce\" target=\"_blank\" rel=\"noopener\">commerces<\/a> ont sign\u00e9 la <strong>charte d\u2019engagement<\/strong> et ont dont retir\u00e9 de leurs rayons les bi\u00e8res fortes, 6 degr\u00e9s et plus, vendues \u00e0 3\u00a0euros et moins, propos\u00e9es dans des contenants de 25 \u00e0 50\u00a0cl. Il s\u2019agit de\u2009:<\/p>\n<ul class=\" wall-content\">\n<li>Carrefour City \u2013 9 avenue du G\u00e9n\u00e9ral Leclerc\u2009;<\/li>\n<li>Carrefour Express \u2013 1 rue de la Charit\u00e9\u2009;<\/li>\n<li>Carrefour City \u2013 26 rue Saint Georges\u2009;<\/li>\n<li>\u00c9picerie du coin \u2013 33 boulevard Lobau\u2009;<\/li>\n<li>Carrefour Express \u2013 47 boulevard Jean Jaur\u00e8s\u2009;<\/li>\n<li>Carrefour Express \u2013 19 rue Mon-D\u00e9sert\u2009;<\/li>\n<li>Carrefour Express \u2013 27 avenue du XXe Corps\u2009;<\/li>\n<li>Carrefour Express \u2013 11 place de la Commanderie\u2009;<\/li>\n<li>\u00c9picerie Centrale \u2013 70 avenue du Mar\u00e9chal de Lattre de Tassigny\u2009;<\/li>\n<li>Lidl\u2009; rue du Grand Rabbin Haguenauer ;<\/li>\n<li>Proxi Super \u2013 44 rue Stanislas\u2009;<\/li>\n<li>Carrefour Contact \u2013 77-79 rue Charles Keller\u2009;<\/li>\n<li>\u00c9picerie de la cath\u00e9drale \u2013 65 rue Saint Georges.<\/li>\n<\/ul>\n<p class=\" wall-content\">Une liste <strong>susceptible d\u2019\u00e9voluer<\/strong> puisque la Ville a adress\u00e9 un courrier \u00e0 tous les commer\u00e7ants, y compris ceux qui n\u2019ont pas particip\u00e9 aux r\u00e9unions li\u00e9es \u00e0 l\u2019exp\u00e9rimentation.<\/p>\n<p class=\" wall-content\">Suivez toute l\u2019actualit\u00e9 de vos villes et m\u00e9dias favoris en vous inscrivant \u00e0 <a href=\"https:\/\/moncompte.actu.fr\" title=\"D\u00e9couvez Mon Actu\" rel=\"nofollow noopener\" data-trk=\"{&quot;cta&quot;:{&quot;action&quot;:&quot;https:\\\/\\\/moncompte.actu.fr&quot;,&quot;category&quot;:&quot;mon compte&quot;,&quot;from&quot;:&quot;article footer&quot;,&quot;name&quot;:&quot;Mon actu&quot;,&quot;type&quot;:&quot;cta&quot;}}\" target=\"_blank\">Mon Actu<\/a>.<\/p>\n","protected":false},"excerpt":{"rendered":"Par Amandine Mehl Publi\u00e9 le 1 ao\u00fbt 2025 \u00e0 12h06 Le 15\u00a0juillet dernier, la Ville de Nancy a&hellip;\n","protected":false},"author":2,"featured_media":235380,"comment_status":"","ping_status":"","sticky":false,"template":"","format":"standard","meta":{"footnotes":""},"categories":[9635],"tags":[1111,11,5702,7722,215,1777,674,1011,27,775,1702,12,25,104],"class_list":{"0":"post-289071","1":"post","2":"type-post","3":"status-publish","4":"format-standard","5":"has-post-thumbnail","7":"category-nancy","8":"tag-actu","9":"tag-actualites","10":"tag-alcool","11":"tag-biere","12":"tag-commerce","13":"tag-eu","14":"tag-europe","15":"tag-fr","16":"tag-france","17":"tag-grand-est","18":"tag-nancy","19":"tag-news","20":"tag-republique-francaise","21":"tag-societe"},"share_on_mastodon":{"url":"https:\/\/pubeurope.com\/@fr\/114953681904619427","error":""},"_links":{"self":[{"href":"https:\/\/www.europesays.com\/fr\/wp-json\/wp\/v2\/posts\/289071","targetHints":{"allow":["GET"]}}],"collection":[{"href":"https:\/\/www.europesays.com\/fr\/wp-json\/wp\/v2\/posts"}],"about":[{"href":"https:\/\/www.europesays.com\/fr\/wp-json\/wp\/v2\/types\/post"}],"author":[{"embeddable":true,"href":"https:\/\/www.europesays.com\/fr\/wp-json\/wp\/v2\/users\/2"}],"replies":[{"embeddable":true,"href":"https:\/\/www.europesays.com\/fr\/wp-json\/wp\/v2\/comments?post=289071"}],"version-history":[{"count":0,"href":"https:\/\/www.europesays.com\/fr\/wp-json\/wp\/v2\/posts\/289071\/revisions"}],"wp:featuredmedia":[{"embeddable":true,"href":"https:\/\/www.europesays.com\/fr\/wp-json\/wp\/v2\/media\/235380"}],"wp:attachment":[{"href":"https:\/\/www.europesays.com\/fr\/wp-json\/wp\/v2\/media?parent=289071"}],"wp:term":[{"taxonomy":"category","embeddable":true,"href":"https:\/\/www.europesays.com\/fr\/wp-json\/wp\/v2\/categories?post=289071"},{"taxonomy":"post_tag","embeddable":true,"href":"https:\/\/www.europesays.com\/fr\/wp-json\/wp\/v2\/tags?post=289071"}],"curies":[{"name":"wp","href":"https:\/\/api.w.org\/{rel}","templated":true}]}}