{"id":289080,"date":"2025-08-01T13:16:12","date_gmt":"2025-08-01T13:16:12","guid":{"rendered":"https:\/\/www.europesays.com\/fr\/289080\/"},"modified":"2025-08-01T13:16:12","modified_gmt":"2025-08-01T13:16:12","slug":"un-concertiste-international-aux-musicales-de-normandie-pres-de-dieppe","status":"publish","type":"post","link":"https:\/\/www.europesays.com\/fr\/289080\/","title":{"rendered":"Un concertiste international aux Musicales de Normandie pr\u00e8s de Dieppe"},"content":{"rendered":"<p>            Par<br \/>\n        <strong><br \/>\n            <a href=\"https:\/\/actu.fr\/auteur\/maria-dasilva\" title=\"Consulter tous les articles de Maria da Silva\" rel=\"nofollow noopener\" target=\"_blank\">Maria da Silva<\/a><br \/>\n        <\/strong><\/p>\n<p>        Publi\u00e9 le<\/p>\n<p>            1 ao\u00fbt 2025 \u00e0 14h58        <\/p>\n<p>Le festival <b>Les Musicales de Normandie<\/b> poursuit sa programmation dans la r\u00e9gion de <a href=\"https:\/\/actu.fr\/normandie\/dieppe_76217\" rel=\"nofollow noopener\" target=\"_blank\">Dieppe<\/a>. Si deux concerts affichent complets, deux autres sont \u00e0 d\u00e9couvrir. Le premier se tiendra samedi 2 ao\u00fbt 2025 \u00e0 20 h 30 au mus\u00e9e Michel-Ciry de <a href=\"https:\/\/actu.fr\/normandie\/varengeville-sur-mer_76720\" rel=\"nofollow noopener\" target=\"_blank\">Varengeville-sur-Mer (Seine-Maritime)<\/a>. <b>Fran\u00e7ois-Fr\u00e9d\u00e9ric Guy<\/b> jouera au piano des \u0153uvres de Liszt, Ravel et Beethoven.<\/p>\n<p class=\" wall-content\">Concertiste international, il proposera un magnifique r\u00e9cital. En miroir de trois \u0153uvres de Ravel, dont c\u2019est cette ann\u00e9e le 150e anniversaire de la naissance, B\u00e9n\u00e9diction de Dieu dans la solitude de Liszt repr\u00e9sente musicalement la solitude spirituelle et la m\u00e9ditation religieuse.<\/p>\n<p>Deux derniers concerts<\/p>\n<p class=\" wall-content\">En seconde partie, il jouera la sonate Clair de Lune et la sonate\u00a0Waldstein de <b>Beethoven<\/b>. Ces deux pi\u00e8ces constituent pour tout musicien un Graal \u00e0 atteindre, un sommet \u00e0 gravir, une qu\u00eate de l\u2019au-del\u00e0 et de l\u2019infini.<\/p>\n<p class=\" wall-content\">Beethoven nous emm\u00e8ne vers l\u2019au-del\u00e0, sans religion, mais non sans spiritualit\u00e9, et rejoint peut-\u00eatre ainsi Ravel dont les miroitements des couleurs nous envo\u00fbtent et nous \u00e9l\u00e8vent au-dessus de nous-m\u00eames.<\/p>\n<p>Vid\u00e9os : en ce moment sur Actu<\/p>\n<p class=\" wall-content\">Dimanche 3\u00a0ao\u00fbt, le <b>dernier <\/b>concert des Musicales de Normandie pour le territoire dieppois sera donn\u00e9 \u00e0 l\u2019\u00e9glise d\u2019<a href=\"https:\/\/actu.fr\/normandie\/hautot-sur-mer_76349\" rel=\"nofollow noopener\" target=\"_blank\">Hautot-sur-Mer<\/a>, \u00e0 16 h, avec Perrine Devillers, soprano, et Ariel Abramovich \u00e0 la vihuela demano dans \u00ab El Parnasso : la musica d\u2019Estevan Da\u00e7a \u00bb.<\/p>\n<p class=\" wall-content\">La <b>vihuela <\/b>est un instrument \u00e0 cordes pinc\u00e9es de la m\u00eame famille que le luth et la guitare. Il a occup\u00e9 une place de choix dans la musique de la Renaissance espagnole.<\/p>\n<p class=\" wall-content\">Estevan Da\u00e7a fut l\u2019un des derniers vihuelistes talentueux de l\u2019\u00e9poque, ayant consacr\u00e9 sa vie \u00e0 composer et transcrire des \u0153uvres polyphoniques de compositeurs espagnols et \u00e9trangers pour son instrument.<\/p>\n<p class=\" wall-content\">El Parnasso, est la seule collection musicale connue qu\u2019il ait publi\u00e9e. Divis\u00e9e en trois livres, elle contient \u00e0 la fois ses compositions pour vihuela seule ou vihuela et voix, ainsi que ses intabulations de chansons profanes fran\u00e7aises et espagnoles. Ce programme pr\u00e9sente des fantas\u00edas, sonnets et villancicos extraits des premier et troisi\u00e8me livres.<\/p>\n<p>Tarifs : de 14 \u00e0 26 \u20ac. Billetterie sur le site internet : https:\/\/musicales-normandie.com.<\/p>\n<p class=\" wall-content\">Suivez toute l\u2019actualit\u00e9 de vos villes et m\u00e9dias favoris en vous inscrivant \u00e0 <a href=\"https:\/\/moncompte.actu.fr\" title=\"D\u00e9couvez Mon Actu\" rel=\"nofollow noopener\" data-trk=\"{&quot;cta&quot;:{&quot;action&quot;:&quot;https:\\\/\\\/moncompte.actu.fr&quot;,&quot;category&quot;:&quot;mon compte&quot;,&quot;from&quot;:&quot;article footer&quot;,&quot;name&quot;:&quot;Mon actu&quot;,&quot;type&quot;:&quot;cta&quot;}}\" target=\"_blank\">Mon Actu<\/a>.<\/p>\n","protected":false},"excerpt":{"rendered":"Par Maria da Silva Publi\u00e9 le 1 ao\u00fbt 2025 \u00e0 14h58 Le festival Les Musicales de Normandie poursuit&hellip;\n","protected":false},"author":2,"featured_media":289081,"comment_status":"","ping_status":"","sticky":false,"template":"","format":"standard","meta":{"footnotes":""},"categories":[9587],"tags":[1111,11,1063,1697,1777,674,1011,27,1652,873,12,5161,25,9590],"class_list":{"0":"post-289080","1":"post","2":"type-post","3":"status-publish","4":"format-standard","5":"has-post-thumbnail","7":"category-rouen","8":"tag-actu","9":"tag-actualites","10":"tag-animations","11":"tag-concert","12":"tag-eu","13":"tag-europe","14":"tag-fr","15":"tag-france","16":"tag-loisirs-culture","17":"tag-musique","18":"tag-news","19":"tag-normandie","20":"tag-republique-francaise","21":"tag-rouen"},"share_on_mastodon":{"url":"https:\/\/pubeurope.com\/@fr\/114953701575712878","error":""},"_links":{"self":[{"href":"https:\/\/www.europesays.com\/fr\/wp-json\/wp\/v2\/posts\/289080","targetHints":{"allow":["GET"]}}],"collection":[{"href":"https:\/\/www.europesays.com\/fr\/wp-json\/wp\/v2\/posts"}],"about":[{"href":"https:\/\/www.europesays.com\/fr\/wp-json\/wp\/v2\/types\/post"}],"author":[{"embeddable":true,"href":"https:\/\/www.europesays.com\/fr\/wp-json\/wp\/v2\/users\/2"}],"replies":[{"embeddable":true,"href":"https:\/\/www.europesays.com\/fr\/wp-json\/wp\/v2\/comments?post=289080"}],"version-history":[{"count":0,"href":"https:\/\/www.europesays.com\/fr\/wp-json\/wp\/v2\/posts\/289080\/revisions"}],"wp:featuredmedia":[{"embeddable":true,"href":"https:\/\/www.europesays.com\/fr\/wp-json\/wp\/v2\/media\/289081"}],"wp:attachment":[{"href":"https:\/\/www.europesays.com\/fr\/wp-json\/wp\/v2\/media?parent=289080"}],"wp:term":[{"taxonomy":"category","embeddable":true,"href":"https:\/\/www.europesays.com\/fr\/wp-json\/wp\/v2\/categories?post=289080"},{"taxonomy":"post_tag","embeddable":true,"href":"https:\/\/www.europesays.com\/fr\/wp-json\/wp\/v2\/tags?post=289080"}],"curies":[{"name":"wp","href":"https:\/\/api.w.org\/{rel}","templated":true}]}}