{"id":289084,"date":"2025-08-01T13:22:12","date_gmt":"2025-08-01T13:22:12","guid":{"rendered":"https:\/\/www.europesays.com\/fr\/289084\/"},"modified":"2025-08-01T13:22:12","modified_gmt":"2025-08-01T13:22:12","slug":"275-telephones-151-paires-de-lunettes-118-cartes-bancaires-ont-ete-perdus","status":"publish","type":"post","link":"https:\/\/www.europesays.com\/fr\/289084\/","title":{"rendered":"275 t\u00e9l\u00e9phones, 151 paires de lunettes, 118 cartes bancaires ont \u00e9t\u00e9 perdus\u00a0!"},"content":{"rendered":"<p>            Par<br \/>\n        <strong><br \/>\n            <a href=\"https:\/\/actu.fr\/auteur\/adele-leberre\" title=\"Consulter tous les articles de Adele Leberre\" rel=\"nofollow noopener\" target=\"_blank\">Adele Leberre<\/a><br \/>\n        <\/strong><\/p>\n<p>        Publi\u00e9 le<\/p>\n<p>            1 ao\u00fbt 2025 \u00e0 12h06        <\/p>\n<p>Vous avez \u00e9gar\u00e9 votre t\u00e9l\u00e9phone ou vos cl\u00e9s lors du <a href=\"https:\/\/actu.fr\/bretagne\/carhaix-plouguer_29024\/jour-j-a-carhaix-cest-parti-pour-les-vieilles-charrues-les-dernieres-infos_62922438.html\" rel=\"nofollow noopener\" target=\"_blank\"><b>festival des Vieilles charrues 2025<\/b><\/a>\u2009? Vous avez une chance de les retrouver sur <b>la plateforme Sherlook.fr<\/b>.<\/p>\n<p class=\" wall-content\">Cr\u00e9\u00e9 par une entreprise rennaise en 2019, cet outil est pl\u00e9biscit\u00e9 par les organisateurs de festivals. \u00ab\u2009Nous leur proposons de transformer en <b>v\u00e9ritable service clients<\/b> ce qui \u00e9tait autrefois une grosse contrainte\u2009: les objets trouv\u00e9s\u2009\u00bb, pr\u00e9sente Fabrice Touba, le fondateur de Sherlook.<\/p>\n<p>1000 objets perdus \u00e0 Carhaix<\/p>\n<p class=\" wall-content\">Dans le cas des Vieilles charrues, les \u00e9quipes de b\u00e9n\u00e9voles ont photographi\u00e9, renseign\u00e9 et mis en ligne les <b>1000 objets retrouv\u00e9s sur le site<\/b> de Kerampuilh \u00e0 Carhaix (Finist\u00e8re)\u2009!<\/p>\n<p class=\" wall-content\">Un v\u00e9ritable inventaire \u00e0 la Pr\u00e9vert\u2009: <b>275 t\u00e9l\u00e9phones, 151 paires de lunettes, 118 cartes bancaires, 85 v\u00eatements, des permis de conduire<\/b>, des papiers d\u2019identit\u00e9, des bijoux, des sacs, des couvertures\u2026 et m\u00eame une combinaison de plong\u00e9e avec des palmes\u2009!<\/p>\n<p>81\u2009% des t\u00e9l\u00e9phones r\u00e9cup\u00e9r\u00e9s<\/p>\n<p class=\" wall-content\">Lors du festival, les \u00e9tourdis ont pu retrouver leurs biens sur l\u2019espace Objets trouv\u00e9s. D\u00e9sormais, Sherlook a rapatri\u00e9 l\u2019ensemble de ces objets dans un local d\u00e9di\u00e9. Le stock a d\u00e9j\u00e0 bien diminu\u00e9\u2009: \u00ab\u200981\u2009% des t\u00e9l\u00e9phones ont \u00e9t\u00e9 r\u00e9cup\u00e9r\u00e9s, 30\u2009% des lunettes, 33\u2009% des cartes bancaires, 16\u2009% des v\u00eatements\u2026\u2009\u00bb, informe Fabrice Touba.<\/p>\n<p>Vid\u00e9os : en ce moment sur Actu<\/p>\n<p class=\" wall-content\">Sur sa page Facebook, Sherlook signale sa pr\u00e9sence sur les festivals\u2009:<\/p>\n<p>    <a href=\"https:\/\/www.facebook.com\/plugins\/post.php?href=https%3A%2F%2Fwww.facebook.com%2FSherlook.fr%2Fposts%2Fpfbid02TYNkDtJkf5HuMTUDtPt5NekL8FDSPSQDTrtQZMFiwjAmp6a7USekYpqWHbZJkaFml&amp;show_text=true&amp;width=350\" title=\"Ouvrie le lien\" rel=\"nofollow noopener\" target=\"_blank\">Cliquez ici pour visualiser le contenu<\/a><\/p>\n<p class=\" wall-content\">Les retardataires peuvent toujours aller sur la plateforme y retrouver leurs objets. Mais ils devront <b>payer les frais postaux et le service<\/b>. Comptez par exemple 18\u00a0euros pour un t\u00e9l\u00e9phone portable. \u00ab\u2009Nous gardons un an et un jour l\u2019ensemble. Sauf les permis de conduire qui sont renvoy\u00e9s \u00e0 la pr\u00e9fecture concern\u00e9e et les papiers d\u2019identit\u00e9 dans les mairies au bout de trois mois\u2009\u00bb, signale Fabrice Touba.<\/p>\n<p>20\u00a0millions d\u2019objets perdus chaque ann\u00e9e<\/p>\n<p class=\" wall-content\">Les festivals ne sont pas les seuls int\u00e9ress\u00e9s parla solution de Sherlook. Tous les \u00e9v\u00e9nements et les campings constituent des clients potentiels.<\/p>\n<blockquote class=\"ac-article-quote wall-content\">\n<p>\u00ab\u2009En fait, notre cible, ce sont tous les lieux qui r\u00e9unissent un maximum de personnes. Chaque ann\u00e9e, 20\u00a0millions d\u2019objets sont perdus en France. Un service comme le n\u00f4tre permet de les retrouver facilement. Mais cela permet aussi de mettre les personnes en lien, de prot\u00e9ger la plan\u00e8te, d\u2019\u00e9viter de racheter un t\u00e9l\u00e9phone ou un v\u00eatement\u2026\u2009\u00bb<\/p>\n<p>Fabrice Touba, fondateur de Sherlook.<\/p><\/blockquote>\n<p class=\" wall-content\">La plateforme est \u00e9galement ouverte aux particuliers.<\/p>\n<p class=\" wall-content\">Suivez toute l\u2019actualit\u00e9 de vos villes et m\u00e9dias favoris en vous inscrivant \u00e0 <a href=\"https:\/\/moncompte.actu.fr\" title=\"D\u00e9couvez Mon Actu\" rel=\"nofollow noopener\" data-trk=\"{&quot;cta&quot;:{&quot;action&quot;:&quot;https:\\\/\\\/moncompte.actu.fr&quot;,&quot;category&quot;:&quot;mon compte&quot;,&quot;from&quot;:&quot;article footer&quot;,&quot;name&quot;:&quot;Mon actu&quot;,&quot;type&quot;:&quot;cta&quot;}}\" target=\"_blank\">Mon Actu<\/a>.<\/p>\n","protected":false},"excerpt":{"rendered":"Par Adele Leberre Publi\u00e9 le 1 ao\u00fbt 2025 \u00e0 12h06 Vous avez \u00e9gar\u00e9 votre t\u00e9l\u00e9phone ou vos cl\u00e9s&hellip;\n","protected":false},"author":2,"featured_media":289085,"comment_status":"","ping_status":"","sticky":false,"template":"","format":"standard","meta":{"footnotes":""},"categories":[2821],"tags":[1111,11,829,1777,674,1011,27,40319,12,584,25,104],"class_list":{"0":"post-289084","1":"post","2":"type-post","3":"status-publish","4":"format-standard","5":"has-post-thumbnail","7":"category-rennes","8":"tag-actu","9":"tag-actualites","10":"tag-bretagne","11":"tag-eu","12":"tag-europe","13":"tag-fr","14":"tag-france","15":"tag-les-vieilles-charrues","16":"tag-news","17":"tag-rennes","18":"tag-republique-francaise","19":"tag-societe"},"share_on_mastodon":{"url":"https:\/\/pubeurope.com\/@fr\/114953725107062770","error":""},"_links":{"self":[{"href":"https:\/\/www.europesays.com\/fr\/wp-json\/wp\/v2\/posts\/289084","targetHints":{"allow":["GET"]}}],"collection":[{"href":"https:\/\/www.europesays.com\/fr\/wp-json\/wp\/v2\/posts"}],"about":[{"href":"https:\/\/www.europesays.com\/fr\/wp-json\/wp\/v2\/types\/post"}],"author":[{"embeddable":true,"href":"https:\/\/www.europesays.com\/fr\/wp-json\/wp\/v2\/users\/2"}],"replies":[{"embeddable":true,"href":"https:\/\/www.europesays.com\/fr\/wp-json\/wp\/v2\/comments?post=289084"}],"version-history":[{"count":0,"href":"https:\/\/www.europesays.com\/fr\/wp-json\/wp\/v2\/posts\/289084\/revisions"}],"wp:featuredmedia":[{"embeddable":true,"href":"https:\/\/www.europesays.com\/fr\/wp-json\/wp\/v2\/media\/289085"}],"wp:attachment":[{"href":"https:\/\/www.europesays.com\/fr\/wp-json\/wp\/v2\/media?parent=289084"}],"wp:term":[{"taxonomy":"category","embeddable":true,"href":"https:\/\/www.europesays.com\/fr\/wp-json\/wp\/v2\/categories?post=289084"},{"taxonomy":"post_tag","embeddable":true,"href":"https:\/\/www.europesays.com\/fr\/wp-json\/wp\/v2\/tags?post=289084"}],"curies":[{"name":"wp","href":"https:\/\/api.w.org\/{rel}","templated":true}]}}