{"id":289088,"date":"2025-08-01T13:24:10","date_gmt":"2025-08-01T13:24:10","guid":{"rendered":"https:\/\/www.europesays.com\/fr\/289088\/"},"modified":"2025-08-01T13:24:10","modified_gmt":"2025-08-01T13:24:10","slug":"cest-un-puits-sans-fond","status":"publish","type":"post","link":"https:\/\/www.europesays.com\/fr\/289088\/","title":{"rendered":"C&rsquo;est un puits sans fond"},"content":{"rendered":"<p>            Par<br \/>\n        <strong><br \/>\n            <a href=\"https:\/\/actu.fr\/auteur\/olivia-kouassi\" title=\"Consulter tous les articles de Olivia Kouassi\" rel=\"nofollow noopener\" target=\"_blank\">Olivia Kouassi<\/a><br \/>\n        <\/strong><\/p>\n<p>        Publi\u00e9 le<\/p>\n<p>            1 ao\u00fbt 2025 \u00e0 15h14        <\/p>\n<p>\u00ab\u2009On est <strong>submerg\u00e9<\/strong>, on a l\u2019impression que c\u2019est un <strong>puits sans fond<\/strong>\u2009\u00bb, r\u00e9sume Isabelle Oche, pr\u00e9sidente de l\u2019association Cat\u2019MonDoux qui \u0153uvre pour la<strong> protection animale<\/strong>. Les communes de <a href=\"https:\/\/actu.fr\/strasbourg\/\" rel=\"nofollow noopener\" target=\"_blank\">l\u2019Eurom\u00e9tropole de Strasbourg<\/a> (EMS) font face \u00e0 une population importante de <strong>chats errants<\/strong> sur le territoire. Une <strong>situation difficile \u00e0 r\u00e9guler,<\/strong> malgr\u00e9 la mobilisation des associations et de l\u2019EMS qui multiplient les campagnes de captures et de <strong>st\u00e9rilisations<\/strong>, notamment via le dispositif \u00ab\u2009Chats Libres\u2009\u00bb.<\/p>\n<p>Pr\u00e8s de 700 chats errants captur\u00e9s dans le Bas-Rhin<\/p>\n<p class=\" wall-content\">Ce ne sont pas moins de <strong>667 chats errants<\/strong> qui ont \u00e9t\u00e9 captur\u00e9s et st\u00e9rilis\u00e9s en 2024 dans le Bas-Rhin, principalement dans des communes de l\u2019EMS par la centaine de b\u00e9n\u00e9voles de la seule association Cat\u2019MonDoux. \u00ab\u2009Nous organisons des captures toute l\u2019ann\u00e9e, au fil de l\u2019eau et selon les signalements\u2009\u00bb, explique Isabelle Oche. Parmi ces chats errants captur\u00e9s et st\u00e9rilis\u00e9s<strong>, 391 ont \u00e9t\u00e9 gard\u00e9s en vue d\u2019\u00eatre adopt\u00e9s.<\/strong><\/p>\n<p class=\" wall-content\">Alors que la saison des naissances vient de se terminer, l\u2019association est arriv\u00e9e \u00e0 saturation en cette fin de mois de juillet. <strong>\u00ab\u2009Nous n\u2019avons plus de places<\/strong>\u2009\u00bb, d\u00e9taille la pr\u00e9sidente de CAT\u2019MonDoux.<\/p>\n<p>Les contraintes du dispositif Chats Libres<\/p>\n<p class=\" wall-content\">D\u00e8s 2022, la municipalit\u00e9 \u00e9cologiste de l\u2019EMS a voulu prendre le sujet \u00e0 bras-le-corps en mettant en place le<strong> dispositif Chats Libres.<\/strong> En collaboration avec cinq associations d\u00e9di\u00e9es \u00e0 la protection des animaux (CAT\u2019MonDoux, ERA, SPA Strasbourg, les Chats\u2019soci\u00e9s et Le Chat\u2019home de Luna), des <strong>campagnes de captures et de st\u00e9rilisations<\/strong> sont organis\u00e9es une fois par mois. Plus de <strong>200 chats errants<\/strong> ont ainsi \u00e9t\u00e9 st\u00e9rilis\u00e9s dans ce cadre depuis le lancement du dispositif dont une quarantaine en 2024.<\/p>\n<p class=\" wall-content\">Des<strong> chiffres modestes<\/strong> expliqu\u00e9s en raison du \u00ab\u2009cadre tr\u00e8s contraint\u2009\u00bb dans lequel s\u2019organisent ces campagnes. Pr\u00e9vu une fois par mois sur trois jours sur un secteur pr\u00e9cis, le dispositif ne permet pas une grande flexibilit\u00e9.<\/p>\n<p>Savez-vous quelle est la diff\u00e9rence entre un chat errant et un chat libre\u2009?<\/p>\n<p>Si le chat errant n\u2019a pas de propri\u00e9taire et ne b\u00e9n\u00e9ficie donc pas de suivi, le chat libre lui est un chat qui vit dehors mais dispose d\u2019un propri\u00e9taire, par exemple une association, qui s\u2019est assur\u00e9e de sa st\u00e9rilisation notamment.<br \/>Ce sont des chats qui sont trop sauvages et ne peuvent \u00eatre domestiqu\u00e9s mais qui restent identifi\u00e9s et dont le suivi peut \u00eatre assur\u00e9. Ils sont environ 350 \u00e0 se balader dans les communes de l\u2019Eurom\u00e9tropole.<\/p>\n<p>Une volont\u00e9 d\u2019acc\u00e9l\u00e9rer le dispositif<\/p>\n<p class=\" wall-content\">\u00ab\u2009<strong>On aimerait intensifier<\/strong> les actions, mais nous sommes limit\u00e9s par la disponibilit\u00e9 de v\u00e9t\u00e9rinaires partenaires\u2009\u00bb, d\u00e9taille Marie-Laure D\u00e9sigaux, charg\u00e9e de missions \u00ab\u2009<a href=\"https:\/\/actu.fr\/tag\/animaux\" rel=\"nofollow noopener\" target=\"_blank\">Animal<\/a> en Ville\u2009\u00bb au sein de l\u2019EMS qui juge la r\u00e9gulation du nombre de chats errant comment \u00e9tant une <strong>probl\u00e9matique \u00ab\u2009sans fin\u2009\u00bb<\/strong> \u00e0 l\u2019instar de la pr\u00e9sidente de l\u2019association. Un seul centre v\u00e9t\u00e9rinaire proc\u00e8de en effet \u00e0 la st\u00e9rilisation des chats captur\u00e9s dans le cadre du dispositif territorial.<\/p>\n<p class=\" wall-content\">\u00ab\u2009La st\u00e9rilisation des chats n\u2019est pas obligatoire pour leurs propri\u00e9taires, c\u2019est donc <strong>difficile de r\u00e9guler les naissances\u2009\u00bb<\/strong>, d\u00e9taille la charg\u00e9e de mission qui rappelle qu\u2019un seul couple de chats, non st\u00e9rilis\u00e9s, qui se reproduit, peut \u00eatre \u00e0 l\u2019origine de<strong> la naissance de 20\u2009000 chatons<\/strong> en quatre ans.<\/p>\n<p class=\" wall-content\">Suivez toute l\u2019actualit\u00e9 de vos villes et m\u00e9dias favoris en vous inscrivant \u00e0 <a href=\"https:\/\/moncompte.actu.fr\" title=\"D\u00e9couvez Mon Actu\" rel=\"nofollow noopener\" data-trk=\"{&quot;cta&quot;:{&quot;action&quot;:&quot;https:\\\/\\\/moncompte.actu.fr&quot;,&quot;category&quot;:&quot;mon compte&quot;,&quot;from&quot;:&quot;article footer&quot;,&quot;name&quot;:&quot;Mon actu&quot;,&quot;type&quot;:&quot;cta&quot;}}\" target=\"_blank\">Mon Actu<\/a>.<\/p>\n","protected":false},"excerpt":{"rendered":"Par Olivia Kouassi Publi\u00e9 le 1 ao\u00fbt 2025 \u00e0 15h14 \u00ab\u2009On est submerg\u00e9, on a l\u2019impression que c\u2019est&hellip;\n","protected":false},"author":2,"featured_media":289089,"comment_status":"","ping_status":"","sticky":false,"template":"","format":"standard","meta":{"footnotes":""},"categories":[2820],"tags":[1111,11,1867,7654,1777,674,1011,27,775,12,25,104,640],"class_list":{"0":"post-289088","1":"post","2":"type-post","3":"status-publish","4":"format-standard","5":"has-post-thumbnail","7":"category-strasbourg","8":"tag-actu","9":"tag-actualites","10":"tag-animaux","11":"tag-chat","12":"tag-eu","13":"tag-europe","14":"tag-fr","15":"tag-france","16":"tag-grand-est","17":"tag-news","18":"tag-republique-francaise","19":"tag-societe","20":"tag-strasbourg"},"share_on_mastodon":{"url":"https:\/\/pubeurope.com\/@fr\/114953733009718906","error":""},"_links":{"self":[{"href":"https:\/\/www.europesays.com\/fr\/wp-json\/wp\/v2\/posts\/289088","targetHints":{"allow":["GET"]}}],"collection":[{"href":"https:\/\/www.europesays.com\/fr\/wp-json\/wp\/v2\/posts"}],"about":[{"href":"https:\/\/www.europesays.com\/fr\/wp-json\/wp\/v2\/types\/post"}],"author":[{"embeddable":true,"href":"https:\/\/www.europesays.com\/fr\/wp-json\/wp\/v2\/users\/2"}],"replies":[{"embeddable":true,"href":"https:\/\/www.europesays.com\/fr\/wp-json\/wp\/v2\/comments?post=289088"}],"version-history":[{"count":0,"href":"https:\/\/www.europesays.com\/fr\/wp-json\/wp\/v2\/posts\/289088\/revisions"}],"wp:featuredmedia":[{"embeddable":true,"href":"https:\/\/www.europesays.com\/fr\/wp-json\/wp\/v2\/media\/289089"}],"wp:attachment":[{"href":"https:\/\/www.europesays.com\/fr\/wp-json\/wp\/v2\/media?parent=289088"}],"wp:term":[{"taxonomy":"category","embeddable":true,"href":"https:\/\/www.europesays.com\/fr\/wp-json\/wp\/v2\/categories?post=289088"},{"taxonomy":"post_tag","embeddable":true,"href":"https:\/\/www.europesays.com\/fr\/wp-json\/wp\/v2\/tags?post=289088"}],"curies":[{"name":"wp","href":"https:\/\/api.w.org\/{rel}","templated":true}]}}