{"id":289090,"date":"2025-08-01T13:25:12","date_gmt":"2025-08-01T13:25:12","guid":{"rendered":"https:\/\/www.europesays.com\/fr\/289090\/"},"modified":"2025-08-01T13:25:12","modified_gmt":"2025-08-01T13:25:12","slug":"a-la-prison-de-strasbourg-tout-concourt-a-faire-exploser-la-cocotte-minute-liberation","status":"publish","type":"post","link":"https:\/\/www.europesays.com\/fr\/289090\/","title":{"rendered":"\u00e0 la prison de Strasbourg, tout concourt \u00e0 faire \u00abexploser la cocotte-minute\u00bb \u2013 Lib\u00e9ration"},"content":{"rendered":"<p class=\"sc-ksZaOG ehjQrN text-element\">Depuis la cour o\u00f9 il encha\u00eene les tours de promenade, un jeune d\u00e9tenu l\u00e8ve la t\u00eate et capte la pr\u00e9sence d\u2019une cam\u00e9ra. Quatre \u00e9tages plus haut, dans le b\u00e2timent A de la maison d\u2019arr\u00eat de Strasbourg, une journaliste a gliss\u00e9 son objectif sur le rebord d\u2019une petite fen\u00eatre carr\u00e9e pour filmer des images d\u2019illustration. Amus\u00e9 par la pr\u00e9sence de l\u2019appareil, le d\u00e9tenu retire son maillot de foot. Torse nu, il l\u00e8ve les bras et crie : \u00abSeulement une promenade par jour ! Un seul paquet de p\u00e2tes par semaine !\u00bb<\/p>\n<p class=\"sc-ksZaOG ehjQrN text-element\">Mercredi 16 juillet, Emmanuel Fernandes, <a href=\"https:\/\/www.liberation.fr\/politique\/a-strasbourg-un-depute-insoumis-pret-au-referendum-revocatoire-20240126_GW4U37K65ZAPLD7RARHQX7SA3I\/\" target=\"_blank\" rel=\"noopener\" title=\"https:\/\/www.liberation.fr\/politique\/a-strasbourg-un-depute-insoumis-pret-au-referendum-revocatoire-20240126_GW4U37K65ZAPLD7RARHQX7SA3I\/\">d\u00e9put\u00e9 LFI de la deuxi\u00e8me circonscription du Bas-Rhin<\/a>, s\u2019est pr\u00e9sent\u00e9, en d\u00e9but d\u2019apr\u00e8s-midi, \u00e0 la porte de la maison d\u2019arr\u00eat, accompagn\u00e9 de journalistes, dont Lib\u00e9ration. Il conna\u00eet l\u2019\u00e9tablissement : en 2022, fra\u00eechement \u00e9lu, il avait d\u00e9j\u00e0 fait valoir son droit de visite. \u00abJe retourne sur place pour voir l\u2019\u00e9volution : elle est plut\u00f4t n\u00e9gative, estime-t-il. Un \u00e9tablissement p\u00e9nitentiaire n\u2019est pas cens\u00e9 mener \u00e0 la mort.\u00bb Le 29 juin, <a href=\"https:\/\/www.liberation.fr\/societe\/police-justice\/ici-cest-le-pire-apres-la-mort-dun-detenu-dans-la-prison-de-strasbourg-des-voix-selevent-contre-les-conditions-dinc&lt;\/p&gt;&lt;\/div&gt;&lt;\/article&gt;&lt;\/div&gt;&lt;div data-fusion-lazy-id=\" f0f8vgvlad832fw=\"\" target=\"_blank\" rel=\"noopener\"><\/p>\n","protected":false},"excerpt":{"rendered":"Depuis la cour o\u00f9 il encha\u00eene les tours de promenade, un jeune d\u00e9tenu l\u00e8ve la t\u00eate et capte&hellip;\n","protected":false},"author":2,"featured_media":289091,"comment_status":"","ping_status":"","sticky":false,"template":"","format":"standard","meta":{"footnotes":""},"categories":[2820],"tags":[1111,11,1777,674,1011,27,775,12,899,25,640],"class_list":{"0":"post-289090","1":"post","2":"type-post","3":"status-publish","4":"format-standard","5":"has-post-thumbnail","7":"category-strasbourg","8":"tag-actu","9":"tag-actualites","10":"tag-eu","11":"tag-europe","12":"tag-fr","13":"tag-france","14":"tag-grand-est","15":"tag-news","16":"tag-prisons","17":"tag-republique-francaise","18":"tag-strasbourg"},"share_on_mastodon":{"url":"https:\/\/pubeurope.com\/@fr\/114953736990842251","error":""},"_links":{"self":[{"href":"https:\/\/www.europesays.com\/fr\/wp-json\/wp\/v2\/posts\/289090","targetHints":{"allow":["GET"]}}],"collection":[{"href":"https:\/\/www.europesays.com\/fr\/wp-json\/wp\/v2\/posts"}],"about":[{"href":"https:\/\/www.europesays.com\/fr\/wp-json\/wp\/v2\/types\/post"}],"author":[{"embeddable":true,"href":"https:\/\/www.europesays.com\/fr\/wp-json\/wp\/v2\/users\/2"}],"replies":[{"embeddable":true,"href":"https:\/\/www.europesays.com\/fr\/wp-json\/wp\/v2\/comments?post=289090"}],"version-history":[{"count":0,"href":"https:\/\/www.europesays.com\/fr\/wp-json\/wp\/v2\/posts\/289090\/revisions"}],"wp:featuredmedia":[{"embeddable":true,"href":"https:\/\/www.europesays.com\/fr\/wp-json\/wp\/v2\/media\/289091"}],"wp:attachment":[{"href":"https:\/\/www.europesays.com\/fr\/wp-json\/wp\/v2\/media?parent=289090"}],"wp:term":[{"taxonomy":"category","embeddable":true,"href":"https:\/\/www.europesays.com\/fr\/wp-json\/wp\/v2\/categories?post=289090"},{"taxonomy":"post_tag","embeddable":true,"href":"https:\/\/www.europesays.com\/fr\/wp-json\/wp\/v2\/tags?post=289090"}],"curies":[{"name":"wp","href":"https:\/\/api.w.org\/{rel}","templated":true}]}}