{"id":289101,"date":"2025-08-01T13:31:21","date_gmt":"2025-08-01T13:31:21","guid":{"rendered":"https:\/\/www.europesays.com\/fr\/289101\/"},"modified":"2025-08-01T13:31:21","modified_gmt":"2025-08-01T13:31:21","slug":"la-police-recherche-noellia-17-ans-portee-disparue-depuis-une-semaine","status":"publish","type":"post","link":"https:\/\/www.europesays.com\/fr\/289101\/","title":{"rendered":"La police recherche No\u00ebllia, 17 ans, port\u00e9e disparue depuis une semaine"},"content":{"rendered":"<p><strong>disparition &#8211; La police nationale de la Gironde a lanc\u00e9 un appel \u00e0 t\u00e9moins pour \u00ab disparition inqui\u00e9tante de personne mineure \u00bb afin de retrouver No\u00ebllia, 17 ans<\/strong><\/p>\n<p>Aucune trace depuis une semaine. La police nationale de la <a href=\"https:\/\/www.20minutes.fr\/dossier\/gironde?at_medium=RSS%20feed&amp;at_campaign=ynews&amp;utm_source=yahoo&amp;utm_medium=rss&amp;utm_campaign=news_feed&amp;utm_content=in_article_link\" rel=\"nofollow noopener\" target=\"_blank\" data-ylk=\"slk:Gironde;elm:context_link;itc:0;sec:content-canvas\" class=\"link \">Gironde <\/a>a lanc\u00e9 un <a href=\"https:\/\/www.20minutes.fr\/societe\/appel-temoins\/?at_medium=RSS%20feed&amp;at_campaign=ynews&amp;utm_source=yahoo&amp;utm_medium=rss&amp;utm_campaign=news_feed&amp;utm_content=in_article_link\" rel=\"nofollow noopener\" target=\"_blank\" data-ylk=\"slk:appel \u00e0 t\u00e9moins;elm:context_link;itc:0;sec:content-canvas\" class=\"link \">appel \u00e0 t\u00e9moins<\/a> pour \u00ab disparition inqui\u00e9tante de personne mineure \u00bb afin de retrouver No\u00ebllia Pecheux. Ag\u00e9e de 17 ans, l\u2019adolescente a disparu le 23 juillet dernier, aux alentours de 17 heures, \u00e0 <a href=\"https:\/\/www.20minutes.fr\/bordeaux\/?at_medium=RSS%20feed&amp;at_campaign=ynews&amp;utm_source=yahoo&amp;utm_medium=rss&amp;utm_campaign=news_feed&amp;utm_content=in_article_link\" rel=\"nofollow noopener\" target=\"_blank\" data-ylk=\"slk:Bordeaux;elm:context_link;itc:0;sec:content-canvas\" class=\"link \">Bordeaux<\/a>.<\/p>\n<p>Dans son appel \u00e0 t\u00e9moins, la police pr\u00e9cise que No\u00ebllia mesure 1,67 m. Elle est de corpulence mince et ses cheveux sont mi-longs, raides et ch\u00e2tains. La derni\u00e8re fois qu\u2019elle a \u00e9t\u00e9 aper\u00e7ue, elle portait des chaussures rouges avec des bandes blanches.<\/p>\n<p>La police ajoute \u00ab si vous avez des informations, contactez le commissariat de Cenon au 05 47 30 58 65 (heures ouvrables) ou le num\u00e9ro vert 0 800 00 38 45 (24\/24) \u00bb.<\/p>\n<p><a href=\"https:\/\/www.20minutes.fr\/faits_divers\/4166255-20250801-bordeaux-police-recherche-noellia-17-ans-portee-disparue-depuis-semaine?at_medium=RSS%20feed&amp;at_campaign=ynews&amp;utm_source=yahoo&amp;utm_medium=rss&amp;utm_campaign=news_feed&amp;utm_content=read_more_link\" rel=\"nofollow noopener\" target=\"_blank\" data-ylk=\"slk:Lire la suite sur 20minutes;elm:context_link;itc:0;sec:content-canvas\" class=\"link \">Lire la suite sur 20minutes<\/a><\/p>\n<p>\u00c0 lire aussi :<br \/><a href=\"https:\/\/www.20minutes.fr\/faits_divers\/faits-divers-toulouse\/4163636-20250715-haute-garonne-chloe-14-ans-portee-disparue-depuis-trois-mois-tombee-griffes-proxenetes?at_medium=RSS%20feed&amp;at_campaign=ynews&amp;utm_source=yahoo&amp;utm_medium=rss&amp;utm_campaign=news_feed&amp;utm_content=related_content_link\" rel=\"nofollow noopener\" target=\"_blank\" data-ylk=\"slk:Haute-Garonne : Chlo\u00e9, 14 ans et port\u00e9e disparue depuis trois mois est-elle tomb\u00e9e dans les griffes de prox\u00e9n\u00e8tes ?;elm:context_link;itc:0;sec:content-canvas\" class=\"link \">Haute-Garonne : Chlo\u00e9, 14 ans et port\u00e9e disparue depuis trois mois est-elle tomb\u00e9e dans les griffes de prox\u00e9n\u00e8tes ?<\/a><br \/><a href=\"https:\/\/www.20minutes.fr\/monde\/finlande\/4157771-20250610-finlande-police-recherche-famille-dix-personnes-disparue-depuis-an?at_medium=RSS%20feed&amp;at_campaign=ynews&amp;utm_source=yahoo&amp;utm_medium=rss&amp;utm_campaign=news_feed&amp;utm_content=related_content_link\" rel=\"nofollow noopener\" target=\"_blank\" data-ylk=\"slk:Finlande : La police \u00e0 la recherche d\u2019une famille de dix personnes, disparue depuis un an;elm:context_link;itc:0;sec:content-canvas\" class=\"link \">Finlande : La police \u00e0 la recherche d\u2019une famille de dix personnes, disparue depuis un an<\/a><\/p>\n","protected":false},"excerpt":{"rendered":"disparition &#8211; La police nationale de la Gironde a lanc\u00e9 un appel \u00e0 t\u00e9moins pour \u00ab disparition inqui\u00e9tante&hellip;\n","protected":false},"author":2,"featured_media":289102,"comment_status":"","ping_status":"","sticky":false,"template":"","format":"standard","meta":{"footnotes":""},"categories":[2817],"tags":[1111,11,4260,1997,1777,674,1011,27,20872,3371,12,42815,2219,4843,25],"class_list":{"0":"post-289101","1":"post","2":"type-post","3":"status-publish","4":"format-standard","5":"has-post-thumbnail","7":"category-bordeaux","8":"tag-actu","9":"tag-actualites","10":"tag-appel-a-temoins","11":"tag-bordeaux","12":"tag-eu","13":"tag-europe","14":"tag-fr","15":"tag-france","16":"tag-la-gironde","17":"tag-la-police","18":"tag-news","19":"tag-noellia-pecheux","20":"tag-nouvelle-aquitaine","21":"tag-police-nationale","22":"tag-republique-francaise"},"share_on_mastodon":{"url":"https:\/\/pubeurope.com\/@fr\/114953760577258927","error":""},"_links":{"self":[{"href":"https:\/\/www.europesays.com\/fr\/wp-json\/wp\/v2\/posts\/289101","targetHints":{"allow":["GET"]}}],"collection":[{"href":"https:\/\/www.europesays.com\/fr\/wp-json\/wp\/v2\/posts"}],"about":[{"href":"https:\/\/www.europesays.com\/fr\/wp-json\/wp\/v2\/types\/post"}],"author":[{"embeddable":true,"href":"https:\/\/www.europesays.com\/fr\/wp-json\/wp\/v2\/users\/2"}],"replies":[{"embeddable":true,"href":"https:\/\/www.europesays.com\/fr\/wp-json\/wp\/v2\/comments?post=289101"}],"version-history":[{"count":0,"href":"https:\/\/www.europesays.com\/fr\/wp-json\/wp\/v2\/posts\/289101\/revisions"}],"wp:featuredmedia":[{"embeddable":true,"href":"https:\/\/www.europesays.com\/fr\/wp-json\/wp\/v2\/media\/289102"}],"wp:attachment":[{"href":"https:\/\/www.europesays.com\/fr\/wp-json\/wp\/v2\/media?parent=289101"}],"wp:term":[{"taxonomy":"category","embeddable":true,"href":"https:\/\/www.europesays.com\/fr\/wp-json\/wp\/v2\/categories?post=289101"},{"taxonomy":"post_tag","embeddable":true,"href":"https:\/\/www.europesays.com\/fr\/wp-json\/wp\/v2\/tags?post=289101"}],"curies":[{"name":"wp","href":"https:\/\/api.w.org\/{rel}","templated":true}]}}