{"id":289103,"date":"2025-08-01T13:32:14","date_gmt":"2025-08-01T13:32:14","guid":{"rendered":"https:\/\/www.europesays.com\/fr\/289103\/"},"modified":"2025-08-01T13:32:14","modified_gmt":"2025-08-01T13:32:14","slug":"toulouse-decouvrez-les-derniers-artistes-a-laffiche-du-rose-festival","status":"publish","type":"post","link":"https:\/\/www.europesays.com\/fr\/289103\/","title":{"rendered":"Toulouse. D\u00e9couvrez les derniers artistes \u00e0 l&rsquo;affiche du Rose Festival\u00a0!"},"content":{"rendered":"<p>            Par<br \/>\n        <strong><br \/>\n            <a href=\"https:\/\/actu.fr\/auteur\/guillaume-laurens\" title=\"Consulter tous les articles de Guillaume Laurens\" target=\"_blank\" rel=\"noopener\">Guillaume Laurens<\/a><br \/>\n        <\/strong><\/p>\n<p>        Publi\u00e9 le<\/p>\n<p>            1 ao\u00fbt 2025 \u00e0 15h15        <\/p>\n<p>C\u2019est l\u2019un des \u00e9v\u00e9nements de l\u2019\u00e9t\u00e9 dans la r\u00e9gion. Du vendredi\u00a029 au dimanche 31\u00a0ao\u00fbt 2025, <strong><a href=\"https:\/\/actu.fr\/tag\/bigflo-et-oli\" target=\"_blank\" rel=\"noopener\">Bigflo &amp; Oli<\/a><\/strong> sont aux commandes de la 4e \u00e9dition du <strong>Rose Festival<\/strong>, qui se tient cette ann\u00e9e encore au Meett, le grand parc des expositions situ\u00e9 \u00e0 Aussonne, au nord de la Ville rose. Pour cl\u00f4turer la programmation, l\u2019organisation vient de d\u00e9voiler \u00ab\u2009les toutes <strong>derni\u00e8res p\u00e9pites<\/strong> \u00e0 d\u00e9couvrir\u2009\u00bb.<\/p>\n<p>Ana\u00efs MVA, Aupinard et autres \u00ab\u2009artistes en devenir\u2009\u00bb<\/p>\n<p class=\" wall-content\">\u00c0 quatre semaines de l\u2019\u00e9v\u00e9nement, la production a livr\u00e9 <strong>le clou de la programmation,<\/strong> avec \u00ab\u2009une fine s\u00e9lection de la g\u00e9n\u00e9ration montante de la sc\u00e8ne musicale fran\u00e7aise\u2009\u00bb.<\/p>\n<p class=\" wall-content\">Parmi ces derniers artistes qui seront \u00e0 l\u2019honneur lors du festival\u2009: <strong>Ana\u00efs MVA<\/strong>, jeune autrice-compositrice-interpr\u00e8te de 22\u00a0ans form\u00e9e sur les bancs du conservatoire, d\u00e9couverte sur Tiktok sans filtre et par petits morceaux, viendra faire d\u00e9couvrir le samedi 30\u00a0ao\u00fbt ses <strong>cr\u00e9ations piano\/voix<\/strong>.<\/p>\n<p class=\" wall-content\"><strong>Aupinard\u00a0<\/strong>et sa voix singuli\u00e8re alliant po\u00e9sie brute et m\u00e9lodies saisissantes, offriront un concert plein d\u2019\u00e9motions et de vie, le tout port\u00e9 par une esth\u00e9tique sonore \u00e0 la fois moderne et intemporelle, le dimanche 31\u00a0ao\u00fbt.<\/p>\n<p class=\" wall-content\">Pour parfaire cette programmation d\u2019artistes en devenir, le festival fera d\u00e9couvrir <strong>Ekiz<\/strong> (le vendredi)<strong>, Jaja<\/strong> (le samedi) et <strong>Vekee<\/strong> (le dimanche) \u00e0 son public m\u00e9lomane.<\/p>\n<p>Vid\u00e9os : en ce moment sur ActuQuelles sont les principales t\u00eates d&rsquo;affiche ?<\/p>\n<p>Outre ces nouveaux artistes, la production de l&rsquo;\u00e9v\u00e9nement avait d\u00e9j\u00e0 annonc\u00e9 les principales t\u00eates d&rsquo;affiche du Rose Festival. Seront notamment \u00e0 retrouver : <br \/>&#8211; Vendredi 29 ao\u00fbt : Ninho, Niska, Laylow, Marc Rebillet, Ronisia.<br \/>&#8211; Samedi 30 ao\u00fbt : Bigflo &amp; Oli, Vald, Th\u00e9odora, Jorja Smith, Lost Frequencies, Youssoupha.<br \/>&#8211; Dimanche 31 ao\u00fbt : SDM, Bon Entendeur, Ril\u00e8s, Luidji, Jolagreen23.<\/p>\n<p>Les talents de demain \u00e0 l\u2019honneur gr\u00e2ce au \u00ab\u2009Tremplin du Rose Festival\u2009\u00bb<\/p>\n<p class=\" wall-content\">Ils \u00e9taient huit en comp\u00e9tition, ils ont tout donn\u00e9\u2026 Le <a href=\"https:\/\/actu.fr\/occitanie\/toulouse_31555\/rose-festival-a-toulouse-et-si-vous-faisiez-partie-de-la-programmation-les-candidatures-bientot-ouvertes_62267195.html\" target=\"_blank\" rel=\"noopener\"><strong>Tremplin du Rose Festival<\/strong><\/a> a r\u00e9v\u00e9l\u00e9 cette ann\u00e9e des artistes \u00e0 suivre de tr\u00e8s pr\u00e8s. Et ce sont finalement <strong>Oscar Emch<\/strong> et <strong>Enock<\/strong>, qui rejoignent la programmation officielle du festival\u2009!<\/p>\n<p>    <img   decoding=\"async\" loading=\"lazy\" src=\"https:\/\/www.europesays.com\/fr\/wp-content\/uploads\/2025\/08\/rose-festival-concert-toulouse-c-odieux-boby-960x640.jpg\" alt=\"Les derniers artistes au programme du Rose Festival 2025 viennent d'\u00eatre annonc\u00e9s\" width=\"960\" height=\"640\"\/><br \/>\n    Les derniers artistes au programme du Rose Festival 2025 viennent d\u2019\u00eatre annonc\u00e9s (\u00a9Odieux Boby)Le festival M pour Montr\u00e9al s\u2019invite au Rose\u2009!<\/p>\n<p class=\" wall-content\">\u00c0 noter aussi que le Rose Festival accueille cette ann\u00e9e <strong>\u00ab\u2009M pour Montr\u00e9al\u2009\u00bb,<\/strong> l\u2019un des festivals-conf\u00e9rences les plus influents du monde francophone et qui agit, depuis 2005, comme un v\u00e9ritable tremplin pour les artistes \u00e9mergents, avec l\u2019objectif assum\u00e9 d\u2019exporter les talents du coin vers le monde entier.<\/p>\n<p class=\" wall-content\">Comme une \u00ab\u2009passerelle entre Montr\u00e9al et Toulouse\u2009\u00bb, le Rose Festival recevra cette ann\u00e9e <strong>Aswell<\/strong> et <strong>Sora\u00ef<\/strong> sur la sc\u00e8ne Visionnaire et <strong>Fredz<\/strong> sur la sc\u00e8ne principale, \u00ab\u2009qui fera d\u00e9couvrir avec une aisance d\u00e9concertante son univers sonore rap, pop, trap et soul derri\u00e8re ses embl\u00e9matiques lunettes rondes\u2009\u00bb.<\/p>\n<p>Une myst\u00e9rieuse \u00ab\u2009closing party\u2009\u00bb sign\u00e9e Bigflo &amp; Oli<\/p>\n<p class=\" wall-content\">Enfin, l\u2019organisation annonce \u00ab\u2009une <strong>grande f\u00eate<\/strong> sign\u00e9e Bigflo &amp; Oli\u2009\u00bb pour le bouquet final du festival. Pour la soir\u00e9e de cl\u00f4ture, dimanche. Les rappeurs les plus c\u00e9l\u00e8bres de la Ville rose \u00ab\u2009r\u00e9servent une sc\u00e8ne pleine de surprises et d\u2019invit\u00e9s secrets\u2009\u00bb, avance-t-elle, tout en gardant un <strong>zeste de suspense<\/strong> sur la programmation.<\/p>\n<p class=\" wall-content\">Suivez toute l\u2019actualit\u00e9 de vos villes et m\u00e9dias favoris en vous inscrivant \u00e0 <a href=\"https:\/\/moncompte.actu.fr\" title=\"D\u00e9couvez Mon Actu\" rel=\"nofollow noopener\" data-trk=\"{&quot;cta&quot;:{&quot;action&quot;:&quot;https:\\\/\\\/moncompte.actu.fr&quot;,&quot;category&quot;:&quot;mon compte&quot;,&quot;from&quot;:&quot;article footer&quot;,&quot;name&quot;:&quot;Mon actu&quot;,&quot;type&quot;:&quot;cta&quot;}}\" target=\"_blank\">Mon Actu<\/a>.<\/p>\n","protected":false},"excerpt":{"rendered":"Par Guillaume Laurens Publi\u00e9 le 1 ao\u00fbt 2025 \u00e0 15h15 C\u2019est l\u2019un des \u00e9v\u00e9nements de l\u2019\u00e9t\u00e9 dans la&hellip;\n","protected":false},"author":2,"featured_media":289104,"comment_status":"","ping_status":"","sticky":false,"template":"","format":"standard","meta":{"footnotes":""},"categories":[2816],"tags":[1111,11,7642,1697,1777,674,1011,27,1652,873,12,2680,25,2312],"class_list":{"0":"post-289103","1":"post","2":"type-post","3":"status-publish","4":"format-standard","5":"has-post-thumbnail","7":"category-toulouse","8":"tag-actu","9":"tag-actualites","10":"tag-bigflo-et-oli","11":"tag-concert","12":"tag-eu","13":"tag-europe","14":"tag-fr","15":"tag-france","16":"tag-loisirs-culture","17":"tag-musique","18":"tag-news","19":"tag-occitanie","20":"tag-republique-francaise","21":"tag-toulouse"},"share_on_mastodon":{"url":"https:\/\/pubeurope.com\/@fr\/114953764559426565","error":""},"_links":{"self":[{"href":"https:\/\/www.europesays.com\/fr\/wp-json\/wp\/v2\/posts\/289103","targetHints":{"allow":["GET"]}}],"collection":[{"href":"https:\/\/www.europesays.com\/fr\/wp-json\/wp\/v2\/posts"}],"about":[{"href":"https:\/\/www.europesays.com\/fr\/wp-json\/wp\/v2\/types\/post"}],"author":[{"embeddable":true,"href":"https:\/\/www.europesays.com\/fr\/wp-json\/wp\/v2\/users\/2"}],"replies":[{"embeddable":true,"href":"https:\/\/www.europesays.com\/fr\/wp-json\/wp\/v2\/comments?post=289103"}],"version-history":[{"count":0,"href":"https:\/\/www.europesays.com\/fr\/wp-json\/wp\/v2\/posts\/289103\/revisions"}],"wp:featuredmedia":[{"embeddable":true,"href":"https:\/\/www.europesays.com\/fr\/wp-json\/wp\/v2\/media\/289104"}],"wp:attachment":[{"href":"https:\/\/www.europesays.com\/fr\/wp-json\/wp\/v2\/media?parent=289103"}],"wp:term":[{"taxonomy":"category","embeddable":true,"href":"https:\/\/www.europesays.com\/fr\/wp-json\/wp\/v2\/categories?post=289103"},{"taxonomy":"post_tag","embeddable":true,"href":"https:\/\/www.europesays.com\/fr\/wp-json\/wp\/v2\/tags?post=289103"}],"curies":[{"name":"wp","href":"https:\/\/api.w.org\/{rel}","templated":true}]}}