{"id":289109,"date":"2025-08-01T13:36:13","date_gmt":"2025-08-01T13:36:13","guid":{"rendered":"https:\/\/www.europesays.com\/fr\/289109\/"},"modified":"2025-08-01T13:36:13","modified_gmt":"2025-08-01T13:36:13","slug":"un-motard-grievement-blesse-apres-une-roue-arriere-a-marseille","status":"publish","type":"post","link":"https:\/\/www.europesays.com\/fr\/289109\/","title":{"rendered":"Un motard gri\u00e8vement bless\u00e9 apr\u00e8s une roue arri\u00e8re \u00e0 Marseille"},"content":{"rendered":"<p>Un motard a \u00e9t\u00e9 victime d\u2019un grave accident de la circulation ce dimanche 27 juillet dans la soir\u00e9e, dans le 9e arrondissement de Marseille.<\/p>\n<p>Il \u00e9tait aux alentours de 23h15 lorsque le pilote du deux-roues a percut\u00e9 une voiture, alors qu\u2019il empruntait le boulevard Schloesing, dans le quartier Sainte-Marguerite. Sous la violence du choc, il a \u00e9t\u00e9 \u00e9ject\u00e9 et son casque a \u00e9t\u00e9 projet\u00e9. Pris en charge par les marins-pompiers de Marseille qui l\u2019ont d\u00e9couvert inconscient \u00e0 leur arriv\u00e9e, il pr\u00e9sentait plusieurs fractures. La victime a d\u00fb \u00eatre transport\u00e9e en urgence au service de r\u00e9animation de l\u2019h\u00f4pital de la Timone, avec un pronostic vital engag\u00e9.<\/p>\n<p>D\u2019apr\u00e8s les premiers \u00e9l\u00e9ments de l\u2019enqu\u00eate de police qui a \u00e9t\u00e9 ouverte, le motard, un homme \u00e2g\u00e9 de 35\u00a0ans, aurait d\u00e9marr\u00e9 \u00e0 tr\u00e8s vive allure lorsque le feu est pass\u00e9 au vert, avant d\u2019effectuer une <a href=\"https:\/\/www.laprovence.com\/article\/faits-divers-justice\/1921059931748414\/marseille-sans-casque-un-pilote-de-deux-roues-grievement-blesse-apres-une-collision-avec-une-automobiliste\" target=\"_blank\" rel=\"noopener\">roue arri\u00e8re<\/a> sur plusieurs m\u00e8tres. C\u2019est lorsque la roue est venue se reposer sur la chauss\u00e9e que la moto est entr\u00e9e en collision avec une voiture qui tournait.<\/p>\n<p>Une m\u00e8re de famille l\u00e9g\u00e8rement bless\u00e9e<\/p>\n<p>L\u00e9g\u00e8rement bless\u00e9e, mais surtout choqu\u00e9e, la conductrice de la berline, une jeune femme d\u2019une vingtaine d\u2019ann\u00e9es, a \u00e9t\u00e9 conduite \u00e0 l\u2019h\u00f4pital par les secours. Sa petite fille de 4\u00a0ans est indemne.<\/p>\n<p>Figure de stunt (cascade) qui se pratique g\u00e9n\u00e9ralement avec une moto puissante, mais aussi avec un scooter ou m\u00eame un v\u00e9lo, le wheeling, ou roue arri\u00e8re, n\u2019est pas sans risque. Une nouvelle disposition introduite r\u00e9cemment dans le code de la route interdit les man\u0153uvres acrobatiques dangereuses \u00e0 moto. Elle vise notamment les wheelings.<\/p>\n<p>Jusqu\u2019\u00e0 pr\u00e9sent, l\u2019interdiction des rod\u00e9os urbains \u00e9tait signifi\u00e9e dans le code de la route, mais l\u2019attitude dangereuse d\u2019un motard isol\u00e9 n\u2019\u00e9tait pas encadr\u00e9e. Un r\u00e9cent fait-divers, la mort en ao\u00fbt\u00a02024 \u00e0 <a href=\"https:\/\/www.laprovence.com\/article\/faits-divers-justice\/4093464638141815\/la-fillette-de-7-ans-fauchee-par-un-motard-a-vallauris-est-decedee\" target=\"_blank\" rel=\"noopener\">Vallauris<\/a> (Alpes-Maritimes), d\u2019une fillette renvers\u00e9e au niveau d\u2019un passage pi\u00e9ton par un motard en roue arri\u00e8re, a provoqu\u00e9 le vote de cette nouvelle loi.<\/p>\n<p>\u00ab\u00a0Man\u0153uvre acrobatique caract\u00e9ris\u00e9e par son imprudence\u00a0\u00bb<\/p>\n<p>D\u00e9sormais, le code de la route prescrit qu\u2019il est \u00ab\u00a0\u202fest interdit \u00e0 tout conducteur d\u2019un v\u00e9hicule terrestre \u00e0 moteur d\u2019adopter une position ou d\u2019effectuer une man\u0153uvre acrobatique ou non conforme aux conditions normales d\u2019utilisation d\u2019un v\u00e9hicule, caract\u00e9ris\u00e9e par son imprudence, sur une voie ouverte \u00e0 la circulation publique.\u202f\u00a0\u00bb<\/p>\n","protected":false},"excerpt":{"rendered":"Un motard a \u00e9t\u00e9 victime d\u2019un grave accident de la circulation ce dimanche 27 juillet dans la soir\u00e9e,&hellip;\n","protected":false},"author":2,"featured_media":289110,"comment_status":"","ping_status":"","sticky":false,"template":"","format":"standard","meta":{"footnotes":""},"categories":[2814],"tags":[17,1111,11,150,42816,3916,1102,1777,674,274,1011,27,3915,884,3914,12,882,25,8821,96],"class_list":{"0":"post-289109","1":"post","2":"type-post","3":"status-publish","4":"format-standard","5":"has-post-thumbnail","7":"category-marseille","8":"tag-17","9":"tag-actu","10":"tag-actualites","11":"tag-apres","12":"tag-arriere","13":"tag-blesse","14":"tag-breakingnews","15":"tag-eu","16":"tag-europe","17":"tag-faits-divers-justice","18":"tag-fr","19":"tag-france","20":"tag-grievement","21":"tag-marseille","22":"tag-motard","23":"tag-news","24":"tag-provence-alpes-cote-dazur","25":"tag-republique-francaise","26":"tag-roue","27":"tag-une"},"share_on_mastodon":{"url":"https:\/\/pubeurope.com\/@fr\/114953780183331906","error":""},"_links":{"self":[{"href":"https:\/\/www.europesays.com\/fr\/wp-json\/wp\/v2\/posts\/289109","targetHints":{"allow":["GET"]}}],"collection":[{"href":"https:\/\/www.europesays.com\/fr\/wp-json\/wp\/v2\/posts"}],"about":[{"href":"https:\/\/www.europesays.com\/fr\/wp-json\/wp\/v2\/types\/post"}],"author":[{"embeddable":true,"href":"https:\/\/www.europesays.com\/fr\/wp-json\/wp\/v2\/users\/2"}],"replies":[{"embeddable":true,"href":"https:\/\/www.europesays.com\/fr\/wp-json\/wp\/v2\/comments?post=289109"}],"version-history":[{"count":0,"href":"https:\/\/www.europesays.com\/fr\/wp-json\/wp\/v2\/posts\/289109\/revisions"}],"wp:featuredmedia":[{"embeddable":true,"href":"https:\/\/www.europesays.com\/fr\/wp-json\/wp\/v2\/media\/289110"}],"wp:attachment":[{"href":"https:\/\/www.europesays.com\/fr\/wp-json\/wp\/v2\/media?parent=289109"}],"wp:term":[{"taxonomy":"category","embeddable":true,"href":"https:\/\/www.europesays.com\/fr\/wp-json\/wp\/v2\/categories?post=289109"},{"taxonomy":"post_tag","embeddable":true,"href":"https:\/\/www.europesays.com\/fr\/wp-json\/wp\/v2\/tags?post=289109"}],"curies":[{"name":"wp","href":"https:\/\/api.w.org\/{rel}","templated":true}]}}