{"id":28911,"date":"2025-04-16T09:20:15","date_gmt":"2025-04-16T09:20:15","guid":{"rendered":"https:\/\/www.europesays.com\/fr\/28911\/"},"modified":"2025-04-16T09:20:15","modified_gmt":"2025-04-16T09:20:15","slug":"proligue-j26-pau-billere-grimpe-encore-statu-quo-entre-nancy-et-pontault","status":"publish","type":"post","link":"https:\/\/www.europesays.com\/fr\/28911\/","title":{"rendered":"Proligue &#8211; J26 | Pau-Bill\u00e8re grimpe encore, statu quo entre Nancy et Pontault"},"content":{"rendered":"<p>                <img loading=\"lazy\" decoding=\"async\" class=\"size-large wp-image-321428\" src=\"https:\/\/www.europesays.com\/fr\/wp-content\/uploads\/2025\/04\/Steeven-BOIS-Nancy-Handball-Credit-Mylene-CASADO-1024x678.jpg\" alt=\"\" width=\"1024\" height=\"678\"\/>Steeven BOIS &#8211; Nancy Handball &#8211; Cre\u0301dit Myle\u0300ne CASADO<\/p>\n<p style=\"text-align: justify;\"><strong>Le d\u00e9nouement de cette saison de Proligue approche. Avec Frontignan au repos lors de cette J26, Dijon en a profit\u00e9 pour prendre seul la t\u00eate du championnat. Nancy et Pontault se sont neutralis\u00e9s, S\u00e9lestat continue son chemin pendant que Pau-Bill\u00e8re grimpe encore au classement.<\/strong><\/p>\n<p style=\"text-align: justify;\">L\u2019\u00e9quipe en forme du moment, c\u2019est <strong>Pau-Bill\u00e8re<\/strong>. En d\u00e9placement \u00e0 <strong>Cherbourg<\/strong>, les co\u00e9quipiers d\u2019<strong>Arnaud Tabarand<\/strong> ont bataill\u00e9 pendant 60 minutes en Normandie. Les Violets attaquent fort la partie (<strong>6-2, 10\u2019<\/strong>). La rencontre est rude, accroch\u00e9e avec deux d\u00e9fenses qui prennent le dessus sur les attaques. Pau-Bill\u00e8re revient dans la partie et rentre aux vestiaires \u00e0 \u00e9galit\u00e9 (<strong>11-11<\/strong>). Le second acte d\u00e9marre fort : les Bill\u00e9rois prennent deux longueurs d\u2019avance (<strong>13-15, 38\u2019<\/strong>). L\u2019\u00e9cart oscille entre 0 et +2 \u00e0 l\u2019avantage des visiteurs. La fin de match est tr\u00e8s tendue, Cherbourg \u00e0 l\u2019occasion d\u2019arracher le match nul. Mais le tir de <strong>Yanis Busselier<\/strong> heurte le poteau, scellant la victoire <strong>23-22<\/strong> de Pau-Bill\u00e8re. <strong>Arnaud Tabarand<\/strong> termine avec 14 arr\u00eats \u00e0 40% d\u2019efficacit\u00e9. Sixi\u00e8me victoire cons\u00e9cutive de Pau-Bill\u00e8re qui monte \u00e0 la 5\u00e8me place. Cherbourg est 8\u00e8me, toujours dans les places qualificatives aux playoffs.\u00a0<\/p>\n<p><img loading=\"lazy\" decoding=\"async\" class=\"size-large wp-image-321423\" src=\"https:\/\/www.europesays.com\/fr\/wp-content\/uploads\/2025\/04\/Marc-LEYVIGNE-Nancy-Handball-Credit-Mylene-CASADO-2-1024x678.jpg\" alt=\"\" width=\"1024\" height=\"678\"\/>Marc LEYVIGNE &#8211; Nancy Handball &#8211; Cre\u0301dit Myle\u0300ne CASADO<\/p>\n<p style=\"text-align: justify;\"><strong>Nancy<\/strong> recevait <strong>Pontault-Combault<\/strong>. Un duel entre deux pr\u00e9tendants aux playoffs qui a tenu toutes ses promesses. Pontault rentre tr\u00e8s bien dans sa rencontre (<strong>2-5, 5\u2019<\/strong>) notamment gr\u00e2ce \u00e0 <strong>Elio Zammit<\/strong> (9 buts). Nancy \u00e9galise \u00e0 17\u00e8me minute avec <strong>Marc Leyvigne<\/strong> (<strong>11-11<\/strong>). L\u2019ailier nanc\u00e9ien est, lui, auteur de 11 buts. Les Lorrains sont devant \u00e0 la pause (<strong>15-13<\/strong>). L\u2019\u00e9cart reste le m\u00eame jusqu\u2019aux dix derni\u00e8res minutes (<strong>26-24, 50\u2019<\/strong>). Les compteurs sont remis \u00e0 z\u00e9ro alors qu\u2019il reste une minute \u00e0 jouer (<strong>29-29, 59\u2019<\/strong>). <strong>Steeven Bois<\/strong> pense donner la victoire \u00e0 Nancy \u00e0 13 secondes du terme. Mais la derni\u00e8re action pontelloise est de grande classe. <strong>K\u00e9vin Taufond<\/strong> est \u00e0 la conclusion d\u2019un magnifique kung-fu. Les deux formations se quittent dos \u00e0 dos, <strong>30-30<\/strong>.<\/p>\n<blockquote class=\"twitter-tweet\"><p>&#13;<\/p>\n<p dir=\"ltr\" lang=\"fr\">Un kung-fu pour \u00e9galiser \ud83d\ude2e\ud83e\udd4b&#13;<br \/>\n&#13;<br \/>\nThomas Toupance claque un geste spectaculaire en toute fin de match pour arracher le nul pour Pontault-Combault sur le parquet de Nancy !&#13;<br \/>\n&#13;<br \/>\nUn point pr\u00e9cieux glan\u00e9 au bout du suspense \ud83d\udd25<a href=\"https:\/\/twitter.com\/hashtag\/ProLigue?src=hash&amp;ref_src=twsrc%5Etfw\" target=\"_blank\" rel=\"noopener\">#ProLigue<\/a> <a href=\"https:\/\/t.co\/KECFgTQIKN\">pic.twitter.com\/KECFgTQIKN<\/a><\/p>\n<p>&#13;<br \/>\n\u2014 Ligue Nationale de Handball (@LNHofficiel) <a href=\"https:\/\/twitter.com\/LNHofficiel\/status\/1911034481437274360?ref_src=twsrc%5Etfw\" target=\"_blank\" rel=\"noopener\">April 12, 2025<\/a><\/p><\/blockquote>\n<p><strong>S\u00e9lestat et Saran assurent<\/strong><\/p>\n<p style=\"text-align: justify;\">Les Violets de <strong>S\u00e9lestat<\/strong> recevaient les <strong>Vikings de Caen<\/strong>. Les Alsaciens rentrent bien dans la partie (<strong>5-2, 9\u2019<\/strong>). S\u00e9lestat ne sera jamais vraiment rejoint durant la rencontre. <strong>Tom Vinatier<\/strong> est encore impeccable (7\/9 au tir) pendant que <strong>Denis Serdarevic<\/strong> assure avec 12 parades \u00e0 38%. L\u2019\u00e9cart est fait \u00e0 la mi-temps (<strong>16-10<\/strong>) et va grimper jusqu\u2019\u00e0 onze unit\u00e9s (<strong>27-16, 49\u2019<\/strong>). S\u00e9lestat se rel\u00e2che en fin de partie mais s\u2019impose sans forcer <strong>30 \u00e0 24<\/strong>. Les Alsaciens sont 3\u00e8me, \u00e0 trois points du leader Dijon. Caen glisse \u00e0 la 6\u00e8me place et voit Pau-Bill\u00e8re passer devant.<\/p>\n<p style=\"text-align: justify;\"><strong>Saran<\/strong> (4\u00e8me) accueillait la lanterne rouge, <strong>Angers<\/strong>. Les Septors font la diff\u00e9rence en fin de premi\u00e8re p\u00e9riode (<strong>18-14, MT<\/strong>). L\u2019ailier droit <strong>Luka Radovic<\/strong> encha\u00eene les r\u00e9alisations et termine la rencontre avec un beau 12 sur 14 au tir. Malgr\u00e9 les 10 buts de <strong>Ch\u00e9rubin Tabanguet<\/strong>, Angers ne passe pas sous les trois buts d\u2019\u00e9cart. Saran g\u00e8re la fin de rencontre et s\u2019impose <strong>31 \u00e0 26<\/strong>.\u00a0<\/p>\n<p><strong>Besan\u00e7on \u00e0 domicile : c\u2019est du costaud<\/strong><br \/>\n<img loading=\"lazy\" decoding=\"async\" class=\"size-large wp-image-320584\" src=\"https:\/\/www.europesays.com\/fr\/wp-content\/uploads\/2025\/04\/Luka-BRKLJACIC-Besancon-HB-Credit-Mylene-CASADO--1024x678.jpg\" alt=\"\" width=\"1024\" height=\"678\"\/>Luka BRKLJACIC &#8211; Besanc\u0327on HB &#8211; Cre\u0301dit Myle\u0300ne CASADO<\/p>\n<p style=\"text-align: justify;\"><strong>Besan\u00e7on<\/strong> accueillait <strong>Sarrebourg<\/strong>, un candidat direct aux derni\u00e8res places. Et comme depuis quelques semaines, le Palais des Sports Ghani Yalouz est une forteresse. \u201cBesak\u201d est efficace en attaque, port\u00e9 par un immense <strong>Luka Brkljacic<\/strong>, auteur de 12 buts (<strong>19-16, MT<\/strong>). L\u2019\u00e9cart grimpe encore en d\u00e9but de seconde p\u00e9riode (<strong>26-20, 40\u2019<\/strong>). Sarrebourg tente de revenir mais ne trouve pas de solution miracle. Besan\u00e7on s\u2019impose <strong>35 \u00e0 30<\/strong> et reste sur deux victoires de rang.<\/p>\n<p style=\"text-align: justify;\">Victoire surprise de<strong> Massy<\/strong> sur <strong>Cournon<\/strong>, <strong>35 \u00e0 32<\/strong>. Les Franciliens, port\u00e9s par un excellent <strong>Cl\u00e9ment Coache<\/strong> (9\/10 au tir), ont profit\u00e9 de la d\u00e9faillance des gardiens auvergnats qui cumulent quatre arr\u00eats. Mauvaise op\u00e9ration pour Cournon qui est d\u00e9sormais \u00e0 4 points des playoffs.\u00a0<\/p>\n<p style=\"text-align: justify;\"><strong>Dijon<\/strong> a profit\u00e9 du repos du Frontignan pour prendre seul la t\u00eate du classement. Oppos\u00e9s \u00e0 <strong>Valence<\/strong>, les Dijonnais ont pu compter sur un c\u00f4t\u00e9 droit ultra performant : 10 buts pour <strong>Mathis Jaffiol<\/strong>, 8 pour <strong>Lucien Auffret<\/strong>. Dijon s\u2019impose <strong>31-27<\/strong> avant le choc d\u00e9terminant la prochaine journ\u00e9e contre Frontignan.\u00a0<\/p>\n<p style=\"text-align: right;\">Hugo Gueritaine<\/p>\n<p>            <script async src=\"https:\/\/platform.twitter.com\/widgets.js\" charset=\"utf-8\"><\/script><\/p>\n","protected":false},"excerpt":{"rendered":"Steeven BOIS &#8211; Nancy Handball &#8211; Cre\u0301dit Myle\u0300ne CASADO Le d\u00e9nouement de cette saison de Proligue approche. Avec&hellip;\n","protected":false},"author":2,"featured_media":28912,"comment_status":"","ping_status":"","sticky":false,"template":"","format":"standard","meta":{"footnotes":""},"categories":[9635],"tags":[1111,11,10111,10112,10113,10114,10115,1777,674,1011,27,775,10116,10117,10118,1702,12,10119,10120,25,10121,5326,3141,2733,10122],"class_list":{"0":"post-28911","1":"post","2":"type-post","3":"status-publish","4":"format-standard","5":"has-post-thumbnail","7":"category-nancy","8":"tag-actu","9":"tag-actualites","10":"tag-angers-sco-handball","11":"tag-besancon","12":"tag-billere","13":"tag-cournon-dauvergne","14":"tag-dijon-metropole-handball","15":"tag-eu","16":"tag-europe","17":"tag-fr","18":"tag-france","19":"tag-grand-est","20":"tag-grand-nancy-handball","21":"tag-js-cherbourg","22":"tag-massy","23":"tag-nancy","24":"tag-news","25":"tag-pontault-combault","26":"tag-proligue","27":"tag-republique-francaise","28":"tag-saran","29":"tag-sarrebourg","30":"tag-selestat","31":"tag-valence","32":"tag-vikings-de-caen"},"share_on_mastodon":{"url":"https:\/\/pubeurope.com\/@fr\/114346906399705858","error":""},"_links":{"self":[{"href":"https:\/\/www.europesays.com\/fr\/wp-json\/wp\/v2\/posts\/28911","targetHints":{"allow":["GET"]}}],"collection":[{"href":"https:\/\/www.europesays.com\/fr\/wp-json\/wp\/v2\/posts"}],"about":[{"href":"https:\/\/www.europesays.com\/fr\/wp-json\/wp\/v2\/types\/post"}],"author":[{"embeddable":true,"href":"https:\/\/www.europesays.com\/fr\/wp-json\/wp\/v2\/users\/2"}],"replies":[{"embeddable":true,"href":"https:\/\/www.europesays.com\/fr\/wp-json\/wp\/v2\/comments?post=28911"}],"version-history":[{"count":0,"href":"https:\/\/www.europesays.com\/fr\/wp-json\/wp\/v2\/posts\/28911\/revisions"}],"wp:featuredmedia":[{"embeddable":true,"href":"https:\/\/www.europesays.com\/fr\/wp-json\/wp\/v2\/media\/28912"}],"wp:attachment":[{"href":"https:\/\/www.europesays.com\/fr\/wp-json\/wp\/v2\/media?parent=28911"}],"wp:term":[{"taxonomy":"category","embeddable":true,"href":"https:\/\/www.europesays.com\/fr\/wp-json\/wp\/v2\/categories?post=28911"},{"taxonomy":"post_tag","embeddable":true,"href":"https:\/\/www.europesays.com\/fr\/wp-json\/wp\/v2\/tags?post=28911"}],"curies":[{"name":"wp","href":"https:\/\/api.w.org\/{rel}","templated":true}]}}