{"id":289111,"date":"2025-08-01T13:37:11","date_gmt":"2025-08-01T13:37:11","guid":{"rendered":"https:\/\/www.europesays.com\/fr\/289111\/"},"modified":"2025-08-01T13:37:11","modified_gmt":"2025-08-01T13:37:11","slug":"des-riverains-et-des-associations-appellent-a-la-reprise-des-discussions","status":"publish","type":"post","link":"https:\/\/www.europesays.com\/fr\/289111\/","title":{"rendered":"des riverains et des associations appellent \u00e0 \u00abla reprise des discussions\u00bb"},"content":{"rendered":"<p>Plusieurs associations et collectifs de riverains appellent \u00e0 ouvrir une halte soins addictions, dite \u00absalle de shoot\u00bb, \u00e0 Marseille. Certains habitants se disent victimes collat\u00e9rales du blocage de ce projet depuis plus d\u2019un an.<\/p>\n<p class=\"fig-paragraph\">Plusieurs associations et collectifs de riverains du centre de Marseille r\u00e9clament des moyens, et notamment l&rsquo;ouverture d&rsquo;une HSA (<a href=\"http:\/\/www.lefigaro.fr\/marseille\/salle-de-shoot-a-marseille-medecins-du-monde-poursuit-l-etat-en-justice-pour-carence-fautive-20250414\" data-fig-type=\"NewsFlash\" data-gtm-custom-categorie=\"navigation\" data-gtm-custom-action=\"crossclick\" data-gtm-custom-label=\"Contextuel\" data-gtm-event=\"customEventSPE\" data-fig-domain=\"LEFIGARO\" target=\"_blank\" rel=\"noopener\">Halte soins addictions<\/a>) dans la deuxi\u00e8me ville de France, d\u00e9non\u00e7ant la d\u00e9gradation rapide de la situation des personnes en grande pr\u00e9carit\u00e9 et consommatrices de\u00a0<a href=\"http:\/\/www.lefigaro.fr\/marseille\/ruse-traque-et-complicite-les-secrets-de-la-saisie-spectaculaire-de-138-kilos-de-cocaine-sur-le-port-de-marseille-20250730\" data-fig-type=\"NewsFlash\" data-gtm-custom-categorie=\"navigation\" data-gtm-custom-action=\"crossclick\" data-gtm-custom-label=\"Contextuel\" data-gtm-event=\"customEventSPE\" data-fig-domain=\"LEFIGARO\" target=\"_blank\" rel=\"noopener\">drogues<\/a>.<\/p>\n<p class=\"fig-paragraph\">\u00abPour la premi\u00e8re fois, associations et collectifs de riverains ont d\u00e9cid\u00e9 de joindre leurs forces\u00bb, dans l&rsquo;espoir \u00abd&rsquo;\u00eatre enfin entendus\u00bb, ont \u00e9crit jeudi dans un communiqu\u00e9 conjoint des riverains et plusieurs associations de pr\u00e9vention comme\u00a0<a href=\"http:\/\/www.lefigaro.fr\/vox\/politique\/plainte-de-medecins-du-monde-les-salles-de-shoot-empechent-le-toxicomane-de-surmonter-son-addiction-20250415\" data-fig-type=\"Article\" data-gtm-custom-categorie=\"navigation\" data-gtm-custom-action=\"crossclick\" data-gtm-custom-label=\"Contextuel\" data-gtm-event=\"customEventSPE\" data-fig-domain=\"LEFIGARO\" target=\"_blank\" rel=\"noopener\">M\u00e9decins du monde.<\/a><\/p>\n<p>                                    <a class=\"fig-a11y-skip a11y-hidden\" href=\"#fig-a11y-skip-main-inarticle\"><br \/>\n        Passer la publicit\u00e9<br \/>\n    <\/a><\/p>\n<p class=\"fig-paragraph\">Nous demandons la \u00abreprise des discussions concernant l&rsquo;implantation d&rsquo;une HSA\u00bb, un projet suspendu en janvier 2024, \u00e9crivent-ils. Les signataires du communiqu\u00e9 affirment que les associations travaillant dans le centre-ville \u00abconstatent toutes depuis 2023 une hausse sans pr\u00e9c\u00e9dent du nombre de personnes qui ont besoin d&rsquo;accompagnement m\u00e9dico-psycho-social sur le long terme\u00bb.<\/p>\n<p>Des riverains, victimes collat\u00e9rales<\/p>\n<p class=\"fig-paragraph\">Ils expliquent \u00e9galement que le nombre de consommateurs de drogues \u00abultra-pr\u00e9caris\u00e9s\u00bb a doubl\u00e9 en centre-ville depuis 2023, faute notamment de \u00abstructures permettant une consommation supervis\u00e9e ouvrant une porte vers le soin\u00bb et en l&rsquo;absence \u00abd&rsquo;une r\u00e9elle politique d&rsquo;acc\u00e8s au logement\u00bb.<\/p>\n<p class=\"fig-paragraph\">Les habitants des quartiers concern\u00e9s deviennent des \u00abvictimes collat\u00e9rales d&rsquo;une politique des drogues aussi archa\u00efque qu&rsquo;inop\u00e9rante\u00bb et les \u00abtensions\u00bb entre riverains et personnes \u00e0 la rue s&rsquo;accroissent, d\u00e9plorent \u00e9galement les signataires.<\/p>\n<p class=\"fig-paragraph\">Indiquant avoir \u00e9t\u00e9 re\u00e7ues par la pr\u00e9fecture des Bouches-du-Rh\u00f4ne le 15 juillet, les associations d\u00e9plorent le fait qu&rsquo;\u00abaucune annonce sp\u00e9cifique\u00bb n&rsquo;ait suivi et qu&rsquo;\u00abaucun moyen concret n&rsquo;ait \u00e9t\u00e9 mis sur la table\u00bb, en dehors d&rsquo;un communiqu\u00e9 exclusivement ax\u00e9 sur \u00abla lutte contre le narcotrafic et la d\u00e9linquance en centre-ville\u00bb.<\/p>\n<p>Suspendu en 2024<\/p>\n<p class=\"fig-paragraph\">Le projet d\u2019HSA, qualifi\u00e9e souvent de \u00absalle de shoot\u00bb, avait \u00e9t\u00e9 suspendu en 2024 \u00absur pression du minist\u00e8re de l&rsquo;Int\u00e9rieur et d&rsquo;une poign\u00e9e d&rsquo;opposants\u00bb, regrettent les signataires du communiqu\u00e9, en demandant par ailleurs la \u00abmise en place d&rsquo;une politique ambitieuse d&rsquo;acc\u00e8s au logement pour les publics les plus pr\u00e9caris\u00e9s\u00bb et la \u00abr\u00e9ouverture de centres m\u00e9dico-psychologiques\u00bb.<\/p>\n<p>                                    <a class=\"fig-a11y-skip a11y-hidden\" href=\"#fig-a11y-skip-main-inarticle_mtf\"><br \/>\n        Passer la publicit\u00e9<br \/>\n    <\/a><\/p>\n<p class=\"fig-paragraph\">Lanc\u00e9es il y a 40 ans en pleine \u00e9pid\u00e9mie de sida, les HSA sont aujourd&rsquo;hui une centaine en Europe, mais seulement deux en France, \u00e0 Paris et Strasbourg, qui arrivent fin d\u00e9cembre au terme d&rsquo;une phase d&rsquo;exp\u00e9rimentation.<\/p>\n<p class=\"fig-paragraph\">Dans les villes o\u00f9 elles ont \u00e9t\u00e9 install\u00e9es, les HSA ont permis de r\u00e9duire \u00abde fa\u00e7on drastique les risques li\u00e9s \u00e0 l&rsquo;usage de drogue et les probl\u00e9matiques de tranquillit\u00e9 publique pour les habitants des quartiers concern\u00e9s\u00bb, font valoir les signataires du communiqu\u00e9.<\/p>\n","protected":false},"excerpt":{"rendered":"Plusieurs associations et collectifs de riverains appellent \u00e0 ouvrir une halte soins addictions, dite \u00absalle de shoot\u00bb, \u00e0&hellip;\n","protected":false},"author":2,"featured_media":289112,"comment_status":"","ping_status":"","sticky":false,"template":"","format":"standard","meta":{"footnotes":""},"categories":[2814],"tags":[1111,11,1052,1777,674,1011,27,884,12,882,25,42817],"class_list":{"0":"post-289111","1":"post","2":"type-post","3":"status-publish","4":"format-standard","5":"has-post-thumbnail","7":"category-marseille","8":"tag-actu","9":"tag-actualites","10":"tag-drogue","11":"tag-eu","12":"tag-europe","13":"tag-fr","14":"tag-france","15":"tag-marseille","16":"tag-news","17":"tag-provence-alpes-cote-dazur","18":"tag-republique-francaise","19":"tag-salle-de-shoot"},"share_on_mastodon":{"url":"https:\/\/pubeurope.com\/@fr\/114953784086560977","error":""},"_links":{"self":[{"href":"https:\/\/www.europesays.com\/fr\/wp-json\/wp\/v2\/posts\/289111","targetHints":{"allow":["GET"]}}],"collection":[{"href":"https:\/\/www.europesays.com\/fr\/wp-json\/wp\/v2\/posts"}],"about":[{"href":"https:\/\/www.europesays.com\/fr\/wp-json\/wp\/v2\/types\/post"}],"author":[{"embeddable":true,"href":"https:\/\/www.europesays.com\/fr\/wp-json\/wp\/v2\/users\/2"}],"replies":[{"embeddable":true,"href":"https:\/\/www.europesays.com\/fr\/wp-json\/wp\/v2\/comments?post=289111"}],"version-history":[{"count":0,"href":"https:\/\/www.europesays.com\/fr\/wp-json\/wp\/v2\/posts\/289111\/revisions"}],"wp:featuredmedia":[{"embeddable":true,"href":"https:\/\/www.europesays.com\/fr\/wp-json\/wp\/v2\/media\/289112"}],"wp:attachment":[{"href":"https:\/\/www.europesays.com\/fr\/wp-json\/wp\/v2\/media?parent=289111"}],"wp:term":[{"taxonomy":"category","embeddable":true,"href":"https:\/\/www.europesays.com\/fr\/wp-json\/wp\/v2\/categories?post=289111"},{"taxonomy":"post_tag","embeddable":true,"href":"https:\/\/www.europesays.com\/fr\/wp-json\/wp\/v2\/tags?post=289111"}],"curies":[{"name":"wp","href":"https:\/\/api.w.org\/{rel}","templated":true}]}}