{"id":289115,"date":"2025-08-01T13:39:10","date_gmt":"2025-08-01T13:39:10","guid":{"rendered":"https:\/\/www.europesays.com\/fr\/289115\/"},"modified":"2025-08-01T13:39:10","modified_gmt":"2025-08-01T13:39:10","slug":"le-principal-dun-college-mis-en-examen-pour-viol","status":"publish","type":"post","link":"https:\/\/www.europesays.com\/fr\/289115\/","title":{"rendered":"le principal d\u2019un coll\u00e8ge mis en examen pour viol"},"content":{"rendered":"<p>Le suspect, \u00e0 la t\u00eate d\u2019un \u00e9tablissement situ\u00e9 dans le 7e arrondissement, a \u00e9t\u00e9 plac\u00e9 en d\u00e9tention provisoire pour \u00abviol sur mineur de quinze ans, agression sexuelle sur mineur de quinze ans et enregistrement ou fixation d\u2019image \u00e0 caract\u00e8re pornographique d\u2019un mineur de quinze ans\u00bb.<\/p>\n<p class=\"fig-paragraph\">Le principal du coll\u00e8ge Gabriel-Rosset, situ\u00e9 dans le 7e arrondissement de Lyon, a \u00e9t\u00e9\u00a0<a href=\"http:\/\/www.lefigaro.fr\/actualite-france\/savoie-le-responsable-de-la-section-ski-etudes-d-un-college-mis-en-examen-pour-viols-aggraves-sur-mineur-20250123\" data-fig-type=\"Article\" data-gtm-custom-categorie=\"navigation\" data-gtm-custom-action=\"crossclick\" data-gtm-custom-label=\"Contextuel\" data-gtm-event=\"customEventSPE\" data-fig-domain=\"LEFIGARO\" target=\"_blank\" rel=\"noopener\">mis en examen pour viol<\/a>\u00a0a indiqu\u00e9 le parquet de Lyon au Figaro confirmant une information du\u00a0<a href=\"https:\/\/c.leprogres.fr\/faits-divers-justice\/2025\/07\/31\/le-principal-d-un-college-mis-en-examen-pour-viol-sur-mineur-et-incarcere\" target=\"_blank\" rel=\"sponsored noopener\" data-gtm-custom-categorie=\"navigation\" data-gtm-custom-action=\"crossclick\" data-gtm-custom-label=\"Contextuel\" data-gtm-event=\"customEventSPE\">Progr\u00e8s<\/a> . Selon le parquet, cette mise en examen a eu lieu le 25 juillet dernier pour \u00abviol sur mineur de quinze ans, agression sexuelle sur mineur de quinze ans et enregistrement ou fixation d\u2019image \u00e0 caract\u00e8re pornographique d\u2019un mineur de quinze ans\u00bb.<\/p>\n<p class=\"fig-paragraph\">Les faits dont il est suspect\u00e9 se seraient d\u00e9roul\u00e9s dans un cadre priv\u00e9 \u00e0 l\u2019encontre d\u2019une mineure de son entourage amical.<\/p>\n<p>                                    <a class=\"fig-a11y-skip a11y-hidden\" href=\"#fig-a11y-skip-main-inarticle\"><br \/>\n        Passer la publicit\u00e9<br \/>\n    <\/a><\/p>\n<p class=\"fig-paragraph\">Le suspect a \u00e9t\u00e9 plac\u00e9 en d\u00e9tention provisoire alors que les investigations se poursuivent sous l\u2019autorit\u00e9 du magistrat instructeur. D\u2019apr\u00e8s le quotidien local, la victime ne serait pas scolaris\u00e9e dans l\u2019\u00e9tablissement dans lequel le suspect exer\u00e7ait.<\/p>\n","protected":false},"excerpt":{"rendered":"Le suspect, \u00e0 la t\u00eate d\u2019un \u00e9tablissement situ\u00e9 dans le 7e arrondissement, a \u00e9t\u00e9 plac\u00e9 en d\u00e9tention provisoire&hellip;\n","protected":false},"author":2,"featured_media":289116,"comment_status":"","ping_status":"","sticky":false,"template":"","format":"standard","meta":{"footnotes":""},"categories":[1889],"tags":[1111,11,1267,2430,1126,1777,674,1011,27,2428,12,25,1265],"class_list":{"0":"post-289115","1":"post","2":"type-post","3":"status-publish","4":"format-standard","5":"has-post-thumbnail","7":"category-lyon","8":"tag-actu","9":"tag-actualites","10":"tag-agression-sexuelle","11":"tag-auvergne-rhone-alpes","12":"tag-education-nationale","13":"tag-eu","14":"tag-europe","15":"tag-fr","16":"tag-france","17":"tag-lyon","18":"tag-news","19":"tag-republique-francaise","20":"tag-viol"},"share_on_mastodon":{"url":"https:\/\/pubeurope.com\/@fr\/114953791957893956","error":""},"_links":{"self":[{"href":"https:\/\/www.europesays.com\/fr\/wp-json\/wp\/v2\/posts\/289115","targetHints":{"allow":["GET"]}}],"collection":[{"href":"https:\/\/www.europesays.com\/fr\/wp-json\/wp\/v2\/posts"}],"about":[{"href":"https:\/\/www.europesays.com\/fr\/wp-json\/wp\/v2\/types\/post"}],"author":[{"embeddable":true,"href":"https:\/\/www.europesays.com\/fr\/wp-json\/wp\/v2\/users\/2"}],"replies":[{"embeddable":true,"href":"https:\/\/www.europesays.com\/fr\/wp-json\/wp\/v2\/comments?post=289115"}],"version-history":[{"count":0,"href":"https:\/\/www.europesays.com\/fr\/wp-json\/wp\/v2\/posts\/289115\/revisions"}],"wp:featuredmedia":[{"embeddable":true,"href":"https:\/\/www.europesays.com\/fr\/wp-json\/wp\/v2\/media\/289116"}],"wp:attachment":[{"href":"https:\/\/www.europesays.com\/fr\/wp-json\/wp\/v2\/media?parent=289115"}],"wp:term":[{"taxonomy":"category","embeddable":true,"href":"https:\/\/www.europesays.com\/fr\/wp-json\/wp\/v2\/categories?post=289115"},{"taxonomy":"post_tag","embeddable":true,"href":"https:\/\/www.europesays.com\/fr\/wp-json\/wp\/v2\/tags?post=289115"}],"curies":[{"name":"wp","href":"https:\/\/api.w.org\/{rel}","templated":true}]}}