{"id":289121,"date":"2025-08-01T13:43:35","date_gmt":"2025-08-01T13:43:35","guid":{"rendered":"https:\/\/www.europesays.com\/fr\/289121\/"},"modified":"2025-08-01T13:43:35","modified_gmt":"2025-08-01T13:43:35","slug":"bouches-du-rhone-un-couple-depouille-dans-un-tgv-aix-paris-plus-de-300-000-euros-de-bijoux-de-luxe-voles","status":"publish","type":"post","link":"https:\/\/www.europesays.com\/fr\/289121\/","title":{"rendered":"Bouches-du-Rh\u00f4ne. Un couple d\u00e9pouill\u00e9 dans un TGV Aix-Paris, plus de 300\u00a0000 euros de bijoux de luxe vol\u00e9s"},"content":{"rendered":"<p>Un vol qui pourrait \u00eatre sorti tout droit d&rsquo;un film. Alors passager \u00e0 bord d&rsquo;un train en direction de Paris depuis Aix-en-Provence (Bouches-du-Rh\u00f4ne), un couple franco-canadien a \u00e9t\u00e9 d\u00e9pouill\u00e9 dimanche, selon les informations de <a href=\"https:\/\/www.bfmtv.com\/police-justice\/info-bfmtv-rolex-bracelet-cartier-350-000-euros-de-bijoux-de-luxe-derobes-a-un-couple-dans-un-tgv-aix-paris_AN-202507300294.html\" target=\"_blank\" rel=\"nofollow noopener\">BFMTV<\/a>.<\/p>\n<p>Alexandra N. et Aur\u00e9lien P. ont \u00e9t\u00e9 d\u00e9valis\u00e9s par deux individus pour un butin estim\u00e9 \u00e0 350 000 euros, une somme record au sein d&rsquo;un train SNCF. Les deux voleurs ont r\u00e9ussi \u00e0 prendre la fuite en gare d&rsquo;Avignon (Vaucluse) avec, entre autres, une montre Rolex, un bracelet Cartier, une rivi\u00e8re d&rsquo;\u00e9meraudes et des colliers en or.<\/p>\n<p>\u00ab\u00a0Quelque chose me touche la jambe\u00a0\u00bb<\/p>\n<p>La cheffe d&rsquo;entreprise canadienne, qui voyageait avec son conjoint, avait plac\u00e9 un sac Louis Vuitton sous son si\u00e8ge. Sentant \u00ab\u00a0quelque chose [lui] toucher la jambe\u00a0\u00bb, Alexandra N. n&rsquo;avait pas pr\u00eat\u00e9 attention \u00e0 ce d\u00e9tail peu apr\u00e8s le d\u00e9part du train.\u00a0<\/p>\n<p>Ce n&rsquo;est qu&rsquo;en gare d&rsquo;Avignon qu&rsquo;une autre passag\u00e8re du train est venue alerter le comportement suspect de personnes qui venaient de descendre du train et qui \u00e9taient assises jusque-l\u00e0 juste derri\u00e8re le couple franco-canadien. Il \u00e9tait d\u00e9j\u00e0 trop tard, le butin s&rsquo;\u00e9tait envol\u00e9. \u00ab\u00a0Aucune assurance ne nous couvre. Ce n\u2019est pas un vol \u00e0 l\u2019arrach\u00e9, il aurait fallu qu\u2019on se fasse violenter\u00a0\u00bb, a affirm\u00e9 son\u00a0compagnon avant\u00a0que le couple ne d\u00e9pose plainte \u00e0\u00a0son arriv\u00e9e en gare de Lyon \u00e0 Paris.<\/p>\n<p class=\"note\">&gt;&gt; Lire l&rsquo;article de <a href=\"https:\/\/www.bfmtv.com\/police-justice\/info-bfmtv-rolex-bracelet-cartier-350-000-euros-de-bijoux-de-luxe-derobes-a-un-couple-dans-un-tgv-aix-paris_AN-202507300294.html\" target=\"_blank\" rel=\"nofollow noopener\">BFMTV<\/a>.<\/p>\n","protected":false},"excerpt":{"rendered":"Un vol qui pourrait \u00eatre sorti tout droit d&rsquo;un film. Alors passager \u00e0 bord d&rsquo;un train en direction&hellip;\n","protected":false},"author":2,"featured_media":289122,"comment_status":"","ping_status":"","sticky":false,"template":"","format":"standard","meta":{"footnotes":""},"categories":[1888],"tags":[1111,1928,11,1927,271,272,1777,674,274,107,1011,27,329,12,1926,626,1925,25],"class_list":{"0":"post-289121","1":"post","2":"type-post","3":"status-publish","4":"format-standard","5":"has-post-thumbnail","7":"category-paris","8":"tag-actu","9":"tag-actu-paris","10":"tag-actualites","11":"tag-actualites-paris","12":"tag-crime","13":"tag-delit-et-contravention","14":"tag-eu","15":"tag-europe","16":"tag-faits-divers-justice","17":"tag-fil-info","18":"tag-fr","19":"tag-france","20":"tag-france-monde","21":"tag-news","22":"tag-news-paris","23":"tag-paris","24":"tag-paris-news","25":"tag-republique-francaise"},"share_on_mastodon":{"url":"https:\/\/pubeurope.com\/@fr\/114953807782988283","error":""},"_links":{"self":[{"href":"https:\/\/www.europesays.com\/fr\/wp-json\/wp\/v2\/posts\/289121","targetHints":{"allow":["GET"]}}],"collection":[{"href":"https:\/\/www.europesays.com\/fr\/wp-json\/wp\/v2\/posts"}],"about":[{"href":"https:\/\/www.europesays.com\/fr\/wp-json\/wp\/v2\/types\/post"}],"author":[{"embeddable":true,"href":"https:\/\/www.europesays.com\/fr\/wp-json\/wp\/v2\/users\/2"}],"replies":[{"embeddable":true,"href":"https:\/\/www.europesays.com\/fr\/wp-json\/wp\/v2\/comments?post=289121"}],"version-history":[{"count":0,"href":"https:\/\/www.europesays.com\/fr\/wp-json\/wp\/v2\/posts\/289121\/revisions"}],"wp:featuredmedia":[{"embeddable":true,"href":"https:\/\/www.europesays.com\/fr\/wp-json\/wp\/v2\/media\/289122"}],"wp:attachment":[{"href":"https:\/\/www.europesays.com\/fr\/wp-json\/wp\/v2\/media?parent=289121"}],"wp:term":[{"taxonomy":"category","embeddable":true,"href":"https:\/\/www.europesays.com\/fr\/wp-json\/wp\/v2\/categories?post=289121"},{"taxonomy":"post_tag","embeddable":true,"href":"https:\/\/www.europesays.com\/fr\/wp-json\/wp\/v2\/tags?post=289121"}],"curies":[{"name":"wp","href":"https:\/\/api.w.org\/{rel}","templated":true}]}}