{"id":289127,"date":"2025-08-01T13:46:11","date_gmt":"2025-08-01T13:46:11","guid":{"rendered":"https:\/\/www.europesays.com\/fr\/289127\/"},"modified":"2025-08-01T13:46:11","modified_gmt":"2025-08-01T13:46:11","slug":"qualifiee-dheroine-du-kremlin-par-poutine-qui-est-valentina-matvienko-la-femme-la-plus-puissante-de-russie","status":"publish","type":"post","link":"https:\/\/www.europesays.com\/fr\/289127\/","title":{"rendered":"Qualifi\u00e9e d'\u00a0\u00bbh\u00e9ro\u00efne du Kremlin\u00a0\u00bb par Poutine, qui est Valentina Matvienko, la femme la plus puissante de Russie\u00a0?"},"content":{"rendered":"<p class=\"ap-StoryElement ap-StoryElement--mb ap-StoryText\">Souvent qualifi\u00e9e de \u00ab\u00a0femme la plus puissante de Russie\u00a0\u00bb, Valentina Matvienko, a fait parler d&rsquo;elle cette semaine. Si elle a pour habitude de se tenir loin des projecteurs, Valentina Matvienko, a particip\u00e9 \u00e0 un sommet des pr\u00e9sidentes de Parlements. Malgr\u00e9 les nombreuses sanctions occidentales qui touchent la Russie, elle s&rsquo;est rendue \u00e0 cet \u00e9v\u00e8nement qui se tenait en Suisse du 29 au 31\u00a0juillet.<\/p>\n<p>H\u00e9ro\u00efne de la Russie<\/p>\n<p class=\"ap-StoryElement ap-StoryElement--mb ap-StoryText\">\u00c0 76 ans, Valentina Matvienko est la femme politique la plus haut plac\u00e9e de Russie. Vice Premi\u00e8re ministre charg\u00e9e des Affaires sociales sous<a href=\"https:\/\/www.lalibre.be\/international\/2007\/04\/23\/boris-eltsine-est-decede-JN57DR6YD5F6RFVW6ILDSK2KWI\/\" target=\"_blank\" rel=\"noopener\"> Boris Eltsine<\/a> et ancienne gouverneure de Saint-P\u00e9tersbourg, elle pr\u00e9side aujourd&rsquo;hui la chambre haute du Parlement. En 2014, elle n&rsquo;a pas h\u00e9sit\u00e9 \u00e0 soutenir l&rsquo;annexion de la Crim\u00e9e par la Russie, ce qui lui a d\u00e9j\u00e0 valu des sanctions de l&rsquo;Union europ\u00e9enne et une suspension de visa am\u00e9ricain. Valentina Matvienko a \u00e9galement soutenu diverses lois ayant restreint la libert\u00e9 de la presse, les ONG et Internet dans le pays. Depuis l&rsquo;invasion de l&rsquo;Ukraine en 2022, elle soutient l&rsquo;id\u00e9e que le pays doit \u00eatre \u00ab\u00a0d\u00e9nazifi\u00e9\u00a0\u00bb et que le conflit est \u00ab\u00a0n\u00e9cessaire\u00a0\u00bb. Alors que d&rsquo;autres personnes, comme l&rsquo;ancien ministre de la D\u00e9fense Sergue\u00ef Cho\u00efgou, ont \u00e9t\u00e9 \u00e9cart\u00e9es par <a href=\"https:\/\/www.lalibre.be\/actualite\/personne\/vladimir-poutine\/\" target=\"_blank\" rel=\"noopener\">Poutine<\/a>, Valentina Matvienko est une des rares personnes \u00e0 \u00eatre rest\u00e9e dans son cercle proche, suivant toujours la ligne du pouvoir. Le pr\u00e9sident du Kremlin n&rsquo;a d&rsquo;ailleurs pas h\u00e9sit\u00e9 \u00e0 lui remettre l&rsquo;une des plus grandes distinctions du pays, le titre d'\u00a0\u00bb H\u00e9ro\u00efne de la Russie\u00a0\u00bb. Il l&rsquo;a ainsi salu\u00e9e pour \u00ab\u00a0sa loyaut\u00e9 ind\u00e9fectible envers l&rsquo;\u00c9tat et pour son r\u00f4le dans le renforcement du syst\u00e8me autoritaire mis en place par Poutine\u00a0\u00bb.<\/p>\n<p><a href=\"https:\/\/www.lalibre.be\/international\/europe\/guerre-ukraine-russie\/2024\/04\/23\/la-russie-avertit-leurope-ils-savent-quil-y-aura-une-reponse-tres-ferme-de-notre-part-LYGQKIATONHFRNAEKHYHOLW43E\/\" target=\"_blank\" rel=\"noopener noreferrer\" class=\"ap-StoryInterstitialLink ap-StoryElement ap-StoryElement--mb js-paywall-target\">La Russie avertit l&rsquo;Europe: \u00ab\u00a0Ils savent qu&rsquo;il y aura une r\u00e9ponse tr\u00e8s ferme de notre part\u00a0\u00bb<\/a>Une pr\u00e9sence pol\u00e9mique en Suisse<\/p>\n<p class=\"ap-StoryElement ap-StoryElement--mb ap-StoryText\">Ce lundi, Valentina Matvienko a \u00e9t\u00e9 aper\u00e7ue au 15e Sommet des Pr\u00e9sidentes de Parlement, \u00e0 Gen\u00e8ve. La t\u00e9l\u00e9vision russe a d&rsquo;ailleurs diffus\u00e9 des images sur lesquelles on peut la voir descendre d&rsquo;un avion, bouquet de fleurs \u00e0 la main. Sur le site web de l&rsquo;\u00e9v\u00e8nement, on apprend que l&rsquo;objectif de celui-ci est de \u00ab\u00a0r\u00e9unir des femmes occupant les plus hautes fonctions d\u00e9cisionnelles au sein des parlements afin de d\u00e9finir le programme parlementaire en fonction des \u00e9volutions politiques, \u00e9conomiques, environnementales et sociales qui exigent des solutions de gouvernance mondiale unifi\u00e9es et sensibles au genre\u00a0\u00bb.<\/p>\n<p><a href=\"https:\/\/www.lalibre.be\/international\/europe\/guerre-ukraine-russie\/2025\/08\/01\/un-an-apres-sa-liberation-dune-prison-russe-cet-ancien-detenu-a-tout-perdu-plus-de-maison-plus-de-voiture-plus-demploi-FW6CIQYI2ZE3NBE6OCQ4V445E4\/\" target=\"_blank\" rel=\"noopener noreferrer\" class=\"ap-StoryInterstitialLink ap-StoryElement ap-StoryElement--mb\">Un an apr\u00e8s sa lib\u00e9ration d&rsquo;une prison russe, cet ancien d\u00e9tenu a tout perdu : \u00ab\u00a0Plus de maison, plus de voiture, plus d&#8217;emploi\u2026\u00a0\u00bb<\/a><\/p>\n<p class=\"ap-StoryElement ap-StoryElement--mb ap-StoryText\">Cependant, cette \u00ab\u00a0h\u00e9ro\u00efne du Kremlin\u00a0\u00bb est vis\u00e9e par des sanctions en Suisse, aux \u00c9tats-Unis et dans l&rsquo;Union europ\u00e9enne en raison de son soutien actif \u00e0 la guerre en Ukraine. La Suisse, pays h\u00f4te, a temporairement lev\u00e9 les sanctions afin de faciliter sa participation \u00e0 l&rsquo;\u00e9v\u00e8nement.<\/p>\n<p class=\"ap-StoryElement ap-StoryElement--mb ap-StoryText\">Sa pr\u00e9sence a donc \u00e9t\u00e9 largement critiqu\u00e9e, Andrii Tykhyi, porte-parole du minist\u00e8re ukrainien des Affaires \u00e9trang\u00e8res, la qualifiant de \u00ab\u00a0honte\u00a0\u00bb sur X\u00a0: \u00ab\u00a0Elle ne m\u00e9rite pas des fleurs, mais un billet pour La\u00a0Haye, o\u00f9 le proc\u00e8s de l&rsquo;agression russe va bient\u00f4t d\u00e9buter\u00a0\u00bb.<\/p>\n<p>Pour acc\u00e9der \u00e0 cet article, veuillez vous connecter au r\u00e9seau internet.<\/p>\n","protected":false},"excerpt":{"rendered":"Souvent qualifi\u00e9e de \u00ab\u00a0femme la plus puissante de Russie\u00a0\u00bb, Valentina Matvienko, a fait parler d&rsquo;elle cette semaine. Si&hellip;\n","protected":false},"author":2,"featured_media":289128,"comment_status":"","ping_status":"","sticky":false,"template":"","format":"standard","meta":{"footnotes":""},"categories":[1591],"tags":[11,10350,1887,1227,12,1885,1886,132],"class_list":{"0":"post-289127","1":"post","2":"type-post","3":"status-publish","4":"format-standard","5":"has-post-thumbnail","7":"category-russie","8":"tag-actualites","9":"tag-conflict","10":"tag-federation-de-russie","11":"tag-horizontal","12":"tag-news","13":"tag-russia","14":"tag-russian-federation","15":"tag-russie"},"share_on_mastodon":{"url":"https:\/\/pubeurope.com\/@fr\/114953819740530874","error":""},"_links":{"self":[{"href":"https:\/\/www.europesays.com\/fr\/wp-json\/wp\/v2\/posts\/289127","targetHints":{"allow":["GET"]}}],"collection":[{"href":"https:\/\/www.europesays.com\/fr\/wp-json\/wp\/v2\/posts"}],"about":[{"href":"https:\/\/www.europesays.com\/fr\/wp-json\/wp\/v2\/types\/post"}],"author":[{"embeddable":true,"href":"https:\/\/www.europesays.com\/fr\/wp-json\/wp\/v2\/users\/2"}],"replies":[{"embeddable":true,"href":"https:\/\/www.europesays.com\/fr\/wp-json\/wp\/v2\/comments?post=289127"}],"version-history":[{"count":0,"href":"https:\/\/www.europesays.com\/fr\/wp-json\/wp\/v2\/posts\/289127\/revisions"}],"wp:featuredmedia":[{"embeddable":true,"href":"https:\/\/www.europesays.com\/fr\/wp-json\/wp\/v2\/media\/289128"}],"wp:attachment":[{"href":"https:\/\/www.europesays.com\/fr\/wp-json\/wp\/v2\/media?parent=289127"}],"wp:term":[{"taxonomy":"category","embeddable":true,"href":"https:\/\/www.europesays.com\/fr\/wp-json\/wp\/v2\/categories?post=289127"},{"taxonomy":"post_tag","embeddable":true,"href":"https:\/\/www.europesays.com\/fr\/wp-json\/wp\/v2\/tags?post=289127"}],"curies":[{"name":"wp","href":"https:\/\/api.w.org\/{rel}","templated":true}]}}