{"id":289131,"date":"2025-08-01T13:48:12","date_gmt":"2025-08-01T13:48:12","guid":{"rendered":"https:\/\/www.europesays.com\/fr\/289131\/"},"modified":"2025-08-01T13:48:12","modified_gmt":"2025-08-01T13:48:12","slug":"la-filiere-des-vins-et-des-spiritueux-francais-appelle-a-poursuivre-les-negociations","status":"publish","type":"post","link":"https:\/\/www.europesays.com\/fr\/289131\/","title":{"rendered":"la fili\u00e8re des vins et des spiritueux fran\u00e7ais appelle \u00e0 \u00ab\u00a0poursuivre les n\u00e9gociations\u00a0\u00bb"},"content":{"rendered":"<p>Apr\u00e8s les nouvelles <a href=\"https:\/\/www.franceinfo.fr\/monde\/usa\/droits-de-douane\/droits-de-douanes-selon-le-tresor-americain-les-recettes-des-taxes-douanieres-battent-des-records-avec-87-milliards-de-dollars-en-six-mois_7411546.html\" rel=\"nofollow noopener\" target=\"_blank\">surtaxes impos\u00e9es sur les produits<\/a> en provenance <a href=\"https:\/\/www.franceinfo.fr\/monde\/usa\/droits-de-douane\/carte-droits-de-douane-visualisez-pays-par-pays-les-nouvelles-surtaxes-decidees-vendredi-par-donald-trump_7411633.html\" target=\"_blank\" rel=\"noopener nofollow\">de dizaines de partenaires commerciaux des Etats-Unis,<\/a>\u00a0la F\u00e9d\u00e9ration des exportateurs de vins et spiritueux (FEVS) appelle, vendredi 1er ao\u00fbt, la France et l&rsquo;Union europ\u00e9enne (UE) \u00e0 \u00ab\u00a0poursuivre les n\u00e9gociations\u00a0\u00bb. La FEVS d\u00e9plore notamment l&rsquo;entr\u00e9e en vigueur de droits de douane de 15% sur les produits europ\u00e9ens \u00e0 compter du 7 ao\u00fbt. L&rsquo;organisation esp\u00e8re notamment obtenir une d\u00e9rogation pour les vins en provenance de l&rsquo;UE, qui avait annonc\u00e9 jeudi, poursuivre les n\u00e9gociations avec les \u00c9tats-Unis afin d&rsquo;obtenir une exception pour la fili\u00e8re.\u00a0<\/p>\n<p>Si, pour Washington, il s&rsquo;agit de \u00ab\u00a0restructurer le commerce mondial au b\u00e9n\u00e9fice des travailleurs am\u00e9ricains\u00a0\u00bb, en France, les droits de douane risquent toutefois d'\u00a0\u00bbaboutir \u00e0 une r\u00e9duction d&rsquo;un quart\u00a0\u00bb des ventes de vins et spiritueux aux \u00c9tats-Unis, \u00ab\u00a0soit une perte d&rsquo;un milliard d&rsquo;euros\u00a0\u00bb. Des chiffres qui auront \u00ab\u00a0des effets sur les 600\u00a0000 emplois directs et indirects de la fili\u00e8re des vins et spiritueux\u00a0\u00bb, a alert\u00e9 le pr\u00e9sident de la FEVS Gabriel Picard. Suivez notre direct.<\/p>\n<p class=\"c-body__bullet\"><strong> Une nouvelle date ajout\u00e9e\u00a0<\/strong><strong>au calendrier des droits de douane\u00a0am\u00e9ricains<\/strong><strong>. <\/strong>Les surtaxes impos\u00e9es sur les produits en provenance de dizaines de partenaires commerciaux des Etats-Unis commenceront \u00e0 \u00eatre collect\u00e9es le jeudi 7\u00a0ao\u00fbt, soit sept jours apr\u00e8s la date initialement annonc\u00e9e. Un d\u00e9lai cens\u00e9 permettre aux douanes de s&rsquo;organiser, a fait savoir \u00e0 la presse un responsable de la Maison Blanche. Pour Washington, il s&rsquo;agit de\u00a0\u00ab\u00a0restructurer le commerce mondial au b\u00e9n\u00e9fice des travailleurs am\u00e9ricains\u00a0\u00bb.<\/p>\n<p class=\"c-body__bullet\"><strong> Des diff\u00e9rences selon les pays. <\/strong>La plupart des pays cit\u00e9s se voient imposer 15% de droits de douane, quelques pays se retrouvant \u00e0 un taux plus \u00e9lev\u00e9, \u00e0 l&rsquo;image de l&rsquo;Afrique du Sud, \u00e0 30%, la Serbie, \u00e0 35%, ou la Suisse, \u00e0 39%. Cette derni\u00e8re a pris acte \u00ab\u00a0avec grand regret\u00a0\u00bb des taxes inflig\u00e9es \u00e0 ses produits export\u00e9s aux Etats-Unis, avant d&rsquo;annoncer souhaiter n\u00e9gocier avec l&rsquo;administration de Donald Trump. Avec une surtaxe qui s&rsquo;\u00e9l\u00e8ve \u00e0 41%, la Syrie est le pays qui devra faire face au taux le plus \u00e9lev\u00e9. Plus t\u00f4t dans la semaine, <a href=\"https:\/\/www.franceinfo.fr\/monde\/usa\/presidentielle\/donald-trump\/droits-de-douane-donald-trump-a-signe-un-decret-imposant-50-sur-les-produits-bresiliens_7408444.html\" rel=\"nofollow noopener\" target=\"_blank\">Donald Trump a \u00e9galement impos\u00e9 un taux de 50% au Br\u00e9sil<\/a>, en repr\u00e9sailles aux poursuites visant l&rsquo;ancien pr\u00e9sident Jair Bolsonaro.<\/p>\n<p class=\"c-body__bullet\"><strong\/> <strong>D<\/strong><strong>es r\u00e9actions<\/strong> <strong>contrast\u00e9es sur la sc\u00e8ne internationale. <\/strong>Le Bangladesh et la Tha\u00eflande se sont ainsi f\u00e9licit\u00e9s d&rsquo;un accord avec les Etats-Unis, tandis que\u00a0Ta\u00efwan reste d\u00e9termin\u00e9 \u00e0 \u00ab\u00a0obtenir un niveau raisonnable de droits de douane\u00a0\u00bb. A l&rsquo;inverse, le Canada s&rsquo;est dit pr\u00eat \u00e0 agir \u00ab\u00a0pour prot\u00e9ger les emplois canadiens, investir dans notre comp\u00e9titivit\u00e9 industrielle, acheter canadien et diversifier nos march\u00e9s d&rsquo;exportation\u00a0\u00bb, a soutenu le Premier ministre, Mark Carney.<\/p>\n<p class=\"c-body__bullet\"><strong> Le Canada vis\u00e9 par un d\u00e9cret \u00e0 part. <\/strong>De son c\u00f4t\u00e9, le Canada est vis\u00e9 par un d\u00e9cret \u00e0 part, qui fait lui passer les droits de douane sur ses produits import\u00e9s aux Etats-Unis de 25% \u00e0 35%. Cette hausse concerne uniquement les produits ne transitant pas dans le cadre de l&rsquo;accord de libre-\u00e9change nord-am\u00e9ricain (ACEUM). \u00ab\u00a0Le Canada n&rsquo;a pas \u00e9t\u00e9 en mesure de coop\u00e9rer afin de r\u00e9duire le flot de fentanyl et autres drogues\u00a0\u00bb entrant aux Etats-Unis, a justifi\u00e9 la Maison Blanche dans un document, \u00ab\u00a0et il a pris des mesures de repr\u00e9sailles contre les Etats-Unis\u00a0\u00bb.<\/p>\n<p class=\"c-body__bullet\"><strong> La l\u00e9galit\u00e9 de ces d\u00e9cisions mise en doute.<\/strong> Une cour d&rsquo;appel f\u00e9d\u00e9rale a commenc\u00e9 jeudi \u00e0 Washington l&rsquo;examen d&rsquo;un appel devant d\u00e9terminer si Donald Trump a outrepass\u00e9 ses pouvoirs constitutionnels en imposant ces surtaxes sans l&rsquo;approbation du Congr\u00e8s. Cela concerne les droits de douane quasiment universels, c&rsquo;est-\u00e0-dire ceux qui ne sont pas impos\u00e9s \u00e0 un secteur particulier comme l&rsquo;automobile ou l&rsquo;acier. L&rsquo;avocat des plaignants, des petites entreprises ainsi qu&rsquo;une dizaine d&rsquo;Etats am\u00e9ricains, a notamment d\u00e9nonc\u00e9 \u00ab\u00a0un accaparement de pouvoir sans pr\u00e9c\u00e9dent de la part d&rsquo;un pr\u00e9sident en 200\u00a0ans\u00a0\u00bb.<\/p>\n","protected":false},"excerpt":{"rendered":"Apr\u00e8s les nouvelles surtaxes impos\u00e9es sur les produits en provenance de dizaines de partenaires commerciaux des Etats-Unis,\u00a0la F\u00e9d\u00e9ration&hellip;\n","protected":false},"author":2,"featured_media":289132,"comment_status":"","ping_status":"","sticky":false,"template":"","format":"standard","meta":{"footnotes":""},"categories":[1589],"tags":[11,73,1866,12,1864,1865,1863,308],"class_list":{"0":"post-289131","1":"post","2":"type-post","3":"status-publish","4":"format-standard","5":"has-post-thumbnail","7":"category-etats-unis","8":"tag-actualites","9":"tag-etats-unis","10":"tag-etats-unis-damerique","11":"tag-news","12":"tag-united-states","13":"tag-united-states-of-america","14":"tag-us","15":"tag-usa"},"share_on_mastodon":{"url":"https:\/\/pubeurope.com\/@fr\/114953827450671181","error":""},"_links":{"self":[{"href":"https:\/\/www.europesays.com\/fr\/wp-json\/wp\/v2\/posts\/289131","targetHints":{"allow":["GET"]}}],"collection":[{"href":"https:\/\/www.europesays.com\/fr\/wp-json\/wp\/v2\/posts"}],"about":[{"href":"https:\/\/www.europesays.com\/fr\/wp-json\/wp\/v2\/types\/post"}],"author":[{"embeddable":true,"href":"https:\/\/www.europesays.com\/fr\/wp-json\/wp\/v2\/users\/2"}],"replies":[{"embeddable":true,"href":"https:\/\/www.europesays.com\/fr\/wp-json\/wp\/v2\/comments?post=289131"}],"version-history":[{"count":0,"href":"https:\/\/www.europesays.com\/fr\/wp-json\/wp\/v2\/posts\/289131\/revisions"}],"wp:featuredmedia":[{"embeddable":true,"href":"https:\/\/www.europesays.com\/fr\/wp-json\/wp\/v2\/media\/289132"}],"wp:attachment":[{"href":"https:\/\/www.europesays.com\/fr\/wp-json\/wp\/v2\/media?parent=289131"}],"wp:term":[{"taxonomy":"category","embeddable":true,"href":"https:\/\/www.europesays.com\/fr\/wp-json\/wp\/v2\/categories?post=289131"},{"taxonomy":"post_tag","embeddable":true,"href":"https:\/\/www.europesays.com\/fr\/wp-json\/wp\/v2\/tags?post=289131"}],"curies":[{"name":"wp","href":"https:\/\/api.w.org\/{rel}","templated":true}]}}