{"id":289135,"date":"2025-08-01T13:50:13","date_gmt":"2025-08-01T13:50:13","guid":{"rendered":"https:\/\/www.europesays.com\/fr\/289135\/"},"modified":"2025-08-01T13:50:13","modified_gmt":"2025-08-01T13:50:13","slug":"lallemagne-met-en-garde-israel-contre-un-isolement-international","status":"publish","type":"post","link":"https:\/\/www.europesays.com\/fr\/289135\/","title":{"rendered":"L\u2019Allemagne Met En Garde Isra\u00ebl Contre Un Isolement International"},"content":{"rendered":"<p class=\"\" data-is=\"component-paragraph\">En visite \u00e0 J\u00e9rusalem, le ministre allemand des Affaires \u00e9trang\u00e8res, Johann Wadephul, a exhort\u00e9 Isra\u00ebl \u00e0 modifier sa politique face \u00e0 la \u00ab catastrophe humanitaire \u00bb \u00e0 Gaza. Il a insist\u00e9 sur la n\u00e9cessit\u00e9 d\u2019acheminer rapidement et en toute s\u00e9curit\u00e9 une aide humanitaire cons\u00e9quente, principalement par voies terrestres, qualifiant la situation de \u00ab d\u00e9passant l\u2019imagination \u00bb. Les largages a\u00e9riens, auxquels l\u2019Allemagne participe, ne sont qu\u2019une mesure d\u2019urgence, a-t-il pr\u00e9cis\u00e9.<\/p>\n<p class=\"\" data-is=\"component-paragraph\">Wadephul a \u00e9galement mis en garde contre un isolement international croissant d\u2019Isra\u00ebl, appelant le gouvernement de Benjamin Netanyahou \u00e0 rejeter clairement toute politique d\u2019expulsion ou d\u2019annexion des territoires palestiniens. \u00ab C\u2019est la seule mani\u00e8re d\u2019\u00e9viter un \u00e9loignement suppl\u00e9mentaire de l\u2019Union europ\u00e9enne \u00bb, a-t-il averti, soulignant les discussions en cours au sein de l\u2019UE sur des sanctions et la reconnaissance d\u2019un \u00c9tat palestinien.<\/p>\n<p class=\"\" data-is=\"component-paragraph\">Le ministre poursuivra son d\u00e9placement vendredi en Jud\u00e9e-Samarie, o\u00f9 il rencontrera le pr\u00e9sident de l&rsquo;Autorit\u00e9 palestinienne Mahmoud Abbas \u00e0 Ramallah. Les discussions porteront sur la mont\u00e9e de la violence de certains extr\u00e9mistes isra\u00e9liens et les r\u00e9cents projets d\u2019annexion, notamment apr\u00e8s une r\u00e9solution non contraignante de la Knesset en faveur de l\u2019annexion de la Jud\u00e9e-Samarie. Cette visite intervient alors que l\u2019Allemagne, fid\u00e8le alli\u00e9e d\u2019Isra\u00ebl, durcit son ton face \u00e0 la crise humanitaire et aux tensions r\u00e9gionales.<\/p>\n","protected":false},"excerpt":{"rendered":"En visite \u00e0 J\u00e9rusalem, le ministre allemand des Affaires \u00e9trang\u00e8res, Johann Wadephul, a exhort\u00e9 Isra\u00ebl \u00e0 modifier sa&hellip;\n","protected":false},"author":2,"featured_media":153126,"comment_status":"","ping_status":"","sticky":false,"template":"","format":"standard","meta":{"footnotes":""},"categories":[1587],"tags":[11,672,1804,1805,1803,1777,674,1801,12,1802],"class_list":{"0":"post-289135","1":"post","2":"type-post","3":"status-publish","4":"format-standard","5":"has-post-thumbnail","7":"category-allemagne","8":"tag-actualites","9":"tag-allemagne","10":"tag-bundesrepublik-deutschland","11":"tag-de","12":"tag-deutschland","13":"tag-eu","14":"tag-europe","15":"tag-germany","16":"tag-news","17":"tag-republique-federale-dallemagne"},"share_on_mastodon":{"url":"https:\/\/pubeurope.com\/@fr\/114953835262018105","error":""},"_links":{"self":[{"href":"https:\/\/www.europesays.com\/fr\/wp-json\/wp\/v2\/posts\/289135","targetHints":{"allow":["GET"]}}],"collection":[{"href":"https:\/\/www.europesays.com\/fr\/wp-json\/wp\/v2\/posts"}],"about":[{"href":"https:\/\/www.europesays.com\/fr\/wp-json\/wp\/v2\/types\/post"}],"author":[{"embeddable":true,"href":"https:\/\/www.europesays.com\/fr\/wp-json\/wp\/v2\/users\/2"}],"replies":[{"embeddable":true,"href":"https:\/\/www.europesays.com\/fr\/wp-json\/wp\/v2\/comments?post=289135"}],"version-history":[{"count":0,"href":"https:\/\/www.europesays.com\/fr\/wp-json\/wp\/v2\/posts\/289135\/revisions"}],"wp:featuredmedia":[{"embeddable":true,"href":"https:\/\/www.europesays.com\/fr\/wp-json\/wp\/v2\/media\/153126"}],"wp:attachment":[{"href":"https:\/\/www.europesays.com\/fr\/wp-json\/wp\/v2\/media?parent=289135"}],"wp:term":[{"taxonomy":"category","embeddable":true,"href":"https:\/\/www.europesays.com\/fr\/wp-json\/wp\/v2\/categories?post=289135"},{"taxonomy":"post_tag","embeddable":true,"href":"https:\/\/www.europesays.com\/fr\/wp-json\/wp\/v2\/tags?post=289135"}],"curies":[{"name":"wp","href":"https:\/\/api.w.org\/{rel}","templated":true}]}}