{"id":28915,"date":"2025-04-16T09:22:16","date_gmt":"2025-04-16T09:22:16","guid":{"rendered":"https:\/\/www.europesays.com\/fr\/28915\/"},"modified":"2025-04-16T09:22:16","modified_gmt":"2025-04-16T09:22:16","slug":"gerald-darmanin-vient-apporter-son-soutien-aux-agents","status":"publish","type":"post","link":"https:\/\/www.europesays.com\/fr\/28915\/","title":{"rendered":"G\u00e9rald Darmanin vient apporter son soutien aux agents"},"content":{"rendered":"<p>            Par<br \/>\n        <strong><br \/>\n            <a href=\"https:\/\/actu.fr\/auteur\/valentine-exantus-actu-fr\" title=\"Consulter tous les articles de Valentine Exantus\" target=\"_blank\" rel=\"noopener\">Valentine Exantus<\/a><br \/>\n        <\/strong><\/p>\n<p>        Publi\u00e9 le<\/p>\n<p>            15 avr. 2025 \u00e0 14h01        <\/p>\n<p><img decoding=\"async\" loading=\"lazy\" src=\"https:\/\/www.europesays.com\/fr\/wp-content\/uploads\/2025\/04\/0d360b5e50d76f0460b5e50d7c4460v-960x640.jpg\" alt=\"Le centre p\u00e9nitentiaire de Toulon-La Farl\u00e8de a \u00e9t\u00e9 le th\u00e9\u00e2tre de tir \u00e0 la kalashnikov. \" width=\"960\" height=\"640\"\/>Le centre p\u00e9nitentiaire de Toulon-La Farl\u00e8de a \u00e9t\u00e9 le th\u00e9\u00e2tre de tir \u00e0 la kalashnikov. (\u00a9Illustration AdobeStock \u2013 Bibiphoto)<\/p>\n<p class=\" wall-content\">Dans la nuit du lundi\u00a014 au mardi 15\u00a0avril 2025, le <strong>Centre P\u00e9nitentiaire de Toulon<\/strong> (<a href=\"https:\/\/actu.fr\/provence-alpes-cote-d-azur\/var_83\" target=\"_blank\" rel=\"noopener\">Var<\/a>) a \u00e9t\u00e9 la<strong> cible d\u2019une attaque arm\u00e9e<\/strong>, avec des tirs \u00e0 l\u2019arme automatique, notamment des types Kalachnikov, selon les informations de <a href=\"https:\/\/france3-regions.francetvinfo.fr\/provence-alpes-cote-d-azur\/var\/toulon\/tirs-a-l-arme-automatique-sur-la-prison-de-toulon-gerald-darmanin-attendu-sur-place-pour-apporter-son-soutien-aux-agents-3138842.html\" target=\"_blank\" rel=\"noopener\">France 3 r\u00e9gions<\/a>.<\/p>\n<p class=\" wall-content\">Selon FO Justice, sur X, <strong>15 impacts de balles<\/strong> sur la porte du centre p\u00e9nitentiaire de Toulon-La Farl\u00e8de. Des t\u00e9moins rapportent qu\u2019une voiture s\u2019est arr\u00eat\u00e9e devant l\u2019\u00e9tablissement et des individus ont ouvert le feu avec leur Kalachnikov.<\/p>\n<p>R\u00e9action des autorit\u00e9s<\/p>\n<p class=\" wall-content\">Face \u00e0 cette situation, le garde des sceaux, G\u00e9rald Darmanin, a d\u00e9cid\u00e9 de se rendre sur place pour exprimer son soutien aux agents p\u00e9nitentiaires.<\/p>\n<p class=\" wall-content\">\n<p class=\" wall-content\">Cette attaque s\u2019inscrit dans un contexte particulier o\u00f9 dans la nuit d\u2019autres prisons fran\u00e7aises ont \u00e9galement \u00e9t\u00e9 touch\u00e9es par des actes de violence, notamment des incendies de v\u00e9hicules.<\/p>\n<p>Vid\u00e9os : en ce moment sur Actu<\/p>\n<p class=\" wall-content\">Le ministre de la Justice s\u2019exprimera sur la situation au cours de sa venue \u00e0 Toulon, cet apr\u00e8s-midi.<\/p>\n<p class=\" wall-content\">Suivez toute l\u2019actualit\u00e9 de vos villes et m\u00e9dias favoris en vous inscrivant \u00e0 <a href=\"https:\/\/moncompte.actu.fr\" title=\"D\u00e9couvez Mon Actu\" rel=\"nofollow noopener\" data-trk=\"{&quot;cta&quot;:{&quot;action&quot;:&quot;https:\\\/\\\/moncompte.actu.fr&quot;,&quot;category&quot;:&quot;mon compte&quot;,&quot;from&quot;:&quot;article footer&quot;,&quot;name&quot;:&quot;Mon actu&quot;,&quot;type&quot;:&quot;cta&quot;}}\" target=\"_blank\">Mon Actu<\/a>.<\/p>\n<ul class=\"ac-article-tag wall-content\">\n<li><a href=\"https:\/\/actu.fr\/tag\/gerald-darmanin\" data-trk=\"{&quot;cta&quot;:{&quot;action&quot;:&quot;G\\u00e9rald Darmanin&quot;,&quot;category&quot;:&quot;tag&quot;,&quot;from&quot;:&quot;article footer&quot;,&quot;name&quot;:&quot;G\\u00e9rald Darmanin&quot;,&quot;type&quot;:&quot;cta&quot;}}\" target=\"_blank\" rel=\"noopener\">#G\u00e9rald Darmanin<\/a><\/li>\n<li><a href=\"https:\/\/actu.fr\/tag\/prisons\" data-trk=\"{&quot;cta&quot;:{&quot;action&quot;:&quot;Prisons&quot;,&quot;category&quot;:&quot;tag&quot;,&quot;from&quot;:&quot;article footer&quot;,&quot;name&quot;:&quot;Prisons&quot;,&quot;type&quot;:&quot;cta&quot;}}\" target=\"_blank\" rel=\"noopener\">#Prisons<\/a><\/li>\n<\/ul>\n","protected":false},"excerpt":{"rendered":"Par Valentine Exantus Publi\u00e9 le 15 avr. 2025 \u00e0 14h01 Le centre p\u00e9nitentiaire de Toulon-La Farl\u00e8de a \u00e9t\u00e9&hellip;\n","protected":false},"author":2,"featured_media":28916,"comment_status":"","ping_status":"","sticky":false,"template":"","format":"standard","meta":{"footnotes":""},"categories":[9619],"tags":[1111,11,1777,674,118,1011,27,432,12,899,882,25,2310],"class_list":{"0":"post-28915","1":"post","2":"type-post","3":"status-publish","4":"format-standard","5":"has-post-thumbnail","7":"category-toulon","8":"tag-actu","9":"tag-actualites","10":"tag-eu","11":"tag-europe","12":"tag-faits-divers","13":"tag-fr","14":"tag-france","15":"tag-gerald-darmanin","16":"tag-news","17":"tag-prisons","18":"tag-provence-alpes-cote-dazur","19":"tag-republique-francaise","20":"tag-toulon"},"share_on_mastodon":{"url":"https:\/\/pubeurope.com\/@fr\/114346914146956273","error":""},"_links":{"self":[{"href":"https:\/\/www.europesays.com\/fr\/wp-json\/wp\/v2\/posts\/28915","targetHints":{"allow":["GET"]}}],"collection":[{"href":"https:\/\/www.europesays.com\/fr\/wp-json\/wp\/v2\/posts"}],"about":[{"href":"https:\/\/www.europesays.com\/fr\/wp-json\/wp\/v2\/types\/post"}],"author":[{"embeddable":true,"href":"https:\/\/www.europesays.com\/fr\/wp-json\/wp\/v2\/users\/2"}],"replies":[{"embeddable":true,"href":"https:\/\/www.europesays.com\/fr\/wp-json\/wp\/v2\/comments?post=28915"}],"version-history":[{"count":0,"href":"https:\/\/www.europesays.com\/fr\/wp-json\/wp\/v2\/posts\/28915\/revisions"}],"wp:featuredmedia":[{"embeddable":true,"href":"https:\/\/www.europesays.com\/fr\/wp-json\/wp\/v2\/media\/28916"}],"wp:attachment":[{"href":"https:\/\/www.europesays.com\/fr\/wp-json\/wp\/v2\/media?parent=28915"}],"wp:term":[{"taxonomy":"category","embeddable":true,"href":"https:\/\/www.europesays.com\/fr\/wp-json\/wp\/v2\/categories?post=28915"},{"taxonomy":"post_tag","embeddable":true,"href":"https:\/\/www.europesays.com\/fr\/wp-json\/wp\/v2\/tags?post=28915"}],"curies":[{"name":"wp","href":"https:\/\/api.w.org\/{rel}","templated":true}]}}