{"id":289153,"date":"2025-08-01T14:03:10","date_gmt":"2025-08-01T14:03:10","guid":{"rendered":"https:\/\/www.europesays.com\/fr\/289153\/"},"modified":"2025-08-01T14:03:10","modified_gmt":"2025-08-01T14:03:10","slug":"cyclisme-criterium-wout-van-aert-domine-jonathan-milan-dans-sa-ville-natale-dherentals","status":"publish","type":"post","link":"https:\/\/www.europesays.com\/fr\/289153\/","title":{"rendered":"Cyclisme. Crit\u00e9rium &#8211; Wout Van Aert domine Jonathan Milan dans sa ville natale d&rsquo;Herentals"},"content":{"rendered":"<p>Comme toujours accueilli en rockstar chez lui \u00e0\u00a0<strong>Herentals<\/strong>, avec pr\u00e8s de 30 000 personnes pr\u00e9sentes\u00a0dans sa ville natale pour c\u00e9l\u00e9brer son champion,\u00a0<strong><a href=\"https:\/\/www.cyclismactu.net\/..\/news-tour-de-france-route-wout-van-aert-le-plus-dur-c-etait-de-continuer-y-croire-89281.html\" target=\"_blank\" rel=\"nofollow noopener\">Wout Van Aert<\/a><\/strong> a remport\u00e9 pour la troisi\u00e8me fois le Crit\u00e9rium d&rsquo;Herentals jeudi soir. D\u00e9j\u00e0 vainqueur\u00a0en 2022 et 2023 dans sa commune de r\u00e9sidence et devant\u00a0son public, le Belge de la <strong>Visma | Lease a Bike<\/strong> a de nouveau lev\u00e9 les bras quelques jours apr\u00e8s son triomphe salvateur sur les Champs-\u00c9lys\u00e9es lors de la 21e et derni\u00e8re \u00e9tape du <strong><a href=\"https:\/\/www.cyclismactu.net\/..\/news-tour-de-france-route-les-points-uci-recoltes-uae-devant-cofidis-bon-dernier-89340.html\" target=\"_blank\" rel=\"nofollow noopener\">Tour de France<\/a><\/strong>. Il s&rsquo;est offert au sprint <strong>Jonathan Milan<\/strong> (Lidl-Trek), qui portait son maillot vert de la Grande Boucle, et l&rsquo;Australien <strong>Kaden Groves<\/strong> (Alpecin-Deceuninck) pour succ\u00e9der au palmar\u00e8s \u00e0 l&rsquo;\u00c9rythr\u00e9en <strong>Biniam Girmay<\/strong>.\u00a0<strong>Victor Campenaerts<\/strong> (Visma | Lease a Bike) a pris la 4e place devant <strong>Brent Van Moer<\/strong> (Lotto).<\/p>\n<p>Vid\u00e9o &#8211; 5 jours apr\u00e8s les Champs, WVA s&rsquo;impose chez lui \u00e0 Herentals Lire la suite de l&rsquo;article&#13;<\/p>\n<p>\u00a0<\/p>\n<p>&#13;<br \/>\n\u00ab\u00a0Suis-je repos\u00e9 apr\u00e8s le Tour ? J&rsquo;ai essay\u00e9, mais&#8230;\u00a0\u00bb&#13;<\/p>\n<p>La tourn\u00e9e des crit\u00e9riums belges d&rsquo;apr\u00e8s-Tour de France pour c\u00e9l\u00e9brer les (nombreux) h\u00e9ros belges de ce mois de juillet a pris fin \u00e0 Herentals, 3e crit\u00e9rium de la semaine apr\u00e8s la victoire de <strong>Tim Wellens<\/strong> (UAE Team Emirates-XRG) lundi \u00e0 Alost et celle <strong>Tim Merlier<\/strong> (Soudal Quick-Step) \u00e0 Roulers mardi. <strong>Wout Van Aert<\/strong> est revenu aupr\u00e8s de <a href=\"https:\/\/sporza.be\/nl\/2025\/07\/31\/wout-van-aert-sprint-met-feestbenen-naar-zege-in-herentals-nu-zie-ik-grotere-plaatje-van-mijn-zege-in-parijs~1753976974610\/\" target=\"_blank\" rel=\"nofollow noopener\">Sporza<\/a> sur cette belle semaine qui a suivi sa l\u00e9gendaire victoire \u00e0 Paris. \u00ab\u00a0C&rsquo;\u00e9tait agr\u00e9able de revoir les images. J&rsquo;ai aussi mieux compris pourquoi tant de gens \u00e9taient impressionn\u00e9s. J&rsquo;\u00e9tais content de ma victoire, mais on n&rsquo;a pas toujours une vue d&rsquo;ensemble. Je l&rsquo;ai r\u00e9alis\u00e9 maintenant\u00a0\u00bb, a racont\u00e9 celui qui est arriv\u00e9 en voiture avec sa famille pour la soir\u00e9e de festivit\u00e9s dans sa ville de r\u00e9sidence, apr\u00e8s quelques jours sans v\u00e9lo. \u00ab\u00a0Suis-je repos\u00e9 apr\u00e8s le Tour ? J&rsquo;ai essay\u00e9, mais j&rsquo;ai d\u00e9j\u00e0 eu quelques petites r\u00e9jouissances.\u00a0\u00bb<\/p>\n<p>&#13;<\/p>\n<p>\u00ab\u00a0Je ne me sens pas encore tout \u00e0 fait frais, mais \u00e7a ira bien aujourd&rsquo;hui.\u00a0Je suis encore un peu fatigu\u00e9 et je n&rsquo;ai pas pris soin de moi comme un athl\u00e8te le devrait ces derniers jours. Je suis rest\u00e9 longtemps allong\u00e9 sur le canap\u00e9, j&rsquo;ai jou\u00e9 avec les enfants de temps en temps, mais j&rsquo;ai aussi fait quelques belles f\u00eates.Je pense que c&rsquo;\u00e9tait normal. On ne gagne pas tous les ans sur les Champs-\u00c9lys\u00e9es, et c&rsquo;est une victoire pour laquelle j&rsquo;ai d\u00fb travailler tr\u00e8s dur\u00a0\u00bb, a compl\u00e9t\u00e9 celui qui ne devrait pas courir jusqu&rsquo;au 20 ao\u00fbt et le\u00a0<strong>Tour d&rsquo;Allemagne<\/strong>. Il en \u00e9galement profit\u00e9 pour r\u00e9pondre aux questions concernant son \u00e9ventuelle impasse sur les <strong>Mondiaux du Rwanda<\/strong>. \u00ab\u00a0Je n&rsquo;ai pas encore eu de contact avec le s\u00e9lectionneur national (Serge Pauwels, ndlr), et les Championnats du monde ne me pr\u00e9occupent pas ces derniers jours. C&rsquo;est une course formidable que j&rsquo;ai toujours envie de disputer, mais il faut qu&rsquo;elle ait du sens\u00a0\u00bb, a-t-il conclu.<\/p>\n","protected":false},"excerpt":{"rendered":"Comme toujours accueilli en rockstar chez lui \u00e0\u00a0Herentals, avec pr\u00e8s de 30 000 personnes pr\u00e9sentes\u00a0dans sa ville natale&hellip;\n","protected":false},"author":2,"featured_media":289154,"comment_status":"","ping_status":"","sticky":false,"template":"","format":"standard","meta":{"footnotes":""},"categories":[1411],"tags":[42572,1154,207,211,1011,27,209,60,210,212,208,213],"class_list":{"0":"post-289153","1":"post","2":"type-post","3":"status-publish","4":"format-standard","5":"has-post-thumbnail","7":"category-cyclisme","8":"tag-criterium","9":"tag-cycling","10":"tag-cyclisme","11":"tag-ffc","12":"tag-fr","13":"tag-france","14":"tag-route","15":"tag-sports","16":"tag-tour-de-france","17":"tag-uci","18":"tag-velo","19":"tag-world-tour"},"share_on_mastodon":{"url":"https:\/\/pubeurope.com\/@fr\/114953886365140373","error":""},"_links":{"self":[{"href":"https:\/\/www.europesays.com\/fr\/wp-json\/wp\/v2\/posts\/289153","targetHints":{"allow":["GET"]}}],"collection":[{"href":"https:\/\/www.europesays.com\/fr\/wp-json\/wp\/v2\/posts"}],"about":[{"href":"https:\/\/www.europesays.com\/fr\/wp-json\/wp\/v2\/types\/post"}],"author":[{"embeddable":true,"href":"https:\/\/www.europesays.com\/fr\/wp-json\/wp\/v2\/users\/2"}],"replies":[{"embeddable":true,"href":"https:\/\/www.europesays.com\/fr\/wp-json\/wp\/v2\/comments?post=289153"}],"version-history":[{"count":0,"href":"https:\/\/www.europesays.com\/fr\/wp-json\/wp\/v2\/posts\/289153\/revisions"}],"wp:featuredmedia":[{"embeddable":true,"href":"https:\/\/www.europesays.com\/fr\/wp-json\/wp\/v2\/media\/289154"}],"wp:attachment":[{"href":"https:\/\/www.europesays.com\/fr\/wp-json\/wp\/v2\/media?parent=289153"}],"wp:term":[{"taxonomy":"category","embeddable":true,"href":"https:\/\/www.europesays.com\/fr\/wp-json\/wp\/v2\/categories?post=289153"},{"taxonomy":"post_tag","embeddable":true,"href":"https:\/\/www.europesays.com\/fr\/wp-json\/wp\/v2\/tags?post=289153"}],"curies":[{"name":"wp","href":"https:\/\/api.w.org\/{rel}","templated":true}]}}