{"id":289157,"date":"2025-08-01T14:05:11","date_gmt":"2025-08-01T14:05:11","guid":{"rendered":"https:\/\/www.europesays.com\/fr\/289157\/"},"modified":"2025-08-01T14:05:11","modified_gmt":"2025-08-01T14:05:11","slug":"la-digression-de-camille-lacourt-quon-avai","status":"publish","type":"post","link":"https:\/\/www.europesays.com\/fr\/289157\/","title":{"rendered":"la digression de Camille Lacourt qu&rsquo;on avai &#8230;"},"content":{"rendered":"<p>EN BREF<\/p>\n<ul class=\"bloc_resume_post_list\">\n<li>\u00c0 Singapour, le 31 juillet, L\u00e9on Marchand a remport\u00e9 la<br \/>\nfinale du 200 m\u00e8tres 4 nages apr\u00e8s un record du monde en<br \/>\ndemi-finale.<\/li>\n<li>Camille Lacourt a surpris en direct avec une r\u00e9f\u00e9rence<br \/>\nhumoristique \u00e0 Gad Elmaleh, d\u00e9tendant l\u00a0\u00bbatmosph\u00e8re des<br \/>\nchampionnats.<\/li>\n<li>L\u00e9on Marchand a re\u00e7u sa m\u00e9daille des mains de Tony<br \/>\nParker, ajoutant une touche \u00e9motive \u00e0 son triomphe.<\/li>\n<\/ul>\n<p>\u00c0 <strong>Singapour<\/strong>, les <a href=\"https:\/\/www.telestar.fr\/people\/leon-marchand-julien-courbet-tente-de-faire-mieux-que-la-star-et-spoiler-cest-rate-1733431\" rel=\"nofollow noopener\" target=\"_blank\"><br \/>\nChampionnats du monde de natation<\/a> ont inspir\u00e9 <a href=\"https:\/\/www.telestar.fr\/people\/je-vais-pleurer-camille-lacourt-craque-sur-m6-ophelie-meunier-a-deux-doigts-de-verser-une-larme-1693504\" rel=\"nofollow noopener\" target=\"_blank\"><br \/>\nCamille Lacourt<\/a> et <a href=\"https:\/\/www.telestar.fr\/sport\/quest-ce-quil-fout-la-leon-marchand-apercoit-un-compatriote-celebre-juste-avant-sa-course-et-nen-revient-pas-1733371\" rel=\"nofollow noopener\" target=\"_blank\"><br \/>\nL\u00e9on Marchand<\/a>. Ce jeudi 31 juillet, L\u00e9on Marchand a<br \/>\n<strong>remport\u00e9<\/strong> la finale du 200 m\u00e8tres 4 nages, au<br \/>\nlendemain d\u2019un <strong>record du monde<\/strong> fracassant en<br \/>\ndemi-finale. Le nageur fran\u00e7ais continue de<br \/>\n<strong>dominer<\/strong> la discipline avec une aisance<br \/>\nimpressionnante. \u00c0 seulement 23 ans, il semble n\u2019avoir aucun rival<br \/>\ncapable de le faire vaciller.<\/p>\n<p>En parall\u00e8le de ces performances XXL, <a href=\"https:\/\/www.telestar.fr\/actu_tv\/questions-pour-un-champion-clap-de-fin-pour-la-quotidienne-france-3-met-un-coup-de-frein-au-jeu-culte-1728998\" rel=\"nofollow noopener\" target=\"_blank\"><br \/>\nFrance 3<\/a> proposait une couverture en direct des<br \/>\n<strong>\u00e9preuves<\/strong>, rythm\u00e9e par les interventions de ses<br \/>\ncommentateurs. Et alors que <strong>l\u2019\u00e9motion et l\u2019intensit\u00e9<br \/>\nsportive<\/strong> dominaient l\u2019antenne, un moment plus inattendu<br \/>\nest venu <strong>d\u00e9tendre l\u2019atmosph\u00e8re.<\/strong> Camille Lacourt,<br \/>\nancien champion de natation reconverti en consultant, a soudain<br \/>\ngliss\u00e9 une <strong>r\u00e9f\u00e9rence<\/strong> totalement improbable \u00e0<br \/>\n<a href=\"https:\/\/www.telestar.fr\/actu_tv\/derniere-de-tpmp-etrange-coup-de-fil-entre-gad-elmaleh-et-cyril-hanouna-lechange-est-plus-tendu-que-prevu-1711491\" rel=\"nofollow noopener\" target=\"_blank\"><br \/>\nGad Elmaleh<\/a> provoquant un l\u00e9ger<br \/>\n<strong>flottement<\/strong>.<\/p>\n<p>Une allusion inattendue en plein direct de Camille Lacourt sur<br \/>\nGad Elmaleh<\/p>\n<p>Tout est parti d\u2019un commentaire technique sur les petits<br \/>\n<strong>drapeaux<\/strong> situ\u00e9s \u00e0 <strong>cinq m\u00e8tres du mur qui<br \/>\npermettent aux nageurs de compter leurs mouvements<\/strong> avant<br \/>\nle virage. En \u00e9coutant son coll\u00e8gue rappeler cette<br \/>\n<strong>astuce<\/strong> utile pour \u00e9viter de percuter le mur,<br \/>\nCamille Lacourt a l\u00e2ch\u00e9. \u201cOuais, c\u2019est <strong>Gad Elmaleh qui<br \/>\nne savait pas cette petite astuce<\/strong>\u2019\u2019. Une r\u00e9f\u00e9rence<br \/>\ndirecte au <strong>sketch<\/strong> culte de l\u2019humoriste sur la<br \/>\n<strong>natation.<\/strong> L\u2019humoriste y d\u00e9crit sa <strong>peur de<br \/>\nheurter le mur en nageant.<\/strong><\/p>\n<p>Une digression pleine <strong>d\u2019humour<\/strong> qui a<br \/>\n<strong>\u00e9tonn\u00e9<\/strong> les t\u00e9l\u00e9spectateurs, mais aussi<br \/>\n<strong>d\u00e9tendu<\/strong> l\u2019ambiance en pleine comp\u00e9tition. Avec<br \/>\ncette remarque, Camille Lacourt a m\u00eal\u00e9 avec spontan\u00e9it\u00e9<br \/>\n<strong>sport et culture populaire.<\/strong> M\u00eame au c\u0153ur de<br \/>\nl\u2019\u00e9lite mondiale, il est possible de sourire.<\/p>\n<p>L\u00e9on Marchand, toujours au sommet<\/p>\n<p>Pendant ce temps, <strong>L\u00e9on Marchand<\/strong> confirmait<br \/>\nqu\u2019il \u00e9tait bien l\u2019homme \u00e0 battre. Avec un chrono de<br \/>\n<strong>1\u201953\u201d68<\/strong>, il a <strong>domin\u00e9<\/strong> de la t\u00eate<br \/>\net des \u00e9paules une finale qu\u2019il a survol\u00e9e. Ce sixi\u00e8me titre<br \/>\nmondial est venu compl\u00e9ter une campagne exceptionnelle, ponctu\u00e9e la<br \/>\nveille d\u2019un record du monde en demi-finale. \u201c<strong>Je ne<br \/>\nsavais pas que j\u2019\u00e9tais aussi rapide<\/strong>.\u2019\u2019 a-t-il confi\u00e9,<br \/>\nencore port\u00e9 par l\u2019euphorie de son exploit.<\/p>\n<p>Et pour rendre ce moment encore plus marquant, c\u2019est<br \/>\n<strong>Tony Parker lui-m\u00eame qui lui a remis sa m\u00e9daille<\/strong>.<br \/>\nUne <strong>surprise<\/strong> que L\u00e9on Marchand a accueillie avec<br \/>\n\u00e9motion. \u201cJe l\u2019ai vu et je me suis dit : <strong>mais qu\u2019est-ce<br \/>\nqu\u2019il fout l\u00e0 ?\u2019<\/strong>\u2019 \u00a0Une rencontre entre deux<br \/>\ng\u00e9n\u00e9rations de champions salu\u00e9e par une standing ovation du<br \/>\npublic.<\/p>\n","protected":false},"excerpt":{"rendered":"EN BREF \u00c0 Singapour, le 31 juillet, L\u00e9on Marchand a remport\u00e9 la finale du 200 m\u00e8tres 4 nages&hellip;\n","protected":false},"author":2,"featured_media":289158,"comment_status":"","ping_status":"","sticky":false,"template":"","format":"standard","meta":{"footnotes":""},"categories":[1359],"tags":[548,58,59,1011,27,876,973],"class_list":{"0":"post-289157","1":"post","2":"type-post","3":"status-publish","4":"format-standard","5":"has-post-thumbnail","7":"category-people","8":"tag-article-simple","9":"tag-divertissement","10":"tag-entertainment","11":"tag-fr","12":"tag-france","13":"tag-france-3","14":"tag-people"},"share_on_mastodon":{"url":"https:\/\/pubeurope.com\/@fr\/114953894335668732","error":""},"_links":{"self":[{"href":"https:\/\/www.europesays.com\/fr\/wp-json\/wp\/v2\/posts\/289157","targetHints":{"allow":["GET"]}}],"collection":[{"href":"https:\/\/www.europesays.com\/fr\/wp-json\/wp\/v2\/posts"}],"about":[{"href":"https:\/\/www.europesays.com\/fr\/wp-json\/wp\/v2\/types\/post"}],"author":[{"embeddable":true,"href":"https:\/\/www.europesays.com\/fr\/wp-json\/wp\/v2\/users\/2"}],"replies":[{"embeddable":true,"href":"https:\/\/www.europesays.com\/fr\/wp-json\/wp\/v2\/comments?post=289157"}],"version-history":[{"count":0,"href":"https:\/\/www.europesays.com\/fr\/wp-json\/wp\/v2\/posts\/289157\/revisions"}],"wp:featuredmedia":[{"embeddable":true,"href":"https:\/\/www.europesays.com\/fr\/wp-json\/wp\/v2\/media\/289158"}],"wp:attachment":[{"href":"https:\/\/www.europesays.com\/fr\/wp-json\/wp\/v2\/media?parent=289157"}],"wp:term":[{"taxonomy":"category","embeddable":true,"href":"https:\/\/www.europesays.com\/fr\/wp-json\/wp\/v2\/categories?post=289157"},{"taxonomy":"post_tag","embeddable":true,"href":"https:\/\/www.europesays.com\/fr\/wp-json\/wp\/v2\/tags?post=289157"}],"curies":[{"name":"wp","href":"https:\/\/api.w.org\/{rel}","templated":true}]}}