{"id":289164,"date":"2025-08-01T14:10:10","date_gmt":"2025-08-01T14:10:10","guid":{"rendered":"https:\/\/www.europesays.com\/fr\/289164\/"},"modified":"2025-08-01T14:10:10","modified_gmt":"2025-08-01T14:10:10","slug":"guerre-autour-de-lheritage-de-werenoi-le-producteur-du-rappeur-place-en-garde-a-vue-et-renvoye-devant-le-tribunal","status":"publish","type":"post","link":"https:\/\/www.europesays.com\/fr\/289164\/","title":{"rendered":"Guerre autour de l\u2019h\u00e9ritage de Werenoi\u00a0: le producteur du rappeur plac\u00e9 en garde \u00e0 vue et renvoy\u00e9 devant le tribunal"},"content":{"rendered":"<p class=\"paragraph text_align_left lp-f-body-02\">Objet d\u2019une f\u00e9roce bataille dans un climat de tensions, <a href=\"https:\/\/www.leparisien.fr\/faits-divers\/guerre-autour-de-lheritage-du-rappeur-werenoi-le-temoignage-exclusif-de-son-amie-intime-16-06-2025-MLZWC6O2FFAWFGTR3NW2J7GSGI.php\" target=\"_self\" rel=\"nofollow noopener\">l\u2019h\u00e9ritage de Werenoi<\/a> va entra\u00eener un proc\u00e8s. Selon nos informations, le producteur du rappeur fran\u00e7ais, d\u00e9c\u00e9d\u00e9 \u00e0 l\u2019\u00e2ge de 31 ans le 17 mai dernier, a \u00e9t\u00e9 plac\u00e9 mercredi en garde \u00e0 vue dans le cadre de l\u2019enqu\u00eate pr\u00e9liminaire ouverte par le parquet de Bobigny pour \u00ab vol aggrav\u00e9 et extorsion \u00bb, proc\u00e9dure d\u00e9clench\u00e9e par la plainte d\u2019une amie proche de l\u2019artiste install\u00e9e \u00e0 Duba\u00ef.<\/p>\n<p class=\"paragraph text_align_left lp-f-body-02\">\u00c0 l\u2019issue de 48 heures de garde \u00e0 vue dans les locaux de la S\u00fbret\u00e9 territoriale de Seine-Saint-Denis, Babiry Sacko, patron du label PLR Music, a \u00e9t\u00e9 d\u00e9f\u00e9r\u00e9 devant le parquet. Il a ensuite fait l\u2019objet d\u2019une convocation devant le tribunal correctionnel de Bobigny pour y \u00eatre jug\u00e9. De sources concordantes, le parquet avait un temps envisag\u00e9 d\u2019ouvrir une information judiciaire et de r\u00e9clamer la d\u00e9tention provisoire de Babiry Sacko. Le minist\u00e8re public a finalement opt\u00e9 pour un renvoi direct devant la juridiction de jugement, avec placement sous contr\u00f4le judiciaire dans l\u2019attente du proc\u00e8s.<\/p>\n<p class=\"paragraph text_align_left lp-f-body-02\">\u00c0 l\u2019origine de cette proc\u00e9dure : Fatima, une jeune femme vivant \u00e0 Duba\u00ef et qui s\u2019est pr\u00e9sent\u00e9e comme une relation intime de Werenoi lors de son d\u00e9p\u00f4t de plainte. Originaire de Dammarie-les-Lys (Seine-et-Marne) o\u00f9 elle a connu, adolescente, le rappeur avant de le retrouver aux \u00c9mirats arabes unis, elle a accus\u00e9 Babiry Sacko, le producteur de Werenoi, de l\u2019avoir agress\u00e9e avec trois hommes dans un bar \u00e0 chicha de Montreuil (Seine-Saint-Denis), dans la nuit du 21 au 22 mai, alors qu\u2019elle \u00e9tait de passage en France.<\/p>\n<p>Une jeune femme aurait \u00e9t\u00e9 frapp\u00e9e<\/p>\n<p class=\"paragraph text_align_left lp-f-body-02\">Apr\u00e8s plusieurs messages mena\u00e7ants alors que l\u2019artiste vient de d\u00e9c\u00e9der, \u00ab Babs \u00bb lui aurait donn\u00e9 rendez-vous dans cet \u00e9tablissement de nuit pour lui r\u00e9clamer une somme d\u2019un million d\u2019euros appartenant au rappeur. Cette derni\u00e8re lui aurait alors r\u00e9torqu\u00e9 qu\u2019elle n\u2019avait nullement acc\u00e8s \u00e0 ces fonds, plac\u00e9s dans une banque \u00e0 Duba\u00ef, et que seuls les ayants droit ou la m\u00e8re du d\u00e9funt artiste pouvaient les r\u00e9cup\u00e9rer dans le cadre d\u2019une proc\u00e9dure de succession. \u00ab Babs \u00bb l\u2019aurait alors frapp\u00e9e avec ses complices \u00e0 coups de gifles et de coups de poing avant de lui confisquer son passeport. Des photos et un examen m\u00e9dical confirment que Fatima a \u00e9t\u00e9 violent\u00e9e &#8211; plusieurs jours d\u2019ITT lui ont \u00e9t\u00e9 prescrits.<\/p>\n<p class=\"lp-card-podcast-highlighting__title  lp-f-subtitle-05\">[1\/4] C\u00e9cile Vallin, les secrets d\u2019une disparition<\/p>\n<p class=\"lp-card-podcast-highlighting__description lp-f-ui-05\">Crime story raconte chaque semaine les grandes affaires criminelles.<\/p>\n<p><a class=\"lp-card-podcast-highlighting__call-to-action\" data-page-type=\"HP\" data-block-name=\"podcast-highlight\">\u00c9couter<\/a><\/p>\n<p class=\"paragraph text_align_left lp-f-body-02\">Apr\u00e8s l\u2019ouverture de l\u2019enqu\u00eate pr\u00e9liminaire en r\u00e9action \u00e0 la plainte de Fatima, le producteur, a accus\u00e9 la plaignante de d\u00e9tenir \u00ab injustement <a href=\"https:\/\/www.leparisien.fr\/faits-divers\/guerre-dheritage-werenoi-lentourage-du-rappeur-reclame-la-restitution-dun-million-deuros-24-06-2025-TGK74ODBVJD6XG2D25WDOVPC3A.php\" target=\"_self\" rel=\"nofollow noopener\">sur un compte bancaire \u00e0 Duba\u00ef une somme de 1 million d\u2019euros<\/a> appartenant \u00e0 Werenoi \u00bb et d\u2019escroquerie. Ce que cette derni\u00e8re d\u00e9ment fermement. L\u2019homme disait par ailleurs \u00eatre soutenu par la famille du rappeur dans sa d\u00e9marche et qu\u2019il cherchait \u00e0 r\u00e9cup\u00e9rer cet argent pour elle.<\/p>\n<p class=\"title-embed-dailymotion lp-color-text lp-f-subtitle-04\">Vid\u00e9o\u00ab Werenoi ne voulait pas parler de sa vie priv\u00e9e \u00bb<\/p>\n<p class=\"paragraph text_align_left lp-f-body-02\">Les choses semblent d\u00e9sormais moins \u00e9videntes et les proches de Werenoi semblent perdus dans un conflit financier qui les d\u00e9passe, certains ayant t\u00e9moign\u00e9 depuis leur soutien \u00e0 la plaignante. Cette derni\u00e8re a depuis d\u00e9pos\u00e9 une seconde plainte, pour cyberharc\u00e8lement, apr\u00e8s les nombreux messages hostiles publi\u00e9s par le producteur et son entourage la visant.<\/p>\n<p class=\"paragraph text_align_left lp-f-body-02\">Le prochain \u00e9pisode de cette bataille devrait donc se tenir devant trois magistrats du tribunal correctionnel de Bobigny.<\/p>\n","protected":false},"excerpt":{"rendered":"Objet d\u2019une f\u00e9roce bataille dans un climat de tensions, l\u2019h\u00e9ritage de Werenoi va entra\u00eener un proc\u00e8s. Selon nos&hellip;\n","protected":false},"author":2,"featured_media":289165,"comment_status":"","ping_status":"","sticky":false,"template":"","format":"standard","meta":{"footnotes":""},"categories":[1355],"tags":[58,59,118,1011,27,1361,873],"class_list":{"0":"post-289164","1":"post","2":"type-post","3":"status-publish","4":"format-standard","5":"has-post-thumbnail","7":"category-musique","8":"tag-divertissement","9":"tag-entertainment","10":"tag-faits-divers","11":"tag-fr","12":"tag-france","13":"tag-music","14":"tag-musique"},"share_on_mastodon":{"url":"https:\/\/pubeurope.com\/@fr\/114953913963129585","error":""},"_links":{"self":[{"href":"https:\/\/www.europesays.com\/fr\/wp-json\/wp\/v2\/posts\/289164","targetHints":{"allow":["GET"]}}],"collection":[{"href":"https:\/\/www.europesays.com\/fr\/wp-json\/wp\/v2\/posts"}],"about":[{"href":"https:\/\/www.europesays.com\/fr\/wp-json\/wp\/v2\/types\/post"}],"author":[{"embeddable":true,"href":"https:\/\/www.europesays.com\/fr\/wp-json\/wp\/v2\/users\/2"}],"replies":[{"embeddable":true,"href":"https:\/\/www.europesays.com\/fr\/wp-json\/wp\/v2\/comments?post=289164"}],"version-history":[{"count":0,"href":"https:\/\/www.europesays.com\/fr\/wp-json\/wp\/v2\/posts\/289164\/revisions"}],"wp:featuredmedia":[{"embeddable":true,"href":"https:\/\/www.europesays.com\/fr\/wp-json\/wp\/v2\/media\/289165"}],"wp:attachment":[{"href":"https:\/\/www.europesays.com\/fr\/wp-json\/wp\/v2\/media?parent=289164"}],"wp:term":[{"taxonomy":"category","embeddable":true,"href":"https:\/\/www.europesays.com\/fr\/wp-json\/wp\/v2\/categories?post=289164"},{"taxonomy":"post_tag","embeddable":true,"href":"https:\/\/www.europesays.com\/fr\/wp-json\/wp\/v2\/tags?post=289164"}],"curies":[{"name":"wp","href":"https:\/\/api.w.org\/{rel}","templated":true}]}}