{"id":289171,"date":"2025-08-01T14:14:11","date_gmt":"2025-08-01T14:14:11","guid":{"rendered":"https:\/\/www.europesays.com\/fr\/289171\/"},"modified":"2025-08-01T14:14:11","modified_gmt":"2025-08-01T14:14:11","slug":"les-parents-de-krisztina-rady-sopposent-a-la-reouverture-dune-enquete","status":"publish","type":"post","link":"https:\/\/www.europesays.com\/fr\/289171\/","title":{"rendered":"Les parents de Krisztina Rady s\u2019opposent \u00e0 la r\u00e9ouverture d\u2019une enqu\u00eate"},"content":{"rendered":"<p>Ils souhaitent \u00ab\u00a0l\u2019apaisement\u00a0\u00bb. Les parents de Krisztina Rady, l\u2019\u00e9pouse de <a href=\"https:\/\/www.20minutes.fr\/culture\/bertrand_cantat\/\" class=\"color-ultramarine c-link\" target=\"_blank\" rel=\"noopener\">Bertrand Cantat<\/a> retrouv\u00e9e pendue chez elle, ont fait savoir qu\u2019ils s\u2019opposaient \u00e0 l\u2019enqu\u00eate sur \u00ab\u00a0d\u2019\u00e9ventuels faits de violences volontaires\u00a0\u00bb commis par leur ex-gendre <a href=\"https:\/\/www.20minutes.fr\/justice\/4165116-20250724-bertrand-cantat-justice-rouvre-enquete-suicide-krisztina-rady-ex-femme\" class=\"color-ultramarine c-link\" target=\"_blank\" rel=\"noopener\">rouverte fin juillet par le parquet de Bordeaux<\/a>. \u00ab\u00a0Aujourd\u2019hui, les parents souhaitent l\u2019apaisement et ne comprennent pas l\u2019acharnement concernant ce dossier, notamment en pr\u00e9tendant que leur gendre aurait commis un suicide forc\u00e9\u00a0\u00bb, a expliqu\u00e9 leur avocat Me Tibor-Louis Leh dans un communiqu\u00e9 diffus\u00e9 vendredi.<\/p>\n<p><a href=\"https:\/\/www.20minutes.fr\/justice\/4165315-20250725-affaire-cantat-pourquoi-enquete-suicide-femme-krisztina-rady-rouverte-quatrieme-fois\" class=\"color-ultramarine c-link\" target=\"_blank\" rel=\"noopener\">Quatre proc\u00e9dures <\/a>ont d\u00e9j\u00e0 \u00e9t\u00e9 ouvertes et class\u00e9es sans suite autour des circonstances de la mort de la femme de Bertrand Cantat\u00a0: la premi\u00e8re apr\u00e8s son d\u00e9c\u00e8s au domicile conjugal \u00e0 Bordeaux d\u00e9but\u00a02010, puis en\u00a02013, 2014 et 2018.<\/p>\n<\/p>\n<p>\u00ab\u00a0Causes multiples\u00a0\u00bb<\/p>\n<p>Si apr\u00e8s la mort de Krisztina Rady, ses parents avaient \u00e9voqu\u00e9 \u00e0 plusieurs reprises la \u00ab\u00a0violence\u00a0\u00bb du chanteur qui \u00ab\u00a0d\u2019une certaine mani\u00e8re terrorisait\u00a0\u00bb leur fille, ils avaient nuanc\u00e9 leurs propos en\u00a02013.<\/p>\n<p>Par le biais de leur avocat, ils s\u2019\u00e9taient dits convaincus que ce dernier \u00ab\u00a0n\u2019est vraisemblablement pas la seule personne impliqu\u00e9e\u00a0\u00bb et \u00ab\u00a0qu\u2019il y a beaucoup d\u2019autres raisons complexes pour lesquelles elle s\u2019est suicid\u00e9e\u00a0\u00bb. Une version r\u00e9p\u00e9t\u00e9e vendredi. \u00ab\u00a0Les causes du suicide sont multiples\u00a0\u00bb, a martel\u00e9 leur conseil.<\/p>\n<p>Une autre lettre d\u2019adieu<\/p>\n<p>Le procureur de Bordeaux a motiv\u00e9 sa d\u00e9cision de rouvrir le dossier par les \u00e9l\u00e9ments apparus dans un <a href=\"https:\/\/www.20minutes.fr\/arts-stars\/culture\/4145635-20250327-pourquoi-serie-documentaire-rockstar-tueur-cas-cantat-necessaire\" class=\"color-ultramarine c-link\" target=\"_blank\" rel=\"noopener\">r\u00e9cent documentaire sur Netflix<\/a> \u00ab\u00a0De rock star \u00e0 tueur\u00a0: le cas Cantat\u00a0\u00bb, consacr\u00e9 au chanteur de <a href=\"https:\/\/www.20minutes.fr\/arts-stars\/people\/4146451-20250401-serge-teyssot-gay-ex-noir-desir-reagit-documentaire-rockstar-tueur-cas-cantat\" class=\"color-ultramarine c-link\" target=\"_blank\" rel=\"noopener\">Noir D\u00e9sir, <\/a>condamn\u00e9 en\u00a02003 pour <a href=\"https:\/\/www.20minutes.fr\/justice\/4045209-20230724-affaire-cantat-vingt-ans-apres-meurtre-marie-trintignant-lente-revolution-medias-feminicides\" class=\"color-ultramarine c-link\" target=\"_blank\" rel=\"noopener\">le meurtre de Marie Trintignant<\/a>. Le film \u00e9voque une lettre d\u2019adieu de Krisztina Rady, d\u00e9voil\u00e9e cette semaine par <a href=\"https:\/\/www.parismatch.com\/culture\/musique\/bertrand-cantat-enquete-sur-une-emprise-254987\" rel=\"nofollow noopener\" target=\"_blank\" class=\"color-ultramarine c-link\">Paris Match<\/a>, o\u00f9 elle \u00e9crit\u00a0: \u00ab\u00a0Merci aux cris incessants et aux accusations de Bertrand, d\u00e9positaire exclusif de souffrance.\u00a0\u00bb Mais elle cite \u00e9galement deux autres hommes, \u00ab\u00a0lamentables petits caporaux\u00a0\u00bb, et deux femmes qui l\u2019ont fait \u00ab\u00a0souffrir\u00a0\u00bb.<\/p>\n<p><a href=\"https:\/\/www.20minutes.fr\/culture\/bertrand_cantat\/\" class=\"c-link c-btn c-btn--primary\" target=\"_blank\" rel=\"noopener\">Retrouvez ici tous nos articles sur Bertrand Cantat<\/a><\/p>\n<p>L\u2019avocat des parents de la femme de lettres, Me Leh, \u00e9voque \u00e9galement une autre lettre d\u2019adieu, en possession des parents, laquelle \u00ab\u00a0ne fait aucune allusion \u00e0 Bertrand Cantat\u00a0\u00bb mais mentionne \u00ab\u00a0un contentieux financier d\u2019ordre professionnel\u00a0\u00bb. Krisztina Rady et le chanteur s\u2019\u00e9taient rencontr\u00e9s en\u00a01993, lors d\u2019un festival \u00e0 Budapest. Mari\u00e9 en\u00a01997, le couple a eu deux enfants.<\/p>\n","protected":false},"excerpt":{"rendered":"Ils souhaitent \u00ab\u00a0l\u2019apaisement\u00a0\u00bb. Les parents de Krisztina Rady, l\u2019\u00e9pouse de Bertrand Cantat retrouv\u00e9e pendue chez elle, ont fait&hellip;\n","protected":false},"author":2,"featured_media":289172,"comment_status":"","ping_status":"","sticky":false,"template":"","format":"standard","meta":{"footnotes":""},"categories":[8],"tags":[47,456,58,59,118,1011,27,303,5748,797],"class_list":{"0":"post-289171","1":"post","2":"type-post","3":"status-publish","4":"format-standard","5":"has-post-thumbnail","7":"category-divertissement","8":"tag-actualite","9":"tag-bertrand-cantat","10":"tag-divertissement","11":"tag-entertainment","12":"tag-faits-divers","13":"tag-fr","14":"tag-france","15":"tag-justice","16":"tag-suicide","17":"tag-violences-faites-aux-femmes"},"share_on_mastodon":{"url":"https:\/\/pubeurope.com\/@fr\/114953929609192863","error":""},"_links":{"self":[{"href":"https:\/\/www.europesays.com\/fr\/wp-json\/wp\/v2\/posts\/289171","targetHints":{"allow":["GET"]}}],"collection":[{"href":"https:\/\/www.europesays.com\/fr\/wp-json\/wp\/v2\/posts"}],"about":[{"href":"https:\/\/www.europesays.com\/fr\/wp-json\/wp\/v2\/types\/post"}],"author":[{"embeddable":true,"href":"https:\/\/www.europesays.com\/fr\/wp-json\/wp\/v2\/users\/2"}],"replies":[{"embeddable":true,"href":"https:\/\/www.europesays.com\/fr\/wp-json\/wp\/v2\/comments?post=289171"}],"version-history":[{"count":0,"href":"https:\/\/www.europesays.com\/fr\/wp-json\/wp\/v2\/posts\/289171\/revisions"}],"wp:featuredmedia":[{"embeddable":true,"href":"https:\/\/www.europesays.com\/fr\/wp-json\/wp\/v2\/media\/289172"}],"wp:attachment":[{"href":"https:\/\/www.europesays.com\/fr\/wp-json\/wp\/v2\/media?parent=289171"}],"wp:term":[{"taxonomy":"category","embeddable":true,"href":"https:\/\/www.europesays.com\/fr\/wp-json\/wp\/v2\/categories?post=289171"},{"taxonomy":"post_tag","embeddable":true,"href":"https:\/\/www.europesays.com\/fr\/wp-json\/wp\/v2\/tags?post=289171"}],"curies":[{"name":"wp","href":"https:\/\/api.w.org\/{rel}","templated":true}]}}