{"id":289175,"date":"2025-08-01T14:16:17","date_gmt":"2025-08-01T14:16:17","guid":{"rendered":"https:\/\/www.europesays.com\/fr\/289175\/"},"modified":"2025-08-01T14:16:17","modified_gmt":"2025-08-01T14:16:17","slug":"les-droits-de-douane-de-trump-chahutent-les-bourses-des-pays-tentent-encore-de-negocier-01-08-2025-a-1458","status":"publish","type":"post","link":"https:\/\/www.europesays.com\/fr\/289175\/","title":{"rendered":"Les droits de douane de Trump chahutent les Bourses, des pays tentent encore de n\u00e9gocier &#8211; 01\/08\/2025 \u00e0 14:58"},"content":{"rendered":"<p>        <img fetchpriority=\"high\" decoding=\"async\" src=\"https:\/\/www.europesays.com\/fr\/wp-content\/uploads\/2025\/08\/01a486ea8cd65a37dbcbb83161faa5c5-760x507.jpg\" alt=\"Des containers dans le port am\u00e9ricain de Baltimore, le 10 avril 2025 ( AFP \/ Jim WATSON )\" loading=\"eager\" width=\"760\" height=\"507\" style=\"max-width: 100%!important; height: auto;\"\/><\/p>\n<p class=\"c-image-news__legend\">Des containers dans le port am\u00e9ricain de Baltimore, le 10 avril 2025 ( AFP \/ Jim WATSON )<\/p>\n<p>\n L&rsquo;officialisation des nouveaux droits de douane am\u00e9ricains a fait passer vendredi les Bourses mondiales dans le rouge, m\u00eame si le report de leur application au 7 ao\u00fbt conduit plusieurs pays \u00e0 n\u00e9gocier jusqu&rsquo;au dernier moment avec Donald Trump pour \u00e9viter des surtaxes trop importantes.\n<\/p>\n<p>\n En souhaitant \u00ab\u00a0restructurer le commerce mondial au b\u00e9n\u00e9fice des salari\u00e9s am\u00e9ricains\u00a0\u00bb par des droits de douane allant de 10% \u00e0 41% \u00e0 l&rsquo;encontre de quelque 70 partenaires commerciaux, Washington plonge une nouvelle fois l&rsquo;\u00e9conomie mondiale dans une grande incertitude.\n<\/p>\n<p>\n Si certains pays asiatiques se f\u00e9licitent des accords trouv\u00e9s, d&rsquo;autres, du Canada \u00e0 la Suisse, sont encore sous le choc de ces nouvelles barri\u00e8res commerciales parfois prohibitives.\n<\/p>\n<p>\n Les march\u00e9s financiers ont mal r\u00e9agi vendredi \u00e0 cette nouvelle donne. En Europe, les grandes places reculent, avec les entreprises pharmaceutiques dans le rouge. Vers 11H40 GMT, la Bourse de Paris perdait 2,17%, Francfort c\u00e9dait 1,85%, Londres 0,60% et Milan 1,86%.\n<\/p>\n<p>        <img decoding=\"async\" src=\"https:\/\/www.europesays.com\/fr\/wp-content\/uploads\/2025\/08\/9cf2b8526e6411f98d36382eb08b098f-760x506.jpg\" alt=\"Le pr\u00e9sident am\u00e9ricain Donald Trump s'exprime \u00e0 la Maison-Blanche, le 31 juillet 2025 \u00e0 Washington ( AFP \/ Jim WATSON )\" loading=\"eager\" width=\"760\" height=\"506\" style=\"max-width: 100%!important; height: auto;\"\/><\/p>\n<p class=\"c-image-news__legend\">Le pr\u00e9sident am\u00e9ricain Donald Trump s&rsquo;exprime \u00e0 la Maison-Blanche, le 31 juillet 2025 \u00e0 Washington ( AFP \/ Jim WATSON )<\/p>\n<p>\n En Asie, si les places chinoises et japonaises \u00e9taient en faible baisse, la Bourse de S\u00e9oul a accus\u00e9 un repli de 3,88%. A Wall Street, les contrats \u00e0 terme des trois principaux indices laissaient pr\u00e9sager d&rsquo;une ouverture en nette baisse.\n<\/p>\n<p>\n Donald Trump, partisan d&rsquo;un protectionnisme d\u00e9complex\u00e9, a sign\u00e9 jeudi soir le d\u00e9cret d\u2019application en accordant un r\u00e9pit de quelques jours.\n<\/p>\n<p>\n Ces nouvelles taxes sur les importations prendront effet, pour l&rsquo;essentiel des pays, le 7 ao\u00fbt, et non ce vendredi 1er ao\u00fbt comme attendu initialement, afin de permettre aux douanes de s&rsquo;organiser pour leur collecte, assure la Maison-Blanche.\n<\/p>\n<p>\n Mais ce report offre une fen\u00eatre pour d&rsquo;ultimes pourparlers, veulent croire plusieurs pays.\n<\/p>\n<p> &#8211; Exemption pour des secteurs cl\u00e9s &#8211;<\/p>\n<p>\n L&rsquo;Afrique du Sud est ainsi engag\u00e9e dans des \u00ab\u00a0n\u00e9gociations intensives\u00a0\u00bb, a d\u00e9clar\u00e9 son pr\u00e9sident Cyril Ramaphosa, face aux 30% impos\u00e9s par Washington \u00e0 son pays qui menacent, selon la banque centrale, 100.000 emplois.\n<\/p>\n<p>\n Ta\u00efwan, avec son industrie des puces \u00e9lectroniques, est frapp\u00e9 d&rsquo;une surtaxe de 20% mais \u00ab\u00a0s&rsquo;efforcera d&rsquo;obtenir un niveau raisonnable de droits de douane\u00a0\u00bb, a d\u00e9clar\u00e9 son pr\u00e9sident Lai Ching-te.\n<\/p>\n<p>\n La Suisse a elle \u00e9t\u00e9 surprise par une surtaxe de 39% sur ses produits import\u00e9s aux \u00c9tats-Unis, un chiffre bien sup\u00e9rieur \u00e0 celui qui frappe l&rsquo;Union europ\u00e9enne. Son gouvernement, malgr\u00e9 son \u00ab\u00a0grand regret\u00a0\u00bb, \u00ab\u00a0aspire toujours \u00e0 trouver une solution n\u00e9goci\u00e9e\u00a0\u00bb.\n<\/p>\n<p>        <img decoding=\"async\" src=\"https:\/\/www.europesays.com\/fr\/wp-content\/uploads\/2025\/08\/bf8102cb69ec48e13642acbc5dd170f1-760x507.jpg\" alt=\"Des porte-conteneurs sont \u00e0 quai, le 31 juillet 2025 \u00e0 Los Angeles, aux Etats-Unis ( AFP \/ Robyn Beck )\" loading=\"eager\" width=\"760\" height=\"507\" style=\"max-width: 100%!important; height: auto;\"\/><\/p>\n<p class=\"c-image-news__legend\">Des porte-conteneurs sont \u00e0 quai, le 31 juillet 2025 \u00e0 Los Angeles, aux Etats-Unis ( AFP \/ Robyn Beck )<\/p>\n<p>\n Pour d&rsquo;autres pays, pas de surprise. La surtaxe affich\u00e9e dans le d\u00e9cret est celle obtenue apr\u00e8s des mois de n\u00e9gociations avec Washington qui a cherch\u00e9 \u00e0 obtenir d&rsquo;eux le plus de concessions possibles, sans subir de repr\u00e9sailles.\n<\/p>\n<p>\n L&rsquo;Union europ\u00e9enne (UE), le Japon ou la Cor\u00e9e du Sud voient ainsi leurs produits tax\u00e9s \u00e0 hauteur de 15%, et le Royaume-Uni de 10%. L&rsquo;UE a aussi obtenu une exemption pour des secteurs cl\u00e9s, mais d&rsquo;autres surtaxes restent en place. Avant l&rsquo;arriv\u00e9e de Donald Trump au pouvoir, les biens europ\u00e9ens \u00e9taient tax\u00e9s en moyenne \u00e0 4,8%.\n<\/p>\n<p> &#8211; Mesure politique &#8211;<\/p>\n<p>\n De nombreux secteurs s&rsquo;inqui\u00e8tent.\n<\/p>\n<p>\n En Allemagne, celui de la bi\u00e8re, d\u00e9j\u00e0 en perte de vitesse, craint pour ses exportations, qui repr\u00e9sentent pr\u00e8s d&rsquo;un cinqui\u00e8me des ventes.\n<\/p>\n<p>\n En France, la fili\u00e8re viticole, qui anticipe jusqu&rsquo;\u00e0 un milliard d&rsquo;euros de perte en chiffre d&rsquo;affaires, \u00ab\u00a0esp\u00e8re pouvoir b\u00e9n\u00e9ficier d&rsquo;une exemption\u00a0\u00bb, a d\u00e9clar\u00e9 Jean-Marie Fabre, l&rsquo;un de ses repr\u00e9sentants.\n<\/p>\n<p>\n La Chine, en n\u00e9gociations avec les \u00c9tats-Unis pour prolonger leur tr\u00eave commerciale courant jusqu&rsquo;au 12 ao\u00fbt, a d\u00e9nonc\u00e9 vendredi un protectionnisme qui nuit \u00e0 \u00ab\u00a0toutes les parties\u00a0\u00bb.\n<\/p>\n<p>\n Le Mexique a de son c\u00f4t\u00e9 obtenu un sursis de 90 jours avant une \u00e9ventuelle augmentation de droits de douane.\n<\/p>\n<p>\n Ces droits de douane sont aussi un moyen de pression politique pour Donald Trump.\n<\/p>\n<p>\n Le Br\u00e9sil, coupable aux yeux de Donald Trump de poursuivre en justice son alli\u00e9 d&rsquo;extr\u00eame droite, l&rsquo;ancien pr\u00e9sident Jair Bolsonaro, va voir ses produits entrant aux \u00c9tats-Unis tax\u00e9 \u00e0 50%.\n<\/p>\n<p>\n Quant au Canada, le voisin et alli\u00e9 de Washington, il a appris jeudi soir que les droits de douane appliqu\u00e9s \u00e0 ses produits allaient passer de 25% \u00e0 35% d\u00e8s ce vendredi, sauf s&rsquo;ils sont couverts par l&rsquo;accord de libre-\u00e9change entre les trois pays d&rsquo;Am\u00e9rique du Nord.\n<\/p>\n<p>\n Donald Trump avait affirm\u00e9 jeudi que l&rsquo;intention affich\u00e9e par Ottawa de reconna\u00eetre l&rsquo;Etat de Palestine rendait \u00ab\u00a0tr\u00e8s difficile\u00a0\u00bb la conclusion d&rsquo;un accord commercial.\n<\/p>\n<p>\n Certains semblent n\u00e9anmoins satisfaits des accords conclut, comme le Bangladesh, la Malaisie ou la Tha\u00eflande, o\u00f9 le gouvernement parle d&rsquo;une \u00ab\u00a0approche gagnant-gagnant\u00a0\u00bb.<\/p>\n","protected":false},"excerpt":{"rendered":"Des containers dans le port am\u00e9ricain de Baltimore, le 10 avril 2025 ( AFP \/ Jim WATSON )&hellip;\n","protected":false},"author":2,"featured_media":289176,"comment_status":"","ping_status":"","sticky":false,"template":"","format":"standard","meta":{"footnotes":""},"categories":[6],"tags":[400,398,408,35,405,33,34,1011,27,403,402,399,404,401,406,407],"class_list":{"0":"post-289175","1":"post","2":"type-post","3":"status-publish","4":"format-standard","5":"has-post-thumbnail","7":"category-economie","8":"tag-action-cac-40","9":"tag-bourse-de-paris","10":"tag-boursorama","11":"tag-business","12":"tag-cotations","13":"tag-economie","14":"tag-economy","15":"tag-fr","16":"tag-france","17":"tag-indices-devises","18":"tag-investir","19":"tag-investissement","20":"tag-marche-boursier","21":"tag-sicav","22":"tag-trackers","23":"tag-warrants"},"share_on_mastodon":{"url":"https:\/\/pubeurope.com\/@fr\/114953937624908208","error":""},"_links":{"self":[{"href":"https:\/\/www.europesays.com\/fr\/wp-json\/wp\/v2\/posts\/289175","targetHints":{"allow":["GET"]}}],"collection":[{"href":"https:\/\/www.europesays.com\/fr\/wp-json\/wp\/v2\/posts"}],"about":[{"href":"https:\/\/www.europesays.com\/fr\/wp-json\/wp\/v2\/types\/post"}],"author":[{"embeddable":true,"href":"https:\/\/www.europesays.com\/fr\/wp-json\/wp\/v2\/users\/2"}],"replies":[{"embeddable":true,"href":"https:\/\/www.europesays.com\/fr\/wp-json\/wp\/v2\/comments?post=289175"}],"version-history":[{"count":0,"href":"https:\/\/www.europesays.com\/fr\/wp-json\/wp\/v2\/posts\/289175\/revisions"}],"wp:featuredmedia":[{"embeddable":true,"href":"https:\/\/www.europesays.com\/fr\/wp-json\/wp\/v2\/media\/289176"}],"wp:attachment":[{"href":"https:\/\/www.europesays.com\/fr\/wp-json\/wp\/v2\/media?parent=289175"}],"wp:term":[{"taxonomy":"category","embeddable":true,"href":"https:\/\/www.europesays.com\/fr\/wp-json\/wp\/v2\/categories?post=289175"},{"taxonomy":"post_tag","embeddable":true,"href":"https:\/\/www.europesays.com\/fr\/wp-json\/wp\/v2\/tags?post=289175"}],"curies":[{"name":"wp","href":"https:\/\/api.w.org\/{rel}","templated":true}]}}