{"id":289179,"date":"2025-08-01T14:18:11","date_gmt":"2025-08-01T14:18:11","guid":{"rendered":"https:\/\/www.europesays.com\/fr\/289179\/"},"modified":"2025-08-01T14:18:11","modified_gmt":"2025-08-01T14:18:11","slug":"colmar-disparue-depuis-cinq-jours-une-nonagenaire-retrouvee-morte-dans-sa-residence-seniors","status":"publish","type":"post","link":"https:\/\/www.europesays.com\/fr\/289179\/","title":{"rendered":"Colmar. Disparue depuis cinq jours, une nonag\u00e9naire retrouv\u00e9e morte dans sa r\u00e9sidence seniors"},"content":{"rendered":"<p>Cette personne \u00e2g\u00e9e originaire de la vall\u00e9e de la Thur, qui a habit\u00e9 pendant de longues ann\u00e9es \u00e0 Kaysersberg, avait \u00e9t\u00e9 vue pour la derni\u00e8re fois le samedi matin 26\u00a0juillet \u00e0 la r\u00e9sidence seniors Les Jardins d\u2019Arcadie, rue Roesselmann au centre de Colmar, o\u00f9 elle \u00e9tait domicili\u00e9e depuis le d\u00e9but de l\u2019ann\u00e9e, et d\u2019o\u00f9 elle pouvait librement sortir lorsqu\u2019elle le souhaitait.<\/p>\n<p>Ses proches avaient \u00e9t\u00e9 avertis de son absence samedi soir par un veilleur de nuit, apr\u00e8s un d\u00e9clenchement de sa montre d\u2019alerte connect\u00e9e, mais non dot\u00e9e d\u2019un GPS.<\/p>\n<p>Inform\u00e9e, la police de Colmar avait mis en place un important dispositif de recherches. D\u2019apr\u00e8s une piste potentielle suivie par une \u00e9quipe cynophile des pompiers, la disparue avait pu se rendre au centre historique avant de se diriger vers la gare SNCF de Colmar. La disparition a \u00e9t\u00e9 signal\u00e9e aux autres commissariats de police de la r\u00e9gion, ainsi qu\u2018\u00e0 la gendarmerie.<\/p>\n<p>  Les interrogations des proches<\/p>\n<p>Pr\u00e9sentant de l\u00e9gers troubles cognitifs, cette femme \u00e2g\u00e9e de 91 ans \u00e9tait partie sans son badge, sans ses lunettes, sans t\u00e9l\u00e9phone, sans argent, sans papiers d\u2019identit\u00e9 ni effets personnels. Ses proches la recherchaient activement, parall\u00e8lement aux investigations des <a href=\"https:\/\/www.lalsace.fr\/faits-divers-justice\/2025\/07\/29\/disparition-inquietante-d-une-nonagenaire-la-police-lance-un-appel-a-temoins\" target=\"_blank\" rel=\"noopener\">policiers, qui avaient lanc\u00e9 un appel \u00e0 t\u00e9moins ce mardi<\/a>.<\/p>\n<p>La vieille dame a finalement \u00e9t\u00e9 retrouv\u00e9e par un veilleur de nuit ce jeudi 31\u00a0juillet vers 22\u00a0h\u00a040, \u00e0 l\u2019int\u00e9rieur du b\u00e2timent de la r\u00e9sidence et plus pr\u00e9cis\u00e9ment d\u2019une r\u00e9serve, une pi\u00e8ce exigu\u00eb du rez-de-chauss\u00e9e.<\/p>\n<p>La r\u00e9sidence avait pourtant \u00e9t\u00e9 fouill\u00e9e de fond en comble, en particulier ce dimanche par le personnel, la famille, les enqu\u00eateurs et l\u2019\u00e9quipe cynophile. \u00ab\u00a0Ce petit local a-t-il \u00e9t\u00e9 oubli\u00e9 lors des recherches\u00a0? Comment a-t-on pu ne pas la retrouver plus t\u00f4t\u00a0?\u00a0\u00bb s\u2019interrogent les proches. La nonag\u00e9naire se trouvait-elle d\u00e9j\u00e0 dimanche \u00e0 l\u2019int\u00e9rieur de cette r\u00e9serve\u00a0?<\/p>\n<p>Une enqu\u00eate judiciaire aux fins de recherche des causes de la mort a \u00e9t\u00e9 ouverte. Une autopsie, ordonn\u00e9e par le parquet de Colmar, sera pratiqu\u00e9e \u00e0 l\u2019institut de m\u00e9decine l\u00e9gale de Strasbourg. Dans l\u2019attente des \u00e9l\u00e9ments de r\u00e9ponse que cet examen devrait apporter, la police nationale proc\u00e8de \u00e0 des auditions, en particulier du personnel de la r\u00e9sidence.<\/p>\n","protected":false},"excerpt":{"rendered":"Cette personne \u00e2g\u00e9e originaire de la vall\u00e9e de la Thur, qui a habit\u00e9 pendant de longues ann\u00e9es \u00e0&hellip;\n","protected":false},"author":2,"featured_media":289180,"comment_status":"","ping_status":"","sticky":false,"template":"","format":"standard","meta":{"footnotes":""},"categories":[4],"tags":[119,11,2389,5065,271,272,3676,2413,274,107,1011,27,1637,12,25,14851],"class_list":{"0":"post-289179","1":"post","2":"type-post","3":"status-publish","4":"format-standard","5":"has-post-thumbnail","7":"category-france","8":"tag-accident","9":"tag-actualites","10":"tag-alsace","11":"tag-colmar","12":"tag-crime","13":"tag-delit-et-contravention","14":"tag-disparition-inquietante","15":"tag-edition-colmar-guebwiller","16":"tag-faits-divers-justice","17":"tag-fil-info","18":"tag-fr","19":"tag-france","20":"tag-haut-rhin","21":"tag-news","22":"tag-republique-francaise","23":"tag-secteur-de-colmar"},"share_on_mastodon":{"url":"https:\/\/pubeurope.com\/@fr\/114953945347965102","error":""},"_links":{"self":[{"href":"https:\/\/www.europesays.com\/fr\/wp-json\/wp\/v2\/posts\/289179","targetHints":{"allow":["GET"]}}],"collection":[{"href":"https:\/\/www.europesays.com\/fr\/wp-json\/wp\/v2\/posts"}],"about":[{"href":"https:\/\/www.europesays.com\/fr\/wp-json\/wp\/v2\/types\/post"}],"author":[{"embeddable":true,"href":"https:\/\/www.europesays.com\/fr\/wp-json\/wp\/v2\/users\/2"}],"replies":[{"embeddable":true,"href":"https:\/\/www.europesays.com\/fr\/wp-json\/wp\/v2\/comments?post=289179"}],"version-history":[{"count":0,"href":"https:\/\/www.europesays.com\/fr\/wp-json\/wp\/v2\/posts\/289179\/revisions"}],"wp:featuredmedia":[{"embeddable":true,"href":"https:\/\/www.europesays.com\/fr\/wp-json\/wp\/v2\/media\/289180"}],"wp:attachment":[{"href":"https:\/\/www.europesays.com\/fr\/wp-json\/wp\/v2\/media?parent=289179"}],"wp:term":[{"taxonomy":"category","embeddable":true,"href":"https:\/\/www.europesays.com\/fr\/wp-json\/wp\/v2\/categories?post=289179"},{"taxonomy":"post_tag","embeddable":true,"href":"https:\/\/www.europesays.com\/fr\/wp-json\/wp\/v2\/tags?post=289179"}],"curies":[{"name":"wp","href":"https:\/\/api.w.org\/{rel}","templated":true}]}}