{"id":289183,"date":"2025-08-01T14:21:12","date_gmt":"2025-08-01T14:21:12","guid":{"rendered":"https:\/\/www.europesays.com\/fr\/289183\/"},"modified":"2025-08-01T14:21:12","modified_gmt":"2025-08-01T14:21:12","slug":"saint-etienne-des-travaux-debutent-en-urgence-sur-cette-route-frequentee-voici-pourquoi","status":"publish","type":"post","link":"https:\/\/www.europesays.com\/fr\/289183\/","title":{"rendered":"Saint-\u00c9tienne. Des travaux d\u00e9butent en urgence sur cette route fr\u00e9quent\u00e9e, voici pourquoi"},"content":{"rendered":"<p>            Par<br \/>\n        <strong><br \/>\n            <a href=\"https:\/\/actu.fr\/auteur\/julien-sournies\" title=\"Consulter tous les articles de Julien Sournies\" target=\"_blank\" rel=\"noopener\">Julien Sournies<\/a><br \/>\n        <\/strong><\/p>\n<p>        Publi\u00e9 le<\/p>\n<p>            1 ao\u00fbt 2025 \u00e0 16h07        <\/p>\n<p>L\u2019\u00e9tat de la route a n\u00e9cessit\u00e9 la prise de mesures imm\u00e9diates \u00e0 <a href=\"https:\/\/actu.fr\/saint-etienne\/\" target=\"_blank\" rel=\"noopener\">Saint-\u00c9tienne<\/a>. Par le biais d\u2019un communiqu\u00e9 diffus\u00e9 ce vendredi, la pr\u00e9fecture de la <a href=\"https:\/\/actu.fr\/auvergne-rhone-alpes\/loire_42\" target=\"_blank\" rel=\"noopener\">Loire<\/a> indique avoir constat\u00e9, ce jeudi 31\u00a0juillet, \u00ab\u2009un ph\u00e9nom\u00e8ne<strong> d\u2019affaissement localis\u00e9<\/strong> de la structure de la chauss\u00e9e sur la RN488 en direction de Clermont-Ferrand\u2009\u00bb.<\/p>\n<p>Le tron\u00e7on ferm\u00e9 au minimum deux mois<\/p>\n<p class=\" wall-content\">En cons\u00e9quence, et afin de pr\u00e9venir tout accident et accentuation du ph\u00e9nom\u00e8ne au droit de l\u2019affaissement, un tron\u00e7on de la voie lente en direction de Clermont-Ferrand a ainsi \u00e9t\u00e9 \u00ab\u2009<strong>neutralis\u00e9<\/strong> dans la nuit du jeudi 31\u00a0juillet au vendredi 1\u1d49\u02b3 ao\u00fbt\u2009\u00bb, pr\u00e9cisent les services de l\u2019\u00c9tat.<\/p>\n<p>    <img   decoding=\"async\" loading=\"lazy\" src=\"https:\/\/www.europesays.com\/fr\/wp-content\/uploads\/2025\/08\/rn-488-loire-960x640.png\" alt=\"Ce tron\u00e7on de la RN488, \u00e0 Saint-Etienne, sera ferm\u00e9 \u00e0 la circulation pour une dur\u00e9e minimale de deux mois.\" width=\"960\" height=\"640\"\/><br \/>\n    Ce tron\u00e7on de la RN488, \u00e0 Saint-Etienne, sera ferm\u00e9 \u00e0 la circulation pour une dur\u00e9e minimale de deux mois. (\u00a9Capture d\u2019\u00e9cran)<\/p>\n<p class=\" wall-content\">Le tron\u00e7on en question sera donc ferm\u00e9 \u00e0 la circulation pour une dur\u00e9e minimale de deux mois, soit jusqu\u2019au <strong>30\u00a0septembre 2025<\/strong>.<\/p>\n<p class=\" wall-content\">\u00ab\u2009En fonction de l\u2019\u00e9volution de la situation et des op\u00e9rations de travaux n\u00e9cessaires, cette neutralisation pourra \u00eatre prolong\u00e9e\u2009\u00bb, pr\u00e9vient en effet la pr\u00e9fecture de la Loire, laquelle invite par ailleurs tous les automobilistes \u00e0 faire preuve de \u00ab\u2009la plus grande prudence sur la zone de chantier\u2009\u00bb.<\/p>\n<p class=\" wall-content\">Suivez toute l\u2019actualit\u00e9 de vos villes et m\u00e9dias favoris en vous inscrivant \u00e0 <a href=\"https:\/\/moncompte.actu.fr\" title=\"D\u00e9couvez Mon Actu\" rel=\"nofollow noopener\" data-trk=\"{&quot;cta&quot;:{&quot;action&quot;:&quot;https:\\\/\\\/moncompte.actu.fr&quot;,&quot;category&quot;:&quot;mon compte&quot;,&quot;from&quot;:&quot;article footer&quot;,&quot;name&quot;:&quot;Mon actu&quot;,&quot;type&quot;:&quot;cta&quot;}}\" target=\"_blank\">Mon Actu<\/a>.<\/p>\n","protected":false},"excerpt":{"rendered":"Par Julien Sournies Publi\u00e9 le 1 ao\u00fbt 2025 \u00e0 16h07 L\u2019\u00e9tat de la route a n\u00e9cessit\u00e9 la prise&hellip;\n","protected":false},"author":2,"featured_media":289184,"comment_status":"","ping_status":"","sticky":false,"template":"","format":"standard","meta":{"footnotes":""},"categories":[9653],"tags":[1111,11,2430,3542,1777,674,1011,27,12,25,4001,104,2086],"class_list":{"0":"post-289183","1":"post","2":"type-post","3":"status-publish","4":"format-standard","5":"has-post-thumbnail","7":"category-saint-etienne","8":"tag-actu","9":"tag-actualites","10":"tag-auvergne-rhone-alpes","11":"tag-circulation","12":"tag-eu","13":"tag-europe","14":"tag-fr","15":"tag-france","16":"tag-news","17":"tag-republique-francaise","18":"tag-saint-etienne","19":"tag-societe","20":"tag-travaux"},"share_on_mastodon":{"url":"https:\/\/pubeurope.com\/@fr\/114953957176633732","error":""},"_links":{"self":[{"href":"https:\/\/www.europesays.com\/fr\/wp-json\/wp\/v2\/posts\/289183","targetHints":{"allow":["GET"]}}],"collection":[{"href":"https:\/\/www.europesays.com\/fr\/wp-json\/wp\/v2\/posts"}],"about":[{"href":"https:\/\/www.europesays.com\/fr\/wp-json\/wp\/v2\/types\/post"}],"author":[{"embeddable":true,"href":"https:\/\/www.europesays.com\/fr\/wp-json\/wp\/v2\/users\/2"}],"replies":[{"embeddable":true,"href":"https:\/\/www.europesays.com\/fr\/wp-json\/wp\/v2\/comments?post=289183"}],"version-history":[{"count":0,"href":"https:\/\/www.europesays.com\/fr\/wp-json\/wp\/v2\/posts\/289183\/revisions"}],"wp:featuredmedia":[{"embeddable":true,"href":"https:\/\/www.europesays.com\/fr\/wp-json\/wp\/v2\/media\/289184"}],"wp:attachment":[{"href":"https:\/\/www.europesays.com\/fr\/wp-json\/wp\/v2\/media?parent=289183"}],"wp:term":[{"taxonomy":"category","embeddable":true,"href":"https:\/\/www.europesays.com\/fr\/wp-json\/wp\/v2\/categories?post=289183"},{"taxonomy":"post_tag","embeddable":true,"href":"https:\/\/www.europesays.com\/fr\/wp-json\/wp\/v2\/tags?post=289183"}],"curies":[{"name":"wp","href":"https:\/\/api.w.org\/{rel}","templated":true}]}}