{"id":289187,"date":"2025-08-01T14:23:15","date_gmt":"2025-08-01T14:23:15","guid":{"rendered":"https:\/\/www.europesays.com\/fr\/289187\/"},"modified":"2025-08-01T14:23:15","modified_gmt":"2025-08-01T14:23:15","slug":"direct-suivez-le-dernier-match-de-preparation-de-las-nancy-lorraine-face-a-lunfp-avec-nous","status":"publish","type":"post","link":"https:\/\/www.europesays.com\/fr\/289187\/","title":{"rendered":"Direct. Suivez le dernier match de pr\u00e9paration de l&rsquo;AS Nancy-Lorraine face \u00e0 l&rsquo;UNFP avec nous"},"content":{"rendered":"<p>Ce sera l&rsquo;heure de la r\u00e9p\u00e9tition g\u00e9n\u00e9rale, ce vendredi pour l&rsquo;ASNL. Alors que le championnat de Ligue 2 reprendra dans 8 jours, le samedi 9 ao\u00fbt \u00e0 Rodez, les Nanc\u00e9iens r\u00e9p\u00e9teront leurs gammes une derni\u00e8re fois du c\u00f4t\u00e9 de Hom\u00e9court, face \u00e0 la s\u00e9lection de joueurs libres de l&rsquo;UNFP. Coup d&rsquo;envoi 18 h \u00a0!<\/p>\n<p>&#13;<br \/>\n              L&rsquo;Est R\u00e9publicain  &#8211; &#13;<br \/>\n        &#13;<br \/>\n          Aujourd&rsquo;hui \u00e0 15:30&#13;<br \/>\n    &#13;<br \/>\n        &#8211; Temps de lecture : &#13;<br \/>\n  &#13;<\/p>\n","protected":false},"excerpt":{"rendered":"Ce sera l&rsquo;heure de la r\u00e9p\u00e9tition g\u00e9n\u00e9rale, ce vendredi pour l&rsquo;ASNL. Alors que le championnat de Ligue 2&hellip;\n","protected":false},"author":2,"featured_media":289188,"comment_status":"","ping_status":"","sticky":false,"template":"","format":"standard","meta":{"footnotes":""},"categories":[9635],"tags":[1111,11,3703,3545,3602,1707,1704,1706,1705,10174,1777,674,1701,63,1011,27,775,1702,12,25,517,1700],"class_list":{"0":"post-289187","1":"post","2":"type-post","3":"status-publish","4":"format-standard","5":"has-post-thumbnail","7":"category-nancy","8":"tag-actu","9":"tag-actualites","10":"tag-asnl","11":"tag-direct-sport","12":"tag-edition-bar-le-duc","13":"tag-edition-luneville","14":"tag-edition-nancy-et-agglomeration","15":"tag-edition-pont-a-mousson","16":"tag-edition-toul","17":"tag-edition-verdun","18":"tag-eu","19":"tag-europe","20":"tag-fil-info-sport","21":"tag-football","22":"tag-fr","23":"tag-france","24":"tag-grand-est","25":"tag-nancy","26":"tag-news","27":"tag-republique-francaise","28":"tag-sport","29":"tag-sport-lorrain"},"share_on_mastodon":{"url":"https:\/\/pubeurope.com\/@fr\/114953964989808797","error":""},"_links":{"self":[{"href":"https:\/\/www.europesays.com\/fr\/wp-json\/wp\/v2\/posts\/289187","targetHints":{"allow":["GET"]}}],"collection":[{"href":"https:\/\/www.europesays.com\/fr\/wp-json\/wp\/v2\/posts"}],"about":[{"href":"https:\/\/www.europesays.com\/fr\/wp-json\/wp\/v2\/types\/post"}],"author":[{"embeddable":true,"href":"https:\/\/www.europesays.com\/fr\/wp-json\/wp\/v2\/users\/2"}],"replies":[{"embeddable":true,"href":"https:\/\/www.europesays.com\/fr\/wp-json\/wp\/v2\/comments?post=289187"}],"version-history":[{"count":0,"href":"https:\/\/www.europesays.com\/fr\/wp-json\/wp\/v2\/posts\/289187\/revisions"}],"wp:featuredmedia":[{"embeddable":true,"href":"https:\/\/www.europesays.com\/fr\/wp-json\/wp\/v2\/media\/289188"}],"wp:attachment":[{"href":"https:\/\/www.europesays.com\/fr\/wp-json\/wp\/v2\/media?parent=289187"}],"wp:term":[{"taxonomy":"category","embeddable":true,"href":"https:\/\/www.europesays.com\/fr\/wp-json\/wp\/v2\/categories?post=289187"},{"taxonomy":"post_tag","embeddable":true,"href":"https:\/\/www.europesays.com\/fr\/wp-json\/wp\/v2\/tags?post=289187"}],"curies":[{"name":"wp","href":"https:\/\/api.w.org\/{rel}","templated":true}]}}