{"id":289193,"date":"2025-08-01T14:27:10","date_gmt":"2025-08-01T14:27:10","guid":{"rendered":"https:\/\/www.europesays.com\/fr\/289193\/"},"modified":"2025-08-01T14:27:10","modified_gmt":"2025-08-01T14:27:10","slug":"economie-dans-ce-domaine-le-centre-ville-de-nimes-fait-beaucoup-mieux-que-celui-de-montpellier","status":"publish","type":"post","link":"https:\/\/www.europesays.com\/fr\/289193\/","title":{"rendered":"Economie. Dans ce domaine le centre-ville de N\u00eemes fait beaucoup mieux que celui de Montpellier&#8230;"},"content":{"rendered":"<p>            Par<br \/>\n        <strong><br \/>\n            <a href=\"https:\/\/actu.fr\/auteur\/charles-dossantos\" title=\"Consulter tous les articles de Charles Dos Santos\" target=\"_blank\" rel=\"noopener\">Charles Dos Santos<\/a><br \/>\n        <\/strong><\/p>\n<p>        Publi\u00e9 le<\/p>\n<p>            1 ao\u00fbt 2025 \u00e0 16h02        <\/p>\n<p>Alors que dans certaines communes, le commerce de centre-ville vit des heures tr\u00e8s compliqu\u00e9es comme <a href=\"https:\/\/actu.fr\/occitanie\/montpellier_34172\" target=\"_blank\" rel=\"noopener\"><strong>Montpellier<\/strong><\/a>, d\u2019autres parviennent, au contraire, \u00e0 tirer leur \u00e9pingle du jeu. C\u2019est le cas de <a href=\"https:\/\/actu.fr\/occitanie\/nimes_30189\" target=\"_blank\" rel=\"noopener\"><strong>N\u00eemes<\/strong> <\/a>(<a href=\"https:\/\/actu.fr\/occitanie\/gard_30\/economie\" target=\"_blank\" rel=\"noopener\"><strong>Gard<\/strong><\/a>) qui a obtenu la <strong>4e place au niveau national<\/strong> pour l\u2019attractivit\u00e9 de son c\u0153ur de ville.<\/p>\n<p>Un classement tr\u00e8s honorable<\/p>\n<p class=\" wall-content\">C\u2019est la municipalit\u00e9 elle-m\u00eame qui a r\u00e9v\u00e9l\u00e9 ce classement, mercredi 30 juillet. L\u2019enqu\u00eate men\u00e9e par SumUp, leader fran\u00e7ais du paiement mobile, se base notamment sur la densit\u00e9 de boutiques sp\u00e9cialis\u00e9es pour \u00e9tablir ce classement.<\/p>\n<p class=\" wall-content\">\n<p class=\" wall-content\">Au total, ce sont <strong>plusieurs dizaines de grandes villes<\/strong> de France m\u00e9tropolitaine qui ont \u00e9t\u00e9 pass\u00e9es au peigne fin par les analystes de l\u2019entreprise fran\u00e7aise. La capitale du Gard obtient une honorable quatri\u00e8me place de cette liste domin\u00e9e par Toulon et Clermont-Ferrand.\u00a0<\/p>\n<p class=\" wall-content\">Se f\u00e9licitant d\u2019obtenir cette place, juste derri\u00e8re <a href=\"https:\/\/actu.fr\/toulouse\/dernieres-actus\" target=\"_blank\" rel=\"noopener\"><strong>Toulouse<\/strong> <\/a>(<strong>Haute-Garonne<\/strong>, troisi\u00e8me) et loin devant <a href=\"https:\/\/actu.fr\/economie\/herault-chaleur-promos-permanentes-pourquoi-les-soldes-d-ete-ne-fonctionnent-plus-comme-avant_62980182.html\" target=\"_blank\" rel=\"noopener\"><strong>Montpellier<\/strong><\/a> (<strong>H\u00e9rault<\/strong>, douzi\u00e8me), la ville estime que ce classement est le fruit d\u2019une \u00ab\u00a0<strong>politique volontariste<\/strong> en mati\u00e8re d\u2019attractivit\u00e9 et de redynamisation du centre-ville\u00a0\u00bb.\u00a0<\/p>\n<p>Un mastodonte bient\u00f4t ouvert<\/p>\n<p class=\" wall-content\">Outre les tr\u00e8s nombreuses boutiques de textile et de chaussures d\u00e9j\u00e0 ouvertes dans le coeur de la capitale du Gard, de tr\u00e8s nombreux bars et restaurants permettent aux N\u00eemois comme aux touristes de passage, de prendre du bon temps dans l\u2019hypercentre de la cit\u00e9 antique.<\/p>\n<p>Vid\u00e9os : en ce moment sur Actu<\/p>\n<p class=\" wall-content\">Cette bonne sant\u00e9 \u00e9conomique devrait se prolonger dans les ann\u00e9es \u00e0 venir. Il y a quelques jours, le parfumeur fran\u00e7ais haut de gamme, <strong>Fragonard<\/strong>, a ouvert <a href=\"https:\/\/actu.fr\/occitanie\/nimes_30189\/une-marque-prestigieuse-ouvre-sa-premiere-boutique-en-occitanie-la-date-est-connue_62750411.html\" target=\"_blank\" rel=\"noopener\">un magasin<\/a> \u00e0 deux pas de <a href=\"https:\/\/actu.fr\/occitanie\/nimes_30189\/gard-la-maison-carree-est-officiellement-classee-au-patrimoine-mondial-de-l-unesco_60096080.html\" target=\"_blank\" rel=\"noopener\">la <strong>Maison Carr\u00e9e<\/strong><\/a>. Cette ouverture intervient quelques semaines apr\u00e8s celle d\u2019une boutique de <a href=\"https:\/\/actu.fr\/occitanie\/nimes_30189\/mr-bricolage-ouvre-un-magasin-en-plein-centre-ville-de-nimes-ca-arrive-tres-vite_62372574.html\" target=\"_blank\" rel=\"noopener\"><strong>Mr Bricolage<\/strong><\/a> <strong>\u00e0 quelques rues de l\u00e0<\/strong>.<\/p>\n<p class=\" wall-content\">Et surtout, \u00e0 la rentr\u00e9e, le g\u00e9ant fran\u00e7ais du commerce que sont <strong>les Galeries Lafayette<\/strong> doit ouvrir <a href=\"https:\/\/actu.fr\/occitanie\/nimes_30189\/gard-l-arrivee-de-cet-immense-magasin-est-attendue-le-chantier-avance-tres-bien_62851449.html\" target=\"_blank\" rel=\"noopener\"><strong>en plein centre-ville<\/strong><\/a> sur <strong>plusieurs \u00e9tages<\/strong> et devrait y faire venir des milliers de curieux et de nouveaux consommateurs potentiels.<\/p>\n<p>Plus d\u2019infos sur le commerce en centre-ville de N\u00eemes \u00e0 retrouver sur <a href=\"https:\/\/www.nimes.fr\/que-faire-a-nimes\/commerces\/shopping?fbclid=IwY2xjawL5Z3RleHRuA2FlbQIxMABicmlkETFsczFodXpHcUZGTjZzQmdXAR4KNLKGCrBLEKPY0kSXUSPPZ8BVXarZljzRUJ553bqZr3boYGi6y6lKtdXe1w_aem_j72m-AhTIAYCJfqJBPxkqg\" target=\"_blank\" rel=\"noopener\">le site de la ville<\/a>.<\/p>\n<p class=\" wall-content\">Suivez toute l\u2019actualit\u00e9 de vos villes et m\u00e9dias favoris en vous inscrivant \u00e0 <a href=\"https:\/\/moncompte.actu.fr\" title=\"D\u00e9couvez Mon Actu\" rel=\"nofollow noopener\" data-trk=\"{&quot;cta&quot;:{&quot;action&quot;:&quot;https:\\\/\\\/moncompte.actu.fr&quot;,&quot;category&quot;:&quot;mon compte&quot;,&quot;from&quot;:&quot;article footer&quot;,&quot;name&quot;:&quot;Mon actu&quot;,&quot;type&quot;:&quot;cta&quot;}}\" target=\"_blank\">Mon Actu<\/a>.<\/p>\n","protected":false},"excerpt":{"rendered":"Par Charles Dos Santos Publi\u00e9 le 1 ao\u00fbt 2025 \u00e0 16h02 Alors que dans certaines communes, le commerce&hellip;\n","protected":false},"author":2,"featured_media":289194,"comment_status":"","ping_status":"","sticky":false,"template":"","format":"standard","meta":{"footnotes":""},"categories":[9599],"tags":[1111,11,215,130,33,1777,674,1011,27,2208,12,2680,25],"class_list":{"0":"post-289193","1":"post","2":"type-post","3":"status-publish","4":"format-standard","5":"has-post-thumbnail","7":"category-montpellier","8":"tag-actu","9":"tag-actualites","10":"tag-commerce","11":"tag-consommation","12":"tag-economie","13":"tag-eu","14":"tag-europe","15":"tag-fr","16":"tag-france","17":"tag-montpellier","18":"tag-news","19":"tag-occitanie","20":"tag-republique-francaise"},"share_on_mastodon":{"url":"https:\/\/pubeurope.com\/@fr\/114953980726300606","error":""},"_links":{"self":[{"href":"https:\/\/www.europesays.com\/fr\/wp-json\/wp\/v2\/posts\/289193","targetHints":{"allow":["GET"]}}],"collection":[{"href":"https:\/\/www.europesays.com\/fr\/wp-json\/wp\/v2\/posts"}],"about":[{"href":"https:\/\/www.europesays.com\/fr\/wp-json\/wp\/v2\/types\/post"}],"author":[{"embeddable":true,"href":"https:\/\/www.europesays.com\/fr\/wp-json\/wp\/v2\/users\/2"}],"replies":[{"embeddable":true,"href":"https:\/\/www.europesays.com\/fr\/wp-json\/wp\/v2\/comments?post=289193"}],"version-history":[{"count":0,"href":"https:\/\/www.europesays.com\/fr\/wp-json\/wp\/v2\/posts\/289193\/revisions"}],"wp:featuredmedia":[{"embeddable":true,"href":"https:\/\/www.europesays.com\/fr\/wp-json\/wp\/v2\/media\/289194"}],"wp:attachment":[{"href":"https:\/\/www.europesays.com\/fr\/wp-json\/wp\/v2\/media?parent=289193"}],"wp:term":[{"taxonomy":"category","embeddable":true,"href":"https:\/\/www.europesays.com\/fr\/wp-json\/wp\/v2\/categories?post=289193"},{"taxonomy":"post_tag","embeddable":true,"href":"https:\/\/www.europesays.com\/fr\/wp-json\/wp\/v2\/tags?post=289193"}],"curies":[{"name":"wp","href":"https:\/\/api.w.org\/{rel}","templated":true}]}}