{"id":289195,"date":"2025-08-01T14:28:11","date_gmt":"2025-08-01T14:28:11","guid":{"rendered":"https:\/\/www.europesays.com\/fr\/289195\/"},"modified":"2025-08-01T14:28:11","modified_gmt":"2025-08-01T14:28:11","slug":"il-ne-reste-plus-rien-amjaad-enseignante-a-rouen-a-perdu-son-mari-en-syrie-tue-par-des-djihadistes","status":"publish","type":"post","link":"https:\/\/www.europesays.com\/fr\/289195\/","title":{"rendered":"\u00ab\u00a0Il ne reste plus rien\u00a0\u00bb : Amjaad, enseignante \u00e0 Rouen, a perdu son mari en Syrie, tu\u00e9 par des djihadistes"},"content":{"rendered":"<p>Firas Abou Latif, habitant de Mont-Saint-Aignan, a \u00e9t\u00e9 tu\u00e9 le mois dernier par des djihadistes en Syrie. Sa femme, Amjaad, enseignante \u00e0 Rouen, a pu revenir en France ce jeudi 31 juillet. Elle livre un t\u00e9moignage poignant.<\/p>\n<p>Firas Abou Latif, docteur en informatique franco-syrien, habitant de Mont-Saint-Aignan, pr\u00e8s de Rouen, a \u00e9t\u00e9 <strong>tu\u00e9 en Syrie par des djihadistes<\/strong>, le mois dernier. Sa femme, Amjaad, 44 ans, enseignante en math\u00e9matique au Greta (groupement d&rsquo;\u00e9tablissements) de Rouen, est revenue en France ce jeudi 31 juillet, le <strong>c\u0153ur lourd<\/strong>. Elle a confi\u00e9 sa tristesse \u00e0 nos confr\u00e8res de\u00a0<a target=\"_blank\" rel=\"external nofollow noopener\" class=\"IciLink ici-link IciArticleLink g-ici-body-regular-1 underline brand svelte-lu7k6w\" href=\"https:\/\/www.franceinfo.fr\/monde\/syrie\/temoignage-je-n-avais-pas-imagine-revenir-sans-lui-le-recit-poignant-de-cette-franco-syrienne-dont-le-mari-ete-tue-dans-un-massacre-en-syrie-apres-son-retour-en-france_7411462.html#comments-embed\">franceinfo<\/a>, pr\u00e9sents pour l&rsquo;accueillir \u00e0 sa sortie de l&rsquo;avion. Ils \u00e9taient partis avec leurs deux enfants voir des proches sur place, durant les cong\u00e9s.<\/p>\n<p>Selon son r\u00e9cit, Firas Abou Latif a \u00e9t\u00e9 <strong>tu\u00e9 deux jours apr\u00e8s leur arriv\u00e9e<\/strong> en Syrie, aupr\u00e8s de leurs proches rest\u00e9s sur place, car il est issu de la communaut\u00e9 <strong>druze<\/strong>.\u00a0\u00ab\u00a0Les groupes jihadistes sont entr\u00e9s dans notre maison, ils ont trouv\u00e9 une petite chambre o\u00f9 \u00e9taient cach\u00e9s mon mari et son beau-fr\u00e8re,\u00a0raconte Amjaad.\u00a0Ils ont tu\u00e9 les deux hommes et ont br\u00fbl\u00e9 la maison. Il ne restait plus rien. On a reconnu les cendres de mon mari gr\u00e2ce \u00e0 sa montre. Il a \u00e9t\u00e9 tu\u00e9 le jour de notre anniversaire de mariage, 20 ans jour pour jour apr\u00e8s notre mariage.\u00a0\u00bb<\/p>\n<p>\u00ab\u00a0Je n&rsquo;avais pas imagin\u00e9 revenir sans lui\u00a0\u00bb<\/p>\n<p>\u00c0 son arriv\u00e9e \u00e0 l&rsquo;a\u00e9roport de Roissy-Charles de Gaulle, dans le hall des arriv\u00e9es, elle s&rsquo;avance en tenant ses enfants par la main. Amjaad aper\u00e7oit son fr\u00e8re, venu la chercher. Ils fondent en larmes en se serrant dans les bras.\u00a0\u00ab\u00a0Je n&rsquo;avais pas imagin\u00e9 revenir sans lui, sanglote-t-elle en \u00e9voquant son d\u00e9funt mari.\u00a0On est partis pour passer des vacances ensemble, mais ce n&rsquo;\u00e9taient pas des vacances, c&rsquo;\u00e9tait un cauchemar\u00a0\u00bb.\u00a0\u00a0Et Amjaad de poursuivre\u00a0:\u00a0\u00ab\u00a0Ils <strong>entrent dans les maisons et violent les femmes avant de les tuer<\/strong>. Ce ne sont pas des humains. Il ne faut laisser ces gens faire \u00e7a en Syrie. La Syrie ce n&rsquo;\u00e9tait pas comme \u00e7a. Apr\u00e8s 54 ans de r\u00e9gime Assad, <strong>on n&rsquo;a pas fait la r\u00e9volution pour que les jihadistes prennent le pouvoir<\/strong>\u00ab\u00a0.\u00a0Elle serre contre elle la montre pleine de cendres de son mari. \u00ab\u00a0Ce n&rsquo;est pas un souvenir, conclut-elle,\u00a0c&rsquo;est la preuve de ce qu&rsquo;on lui a fait.\u00a0\u00bb<\/p>\n<p>Amjaad, avec ses deux enfants, est rest\u00e9e <strong>deux semaines coinc\u00e9e<\/strong>\u00a0en Syrie. Impossible de rentrer \u00e0 Rouen en raison des positions tenues par le groupe \u00c9tat Islamique sur place.<\/p>\n<p>\u00ab\u00a0Il m&rsquo;annon\u00e7ait en mai dernier qu&rsquo;il venait d&rsquo;acheter une maison au Mesnil-Esnard (Seine-Maritime). <strong>Leur vie \u00e9tait en Normandie<\/strong>, et l\u00e0, ils \u00e9taient retourn\u00e9s en Syrie parce que d&rsquo;apr\u00e8s ce que j&rsquo;ai lu, son p\u00e8re avait des probl\u00e8mes de sant\u00e9\u00a0\u00bb, t\u00e9moignait\u00a0<a class=\"IciLink ici-link IciArticleLink g-ici-body-regular-1 underline brand svelte-lu7k6w\" href=\"https:\/\/www.francebleu.fr\/infos\/international\/il-etait-curieux-et-pacifiste-l-emotion-des-amis-de-firas-abou-latif-chercheur-franco-syrien-tue-a-soueida-en-syrie-8110321\" rel=\"nofollow noopener\" target=\"_blank\">sur notre antenne<\/a>\u00a0Nicolas Delestre, enseignant-chercheur \u00e0 l&rsquo;INSA (Institut National des Sciences Appliqu\u00e9es) de Rouen qui a encadr\u00e9 la th\u00e8se de Firas Abou Latif.<\/p>\n<p>\u00c0 lire aussi   <img decoding=\"async\" src=\"https:\/\/www.europesays.com\/fr\/wp-content\/uploads\/2025\/08\/560x315_sc_1753318638335.jpg\" alt=\"Le corps de Firas Abou Latif a \u00e9t\u00e9 retrouv\u00e9 dans la maison de son p\u00e8re, \u00e0 Soueida en Syrie.\" style=\"--_image-preview:url('data:image\/jpeg;base64,\/9j\/2wBDACgcHiMeGSgjISMtKygwPGRBPDc3PHtYXUlkkYCZlo+AjIqgtObDoKrarYqMyP\/L2u71\/\/\/\/m8H\/\/\/\/6\/+b9\/\/j\/2wBDASstLTw1PHZBQXb4pYyl+Pj4+Pj4+Pj4+Pj4+Pj4+Pj4+Pj4+Pj4+Pj4+Pj4+Pj4+Pj4+Pj4+Pj4+Pj4+Pj4+Pj\/wAARCAAXACoDASIAAhEBAxEB\/8QAFwAAAwEAAAAAAAAAAAAAAAAAAAEDAv\/EABcQAQEBAQAAAAAAAAAAAAAAAAABAhH\/xAAVAQEBAAAAAAAAAAAAAAAAAAABAP\/EABQRAQAAAAAAAAAAAAAAAAAAAAD\/2gAMAwEAAhEDEQA\/AHwKWJ0omox05SFYbMaIPUR0ACnacoBSuWwEH\/\/Z');\" loading=\"lazy\" fetchpriority=\"low\" aria-hidden=\"true\" class=\"svelte-1pnmlwx rounded\" onload=\"this.__e=event\" onerror=\"this.__e=event\"\/><\/p>\n","protected":false},"excerpt":{"rendered":"Firas Abou Latif, habitant de Mont-Saint-Aignan, a \u00e9t\u00e9 tu\u00e9 le mois dernier par des djihadistes en Syrie. Sa&hellip;\n","protected":false},"author":2,"featured_media":289196,"comment_status":"","ping_status":"","sticky":false,"template":"","format":"standard","meta":{"footnotes":""},"categories":[9587],"tags":[1111,11,1777,674,1011,27,12,5161,25,9590],"class_list":{"0":"post-289195","1":"post","2":"type-post","3":"status-publish","4":"format-standard","5":"has-post-thumbnail","7":"category-rouen","8":"tag-actu","9":"tag-actualites","10":"tag-eu","11":"tag-europe","12":"tag-fr","13":"tag-france","14":"tag-news","15":"tag-normandie","16":"tag-republique-francaise","17":"tag-rouen"},"share_on_mastodon":{"url":"https:\/\/pubeurope.com\/@fr\/114953985119653315","error":""},"_links":{"self":[{"href":"https:\/\/www.europesays.com\/fr\/wp-json\/wp\/v2\/posts\/289195","targetHints":{"allow":["GET"]}}],"collection":[{"href":"https:\/\/www.europesays.com\/fr\/wp-json\/wp\/v2\/posts"}],"about":[{"href":"https:\/\/www.europesays.com\/fr\/wp-json\/wp\/v2\/types\/post"}],"author":[{"embeddable":true,"href":"https:\/\/www.europesays.com\/fr\/wp-json\/wp\/v2\/users\/2"}],"replies":[{"embeddable":true,"href":"https:\/\/www.europesays.com\/fr\/wp-json\/wp\/v2\/comments?post=289195"}],"version-history":[{"count":0,"href":"https:\/\/www.europesays.com\/fr\/wp-json\/wp\/v2\/posts\/289195\/revisions"}],"wp:featuredmedia":[{"embeddable":true,"href":"https:\/\/www.europesays.com\/fr\/wp-json\/wp\/v2\/media\/289196"}],"wp:attachment":[{"href":"https:\/\/www.europesays.com\/fr\/wp-json\/wp\/v2\/media?parent=289195"}],"wp:term":[{"taxonomy":"category","embeddable":true,"href":"https:\/\/www.europesays.com\/fr\/wp-json\/wp\/v2\/categories?post=289195"},{"taxonomy":"post_tag","embeddable":true,"href":"https:\/\/www.europesays.com\/fr\/wp-json\/wp\/v2\/tags?post=289195"}],"curies":[{"name":"wp","href":"https:\/\/api.w.org\/{rel}","templated":true}]}}