{"id":289197,"date":"2025-08-01T14:29:14","date_gmt":"2025-08-01T14:29:14","guid":{"rendered":"https:\/\/www.europesays.com\/fr\/289197\/"},"modified":"2025-08-01T14:29:14","modified_gmt":"2025-08-01T14:29:14","slug":"spectacles-expos-loisirs-nautiques-le-plein-dactivites-gratuites-a-rouen-et-sa-region-pendant-lete","status":"publish","type":"post","link":"https:\/\/www.europesays.com\/fr\/289197\/","title":{"rendered":"Spectacles, expos, loisirs nautiques&#8230; Le plein d&rsquo;activit\u00e9s gratuites \u00e0 Rouen et sa r\u00e9gion pendant l&rsquo;\u00e9t\u00e9"},"content":{"rendered":"<p>            Par<br \/>\n        <strong><br \/>\n            <a href=\"https:\/\/actu.fr\/auteur\/fmass\" title=\"Consulter tous les articles de Fabien Massin\" target=\"_blank\" rel=\"noopener\">Fabien Massin<\/a><br \/>\n        <\/strong><\/p>\n<p>        Publi\u00e9 le<\/p>\n<p>            1 ao\u00fbt 2025 \u00e0 14h12        <\/p>\n<p>Vous \u00eates \u00e0 <a href=\"https:\/\/actu.fr\/normandie\/rouen_76540\" target=\"_blank\" rel=\"noopener\">Rouen (Seine-Maritime)<\/a> pendant ces vacances d\u2019\u00e9t\u00e9 2025 ? Pas de probl\u00e8me il y a de quoi faire pour s\u2019occuper, y compris sans avoir \u00e0 se ruiner. <strong>Il y a m\u00eame un paquet d\u2019activit\u00e9s gratuites<\/strong>, dans des domaines diff\u00e9rents, \u00e0 faire seul, entre amis ou en famille.\u00a0<\/p>\n<p>For\u00eat monumentale, deuxi\u00e8me \u00e9dition<\/p>\n<p class=\" wall-content\">Apr\u00e8s une premi\u00e8re \u00e9dition dans la for\u00eat Verte,<strong> les nouvelles \u0153uvres g\u00e9antes<\/strong> <a href=\"https:\/\/actu.fr\/normandie\/canteleu_76157\/en-images-decouvrez-les-spectaculaires-oeuvres-geantes-de-foret-monumentale-a-canteleu_61271283.html\" target=\"_blank\" rel=\"noopener\">ont pris place dans la for\u00eat de Roumare \u00e0 Canteleu<\/a>. Au fil de la promenade, on croise une horde de sangliers, une cath\u00e9drale de bois, un gland g\u00e9ant creux\u2026 Le parcours de 4 kilom\u00e8tres est accessible en transports en commun (ligne de bus 35 arr\u00eat Piscine Aqualoup et T3 arr\u00eat Jean-Jaures \u2013 H\u00f4tel de Ville).<\/p>\n<p>De l\u2019art en veux-tu en voil\u00e0<\/p>\n<p class=\" wall-content\">L\u2019acc\u00e8s aux collections permanentes des mus\u00e9es de la M\u00e9tropole Rouen Normandie est gratuit<strong> (mus\u00e9e des beaux-arts, Antiquit\u00e9s, Mus\u00e9um, Le Secq des Tournelles)<\/strong>. L\u2019ensemble des mus\u00e9es m\u00e9tropolitains comprend \u00e9galement un p\u00f4le industriel (Fabrique des savoirs \u00e0 Elbeuf et <a href=\"https:\/\/actu.fr\/normandie\/rouen_76540\/pres-de-rouen-cette-nouvelle-expo-sensorielle-vous-plonge-dans-le-monde-des-couleurs_61200656.html\" target=\"_blank\" rel=\"noopener\">Corderie Vallois<\/a> \u00e0 Notre-Dame-de-Bondeville) et un autre litt\u00e9raire (<a href=\"https:\/\/actu.fr\/normandie\/rouen_76540\/rouen-flaubert-aurait-eu-200-ans-quels-sont-les-lieux-emblematiques-qui-lui-sont-rattaches_47121498.html\" target=\"_blank\" rel=\"noopener\">mus\u00e9e et pavillon Flaubert<\/a>, maison natale et <a href=\"https:\/\/actu.fr\/normandie\/petit-couronne_76497\/expo-a-rouen-vous-connaissez-pierre-mais-connaissez-vous-thomas-l-autre-corneille_62567286.html\" target=\"_blank\" rel=\"noopener\">maison des champs de Corneille<\/a>). \u00c0 noter que le mus\u00e9e de la c\u00e9ramique <strong>est actuellement ferm\u00e9<\/strong>.\u00a0<\/p>\n<p class=\" wall-content\">Pour les amateurs d\u2019art contemporain, le <a href=\"https:\/\/actu.fr\/normandie\/sotteville-les-rouen_76681\/images-decouvrez-les-nouvelles-oeuvres-tres-etonnantes-du-frac-normandie_54348175.html\" target=\"_blank\" rel=\"noopener\">Frac<\/a> (\u00e0 c\u00f4t\u00e9 du jardin des plantes), le <a href=\"https:\/\/actu.fr\/normandie\/rouen_76540\/art-contemporain-dans-l-agglo-de-rouen-decouvrez-les-nouvelles-expositions-du-frac-et-du-shed_51050133.html\" target=\"_blank\" rel=\"noopener\">SHED<\/a> (\u00e0 Maromme\/Notre-Dame-de Bondeville), le <a href=\"https:\/\/actu.fr\/normandie\/rouen_76540\/une-nouvelle-exposition-photographique-a-rouen-francoise-huguier-presente-matiere-terrestre_62765094.html\" target=\"_blank\" rel=\"noopener\">centre photographique<\/a> (\u00e0 c\u00f4t\u00e9 de la place des Carmes) et la <a href=\"https:\/\/actu.fr\/normandie\/rouen_76540\/avec-l-artotheque-pres-de-rouen-empruntez-des-oeuvres-d-art-et-ramenez-les-chez-vous_39070889.html\" target=\"_blank\" rel=\"noopener\">Maison des arts \u00e0 Grand-Quevilly<\/a>, c\u2019est \u00e9galement gratuit. Non loin, <strong>\u00e0 Saint-Pierre-de-Varengeville<\/strong>, il y a aussi le <a href=\"https:\/\/actu.fr\/normandie\/saint-pierre-de-varengeville_76636\/handicap-des-reproduction-tactiles-d-oeuvres-d-art-pour-les-non-voyants-pres-de-rouen_61573080.html\" target=\"_blank\" rel=\"noopener\">centre d\u2019art contemporain de la Matmut<\/a> (que l\u2019on visite \u00e9galement pour son jardin remarquable).<\/p>\n<p>Cath\u00e9drale de lumi\u00e8re, le classique de l\u2019\u00e9t\u00e9<\/p>\n<p class=\" wall-content\">Le son et lumi\u00e8re revient cette ann\u00e9e avec deux volets, Vikings, d\u00e9j\u00e0 pr\u00e9sent\u00e9 il y a quelques ann\u00e9es, et Optic Gothic, une cr\u00e9ation quasi in\u00e9dite. Ses concepteurs puisent leur inspiration dans l\u2019Op Art, ou l\u2019art optique. <a href=\"https:\/\/actu.fr\/normandie\/rouen_76540\/un-spectacle-quasi-inedit-a-l-affiche-de-cathedrale-de-lumiere-a-rouen-ce-que-nous-en-avons-pense_62714486.html\" target=\"_blank\" rel=\"noopener\">Voici ce que nous en avons pens\u00e9<\/a>.\u00a0<\/p>\n<p class=\" wall-content\">La projection se fait chaque soir en deux boucles cons\u00e9cutives :\u00a0<br \/>\u2022 Du 1er au 15 ao\u00fbt : tous les soirs, \u00e0 22h30\u00a0<br \/>\u2022 Du 16 au 31 ao\u00fbt : tous les soirs, \u00e0 22 heures<br \/>\u2022 Du 1er au 27 septembre : les vendredis et samedis soir, \u00e0 21h30<\/p>\n<p>Les environs de Rouen \u00e0 coups de p\u00e9dales<\/p>\n<p class=\" wall-content\">D\u00e9couvrez la m\u00e9tropole de Rouen et ses alentours \u00e0 travers ces <a href=\"https:\/\/actu.fr\/normandie\/rouen_76540\/voici-quatre-idees-de-balades-a-velo-autour-de-rouen_58524845.html\" target=\"_blank\" rel=\"noopener\">quatre parcours v\u00e9lo<\/a> : <strong>\u00a0boucle de Jumi\u00e8ges, ouest de Rouen, pr\u00e8s d\u2019Elbeuf, boucle Rouen-La Bouille<\/strong>. Ces itin\u00e9raires utilisent une partie\u00a0des voies vertes de \u00ab\u00a0La Seine \u00e0 v\u00e9lo\u00a0\u00bb, reliant Paris au Havre et Deauville. Ce voyage de plus de 500 km sur les bords du fleuve est \u00e0 d\u00e9couvrir plus en d\u00e9tail sur<a href=\"https:\/\/www.laseineavelo.fr\/\" target=\"_blank\" rel=\"noopener\">\u00a0laseineavelo.fr<\/a>.<\/p>\n<p>Fl\u00e2ner, lire, s\u2019immerger\u2026 \u00e0 l\u2019Agora<\/p>\n<p class=\" wall-content\">Ce <a href=\"https:\/\/actu.fr\/normandie\/rouen_76540\/a-la-place-du-panorama-xxl-une-agora-en-bord-de-seine-a-rouen_61484179.html\" target=\"_blank\" rel=\"noopener\">nouvel espace public<\/a> a \u00e9t\u00e9 am\u00e9nag\u00e9 \u00e0 la place de la rotonde de <a href=\"https:\/\/actu.fr\/normandie\/rouen_76540\/en-images-immersion-dans-l-impressionnisme-avec-la-cathedrale-de-monet-au-panorama-xxl-de-rouen_34528906.html\" target=\"_blank\" rel=\"noopener\">l\u2019ex-Panorama XXL<\/a>. On y trouve une ar\u00e8ne de quatre niveaux et un vaste espace qui peut s\u2019apparenter \u00e0 une sc\u00e8ne et o\u00f9 un syst\u00e8me de jeux d\u2019eau a \u00e9t\u00e9 install\u00e9, id\u00e9al pour venir se rafraichir l\u2019\u00e9t\u00e9 en famille ou entre amis. Quand il fait chaud les enfants s\u2019en donnent \u00e0 c\u0153ur joie.<\/p>\n<p>Faire des activit\u00e9s nautiques en bord de Seine<\/p>\n<p class=\" wall-content\">De l\u2019autre c\u00f4t\u00e9 de la Seine, il y a \u00e9galement le tout nouveau <a href=\"https:\/\/actu.fr\/normandie\/rouen_76540\/un-nouveau-parc-canal-inaugure-a-rouen-un-moment-historique_62562439.html\" target=\"_blank\" rel=\"noopener\">parc-canal Camille-Claudel<\/a>. Jusqu\u2019au 24 ao\u00fbt 2025, chaque dimanche, <a href=\"https:\/\/actu.fr\/normandie\/rouen_76540\/kayak-paddle-voile-a-rouen-des-activites-pour-profiter-du-nouveau-canal-de-la-seine-pendant-l-ete_62942861.html\" target=\"_blank\" rel=\"noopener\">des activit\u00e9s nautiques gratuites sont propos\u00e9es<\/a> : Kayak, paddle, voile\u2026 Les activit\u00e9s et jeux sont encadr\u00e9s des \u00e9ducateurs sportifs qualifi\u00e9s.<\/p>\n<p>Des spectacles gratuits<\/p>\n<p class=\" wall-content\">Pendant tout l\u2019\u00e9t\u00e9, chaque weekend, avec le festival Jours de f\u00eate, des spectacles gratuits sont propos\u00e9s (th\u00e9\u00e2tre burlesque, cirque, improvisation\u2026) dans l\u2019ensemble de la M\u00e9tropole. <a href=\"https:\/\/www.visiterouen.com\/actualites\/au-rythme-des-temps-forts\/jours-de-fete\/\" target=\"_blank\" rel=\"noopener\">Voici les prochains rendez-vous<\/a>.\u00a0<\/p>\n<p class=\" wall-content\">\n<p>Comme un air de Provence en Normandie<\/p>\n<p class=\" wall-content\">C\u2019est l\u2019\u00e9t\u00e9, donc le moment de sortir ses boules de p\u00e9tanque et d\u2019aller taper le cochonnet. \u00c0 Rouen certains terrains sont d\u00e9j\u00e0 bien connus, <strong>comme celui \u00e0 c\u00f4t\u00e9 du Son du Cor, rue Eau-de-Robec<\/strong>. D\u2019autres sont plus r\u00e9cents, comme celui de la place des Carmes. Et certains peut-\u00eatre un peu plus m\u00e9connus sur les Hauts-de-Rouen. Pour vous aider \u00e0 savoir o\u00f9 jouer aux boules, <a href=\"https:\/\/actu.fr\/normandie\/rouen_76540\/carte-ou-jouer-a-la-petanque-ou-au-molkky-a-rouen_50025843.html\" target=\"_blank\" rel=\"noopener\">voici la liste et la carte des terrains de p\u00e9tanque publics \u00e0 Rouen<\/a>.<\/p>\n<p>Des endroits o\u00f9 pique-niquer<\/p>\n<p class=\" wall-content\">O\u00f9 apporter sa besace remplie de victuailles et poser sa large couverture pour profiter d\u2019un bon pique-nique entre amis ou en famille ? <a href=\"https:\/\/actu.fr\/normandie\/rouen_76540\/regle-des-dix-kilometres-pendant-le-confinement-ou-pique-niquer-a-rouen-et-ses-alentours_40519425.html\" target=\"_blank\" rel=\"noopener\">Voici une s\u00e9lection de lieux qui s\u2019y pr\u00eatent<\/a> : Parc Grammont, presqu\u2019\u00eele Rollet, Champs des Bruy\u00e8res, etc.<strong> Certains endroits cit\u00e9s disposent de bancs et de tables<\/strong> ; dans d\u2019autres, on pourra s\u2019asseoir sur des troncs d\u2019arbre ; dans d\u2019autres encore une couverture \u00e9paisse sera la bienvenue.<\/p>\n<p>Le patrimoine \u00e0 port\u00e9e de tous<\/p>\n<p class=\" wall-content\">Des lieux de patrimoine sont en visite libre :<strong> l\u2019a\u00eetre Saint-Maclou, cath\u00e9drale, abbatiale Saint-Ouen<\/strong> (qui pr\u00e9sente d\u00e9sormais une fa\u00e7ade restaur\u00e9e), basilique de Bonsecours, etc. La capitale normande fourmille \u00e9galement de lieux \u00e9tonnants et \u00ab\u00a0secrets\u00a0\u00bb, \u00e0 voir dans l\u2019espace public : savez-vous ce qu\u2019est une \u00e9chauguette, un oriol, un tympan ? <a href=\"https:\/\/actu.fr\/normandie\/rouen_76540\/carte-partez-decouverte-50-lieux-meconnus-secrets-rouen_19117361.html\" target=\"_blank\" rel=\"noopener\">Voici une s\u00e9lection de 60 endroits et \u00e9l\u00e9ments de patrimoine le plus souvent m\u00e9connus<\/a>.\u00a0<\/p>\n<p>Des randos m\u00e9connues<\/p>\n<p class=\" wall-content\">Envie de s\u2019\u00e9loigner un peu de Rouen et de d\u00e9couvrir le d\u00e9partement \u00e0 pied. Sur la c\u00f4te ou dans les terres, nous sommes all\u00e9s chercher\u00a0des randonn\u00e9es insolites et peu connues du grand public\u00a0\u00e0 faire en Seine-Maritime pour changer un peu vos habitudes et d\u00e9couvrir le territoire. <a href=\"https:\/\/actu.fr\/loisirs-culture\/notre-top-10-des-randonnees-meconnues-a-faire-en-seine-maritime-pendant-l-ete_62940241.html\" target=\"_blank\" rel=\"noopener\">Voici\u00a0notre top\u00a010<\/a>, concoct\u00e9 avec l\u2019aide des \u00e9quipes de Seine-Maritime Attractivit\u00e9.<\/p>\n<p>Suivez l\u2019actualit\u00e9 de Rouen sur notre <a href=\"https:\/\/www.whatsapp.com\/channel\/0029VaKfnf99hXF2ddApFB1D\" target=\"_blank\" rel=\"noopener\">cha\u00eene WhatsApp<\/a> et sur notre <a href=\"https:\/\/www.tiktok.com\/@76actu.fr?lang=fr\" target=\"_blank\" rel=\"noopener\">compte TikTok<\/a><\/p>\n<p class=\" wall-content\">Suivez toute l\u2019actualit\u00e9 de vos villes et m\u00e9dias favoris en vous inscrivant \u00e0 <a href=\"https:\/\/moncompte.actu.fr\" title=\"D\u00e9couvez Mon Actu\" rel=\"nofollow noopener\" data-trk=\"{&quot;cta&quot;:{&quot;action&quot;:&quot;https:\\\/\\\/moncompte.actu.fr&quot;,&quot;category&quot;:&quot;mon compte&quot;,&quot;from&quot;:&quot;article footer&quot;,&quot;name&quot;:&quot;Mon actu&quot;,&quot;type&quot;:&quot;cta&quot;}}\" target=\"_blank\">Mon Actu<\/a>.<\/p>\n<p>                    <script async src=\"\/\/www.tiktok.com\/embed.js\"><\/script><\/p>\n","protected":false},"excerpt":{"rendered":"Par Fabien Massin Publi\u00e9 le 1 ao\u00fbt 2025 \u00e0 14h12 Vous \u00eates \u00e0 Rouen (Seine-Maritime) pendant ces vacances&hellip;\n","protected":false},"author":2,"featured_media":289198,"comment_status":"","ping_status":"","sticky":false,"template":"","format":"standard","meta":{"footnotes":""},"categories":[9587],"tags":[1111,11,12726,1777,674,1011,27,1652,9725,12,5161,25,9590,3176],"class_list":{"0":"post-289197","1":"post","2":"type-post","3":"status-publish","4":"format-standard","5":"has-post-thumbnail","7":"category-rouen","8":"tag-actu","9":"tag-actualites","10":"tag-cathedrale-de-rouen","11":"tag-eu","12":"tag-europe","13":"tag-fr","14":"tag-france","15":"tag-loisirs-culture","16":"tag-metropole-rouen","17":"tag-news","18":"tag-normandie","19":"tag-republique-francaise","20":"tag-rouen","21":"tag-vacances-scolaires"},"share_on_mastodon":{"url":"https:\/\/pubeurope.com\/@fr\/114953988654195989","error":""},"_links":{"self":[{"href":"https:\/\/www.europesays.com\/fr\/wp-json\/wp\/v2\/posts\/289197","targetHints":{"allow":["GET"]}}],"collection":[{"href":"https:\/\/www.europesays.com\/fr\/wp-json\/wp\/v2\/posts"}],"about":[{"href":"https:\/\/www.europesays.com\/fr\/wp-json\/wp\/v2\/types\/post"}],"author":[{"embeddable":true,"href":"https:\/\/www.europesays.com\/fr\/wp-json\/wp\/v2\/users\/2"}],"replies":[{"embeddable":true,"href":"https:\/\/www.europesays.com\/fr\/wp-json\/wp\/v2\/comments?post=289197"}],"version-history":[{"count":0,"href":"https:\/\/www.europesays.com\/fr\/wp-json\/wp\/v2\/posts\/289197\/revisions"}],"wp:featuredmedia":[{"embeddable":true,"href":"https:\/\/www.europesays.com\/fr\/wp-json\/wp\/v2\/media\/289198"}],"wp:attachment":[{"href":"https:\/\/www.europesays.com\/fr\/wp-json\/wp\/v2\/media?parent=289197"}],"wp:term":[{"taxonomy":"category","embeddable":true,"href":"https:\/\/www.europesays.com\/fr\/wp-json\/wp\/v2\/categories?post=289197"},{"taxonomy":"post_tag","embeddable":true,"href":"https:\/\/www.europesays.com\/fr\/wp-json\/wp\/v2\/tags?post=289197"}],"curies":[{"name":"wp","href":"https:\/\/api.w.org\/{rel}","templated":true}]}}