{"id":289200,"date":"2025-08-01T14:31:13","date_gmt":"2025-08-01T14:31:13","guid":{"rendered":"https:\/\/www.europesays.com\/fr\/289200\/"},"modified":"2025-08-01T14:31:13","modified_gmt":"2025-08-01T14:31:13","slug":"meteo-les-fortes-chaleurs-reviennent-en-isere-jusqua-40c-attendus-les-secteurs-concernes","status":"publish","type":"post","link":"https:\/\/www.europesays.com\/fr\/289200\/","title":{"rendered":"M\u00e9t\u00e9o. Les fortes chaleurs reviennent en Is\u00e8re, jusqu&rsquo;\u00e0 40\u00b0C attendus : les secteurs concern\u00e9s"},"content":{"rendered":"<p>            Par<br \/>\n        <strong><br \/>\n            <a href=\"https:\/\/actu.fr\/auteur\/julien-sournies\" title=\"Consulter tous les articles de Julien Sournies\" rel=\"nofollow noopener\" target=\"_blank\">Julien Sournies<\/a><br \/>\n        <\/strong><\/p>\n<p>        Publi\u00e9 le<\/p>\n<p>            1 ao\u00fbt 2025 \u00e0 16h07        <\/p>\n<p>Les <strong>chaleurs \u00e9crasantes<\/strong> qui ont frapp\u00e9 le d\u00e9partement de l\u2019<a href=\"https:\/\/actu.fr\/auvergne-rhone-alpes\/isere_38\" rel=\"nofollow noopener\" target=\"_blank\">Is\u00e8re<\/a> lors de la deuxi\u00e8me moiti\u00e9 du mois de juin vont faire leur grand retour sous peu.<\/p>\n<p class=\" wall-content\">Alors que des temp\u00e9ratures aux normales de saison ont en effet pris le pas sur les fortes chaleurs d\u00e9but juillet, le mercure va grimper en fl\u00e8che \u00e0 compter de la semaine prochaine, \u00e0 en croire les derni\u00e8res pr\u00e9visions de <a href=\"https:\/\/actu.fr\/tag\/meteo-france\" rel=\"nofollow noopener\" target=\"_blank\">M\u00e9t\u00e9o-France<\/a>.<\/p>\n<p>Les fortes chaleurs de retour<\/p>\n<p class=\" wall-content\">Ce week-end du 2 et 3 ao\u00fbt marquera donc la fin de ces temp\u00e9ratures plus \u00ab\u2009fra\u00eeches\u2009\u00bb dans le d\u00e9partement is\u00e9rois. Pour cause\u2009: d\u00e8s ce lundi 4 ao\u00fbt, le mercure remontera d\u2019un cran, notamment dans le Nord-Is\u00e8re, o\u00f9 32\u00b0C sont attendus du c\u00f4t\u00e9 de Vienne et Roussillon. Comptez par ailleurs 30-31\u00b0C \u00e0 <a href=\"https:\/\/actu.fr\/grenoble\/\" rel=\"nofollow noopener\" target=\"_blank\">Grenoble<\/a>, Saint-Marcellin ou encore Voiron.<\/p>\n<p class=\" wall-content\">Mardi 5\u00a0ao\u00fbt, la chaleur va devenir d\u2019autant plus \u00e9touffante. Toujours selon les donn\u00e9es de M\u00e9t\u00e9o-France, le thermom\u00e8tre affichera <strong>jusqu\u2019\u00e0 36\u00b0C<\/strong> \u00e0 Grenoble. Dans le Nord-Is\u00e8re, pas moins de 35\u00b0C sont notamment pr\u00e9vus dans les secteurs de Vienne et Roussillon.<\/p>\n<p>Jusqu\u2019\u00e0 40\u00b0C \u00e0 Grenoble<\/p>\n<p class=\" wall-content\">Si les temp\u00e9ratures vont l\u00e9g\u00e8rement chuter ce mercredi 6 ao\u00fbt, avec des maximales comprises entre 28 et 32\u00b0C en plaine, la journ\u00e9e de jeudi 7 ao\u00fbt va s\u2019av\u00e9rer particuli\u00e8rement compliqu\u00e9e. D\u2019apr\u00e8s le service officiel de la m\u00e9t\u00e9orologie, la <strong>barre des 40\u00b0C<\/strong> pourrait en effet \u00eatre franchie \u00e0 Grenoble au cours de l\u2019apr\u00e8s-midi.<\/p>\n<p class=\" wall-content\">De surcro\u00eet, pour la premi\u00e8re fois depuis plus d\u2019un mois, le mercure d\u00e9passera les 30\u00b0C sur l\u2019ensemble du territoire is\u00e9rois, que ce soit sur les reliefs ou en plaine.<\/p>\n<p class=\" wall-content\">Cet \u00e9pisode de fortes chaleurs devrait s\u2019\u00e9tendre a minima jusqu\u2019\u00e0 la fin de la semaine prochaine, avec des maximales comprises entre 30 et 39\u00b0C. Si les pr\u00e9visions de M\u00e9t\u00e9o-France se r\u00e9v\u00e8lent justes, la <strong>vigilance canicule<\/strong> ne tardera donc pas \u00e0 \u00eatre \u00e0 nouveau d\u00e9clench\u00e9e cet \u00e9t\u00e9.<\/p>\n<p class=\" wall-content\">Suivez toute l\u2019actualit\u00e9 de vos villes et m\u00e9dias favoris en vous inscrivant \u00e0 <a href=\"https:\/\/moncompte.actu.fr\" title=\"D\u00e9couvez Mon Actu\" rel=\"nofollow noopener\" data-trk=\"{&quot;cta&quot;:{&quot;action&quot;:&quot;https:\\\/\\\/moncompte.actu.fr&quot;,&quot;category&quot;:&quot;mon compte&quot;,&quot;from&quot;:&quot;article footer&quot;,&quot;name&quot;:&quot;Mon actu&quot;,&quot;type&quot;:&quot;cta&quot;}}\" target=\"_blank\">Mon Actu<\/a>.<\/p>\n<ul class=\"ac-article-tag wall-content\">\n<li><a href=\"https:\/\/actu.fr\/tag\/meteo-france\" data-trk=\"{&quot;cta&quot;:{&quot;action&quot;:&quot;M\\u00e9t\\u00e9o France&quot;,&quot;category&quot;:&quot;tag&quot;,&quot;from&quot;:&quot;article footer&quot;,&quot;name&quot;:&quot;M\\u00e9t\\u00e9o France&quot;,&quot;type&quot;:&quot;cta&quot;}}\" rel=\"nofollow noopener\" target=\"_blank\">#M\u00e9t\u00e9o France<\/a><\/li>\n<li><a href=\"https:\/\/actu.fr\/tag\/vague-de-chaleur\" data-trk=\"{&quot;cta&quot;:{&quot;action&quot;:&quot;Vague de chaleur&quot;,&quot;category&quot;:&quot;tag&quot;,&quot;from&quot;:&quot;article footer&quot;,&quot;name&quot;:&quot;Vague de chaleur&quot;,&quot;type&quot;:&quot;cta&quot;}}\" rel=\"nofollow noopener\" target=\"_blank\">#Vague de chaleur<\/a><\/li>\n<\/ul>\n","protected":false},"excerpt":{"rendered":"Par Julien Sournies Publi\u00e9 le 1 ao\u00fbt 2025 \u00e0 16h07 Les chaleurs \u00e9crasantes qui ont frapp\u00e9 le d\u00e9partement&hellip;\n","protected":false},"author":2,"featured_media":136048,"comment_status":"","ping_status":"","sticky":false,"template":"","format":"standard","meta":{"footnotes":""},"categories":[9566],"tags":[1111,11,2430,1777,674,1011,27,2731,2487,2357,12,25,15637],"class_list":{"0":"post-289200","1":"post","2":"type-post","3":"status-publish","4":"format-standard","5":"has-post-thumbnail","7":"category-grenoble","8":"tag-actu","9":"tag-actualites","10":"tag-auvergne-rhone-alpes","11":"tag-eu","12":"tag-europe","13":"tag-fr","14":"tag-france","15":"tag-grenoble","16":"tag-meteo","17":"tag-meteo-france","18":"tag-news","19":"tag-republique-francaise","20":"tag-vague-de-chaleur"},"share_on_mastodon":{"url":"https:\/\/pubeurope.com\/@fr\/114953996468797863","error":""},"_links":{"self":[{"href":"https:\/\/www.europesays.com\/fr\/wp-json\/wp\/v2\/posts\/289200","targetHints":{"allow":["GET"]}}],"collection":[{"href":"https:\/\/www.europesays.com\/fr\/wp-json\/wp\/v2\/posts"}],"about":[{"href":"https:\/\/www.europesays.com\/fr\/wp-json\/wp\/v2\/types\/post"}],"author":[{"embeddable":true,"href":"https:\/\/www.europesays.com\/fr\/wp-json\/wp\/v2\/users\/2"}],"replies":[{"embeddable":true,"href":"https:\/\/www.europesays.com\/fr\/wp-json\/wp\/v2\/comments?post=289200"}],"version-history":[{"count":0,"href":"https:\/\/www.europesays.com\/fr\/wp-json\/wp\/v2\/posts\/289200\/revisions"}],"wp:featuredmedia":[{"embeddable":true,"href":"https:\/\/www.europesays.com\/fr\/wp-json\/wp\/v2\/media\/136048"}],"wp:attachment":[{"href":"https:\/\/www.europesays.com\/fr\/wp-json\/wp\/v2\/media?parent=289200"}],"wp:term":[{"taxonomy":"category","embeddable":true,"href":"https:\/\/www.europesays.com\/fr\/wp-json\/wp\/v2\/categories?post=289200"},{"taxonomy":"post_tag","embeddable":true,"href":"https:\/\/www.europesays.com\/fr\/wp-json\/wp\/v2\/tags?post=289200"}],"curies":[{"name":"wp","href":"https:\/\/api.w.org\/{rel}","templated":true}]}}