{"id":289203,"date":"2025-08-01T14:33:23","date_gmt":"2025-08-01T14:33:23","guid":{"rendered":"https:\/\/www.europesays.com\/fr\/289203\/"},"modified":"2025-08-01T14:33:23","modified_gmt":"2025-08-01T14:33:23","slug":"2-nouveaux-clubs-veulent-recruter-arnaud-kalimuendo","status":"publish","type":"post","link":"https:\/\/www.europesays.com\/fr\/289203\/","title":{"rendered":"2 nouveaux clubs veulent recruter Arnaud Kalimuendo"},"content":{"rendered":"<p style=\"text-align: justify;\"><strong>TRANSFERTS \u2013 Selon Fabrizio Romano, deux nouveaux clubs sont venus aux renseignements pour Arnaud Kalimuendo (Rennes).\u00a0<\/strong><\/p>\n<p style=\"text-align: justify;\">Le <strong>Stade Rennais<\/strong> a commenc\u00e9 timidement son march\u00e9 des transferts, mais a r\u00e9cemment r\u00e9alis\u00e9 deux jolis coups. \u00c0 quelques heures d\u2019intervalle, les Bretons ont annonc\u00e9 la signature de deux joueurs de l\u2019<strong>Olympique de<\/strong> <strong>Marseille<\/strong>, <strong>Valentin<\/strong> <strong>Rongier<\/strong> puis <strong>Quentin<\/strong> <strong>Merlin<\/strong>. Le lat\u00e9ral gauche international espoirs vient remplacer <strong>Adrien Truffert<\/strong> qui s\u2019est envol\u00e9 pour la Premier League.<\/p>\n<p>Brendford et Villarreal pistent Arnaud Kalimuendo<\/p>\n<p style=\"text-align: justify;\">Le <strong>Stade<\/strong> <strong>Rennais<\/strong> pourrait encore perdre des joueurs cet \u00e9t\u00e9, et notamment son attaquant <strong>Arnaud<\/strong> <strong>Kalimuendo<\/strong>. Il y a quelques semaines, <strong>Tottenham<\/strong> et l\u2019<strong>AS Rome<\/strong> \u00e9taient venus aux renseignements, sans que ces pistes aillent plus loin pour le moment. Le buteur fran\u00e7ais dispose d\u2019un bon de sortie en cas d\u2019offre et continue d\u2019explorer le march\u00e9.<\/p>\n<p style=\"text-align: justify;\">Ces derniers jours, deux nouveaux clubs europ\u00e9ens sont venus aux renseignements, \u00e0 commencer par <strong>Villarreal<\/strong> en Espagne. En Angleterre, c\u2019est <strong>Brentford<\/strong> qui a pris des informations sur l\u2019ancien attaquant du <strong>Paris Saint-Germain<\/strong>. Le <strong>Stade<\/strong> <strong>Rennais<\/strong> va attendre plus de 20 millions d\u2019euros pour <strong>Arnaud<\/strong> <strong>Kalimuendo<\/strong> alors qu\u2019il lui reste deux ans de contrat.<\/p>\n<p>\u00c0 ce sujet<br \/>\n<a href=\"https:\/\/dicodusport.fr\/blog\/mercato-rennes-2025-2026-le-tableau-complet-des-transferts-arrivees-et-departs\/\" class=\"vlp-link\" title=\"Mercato Rennes 2025-2026 : Le tableau complet des transferts, arriv\u00e9es et d\u00e9parts\" target=\"_blank\" rel=\"noopener\"><img loading=\"lazy\" decoding=\"async\" style=\"max-width: 792px;\" width=\"792\" height=\"445\" class=\"attachment-800x445 size-800x445 perfmatters-lazy\" alt=\"Mercato Rennes 2025-2026 Le tableau complet des transferts, arriv\u00e9es et d\u00e9parts\" src=\"https:\/\/www.europesays.com\/fr\/wp-content\/uploads\/2025\/08\/Mercato-Rennes-2025-2026-Le-tableau-complet-des-transferts-arrivees-et-departs.png\"  data-\/><\/p>\n<p>Mercato Rennes 2025-2026 : Le tableau complet des transferts, arriv\u00e9es et d\u00e9parts<\/p>\n<p>TRANSFERTS RENNES &#8211; Retrouvez tous les mouvements du Stade Rennais pour l&rsquo;intersaison 2025 en Ligue 1. Arriv\u00e9es, d\u00e9part, pr\u00eats, transferts d\u00e9finitifs, ne ratez rien du mercato estival.\u00a0<\/p>\n<p>Lire l&rsquo;article<\/p>\n<p>dicodusport.fr<\/p>\n","protected":false},"excerpt":{"rendered":"TRANSFERTS \u2013 Selon Fabrizio Romano, deux nouveaux clubs sont venus aux renseignements pour Arnaud Kalimuendo (Rennes).\u00a0 Le Stade&hellip;\n","protected":false},"author":2,"featured_media":289204,"comment_status":"","ping_status":"","sticky":false,"template":"","format":"standard","meta":{"footnotes":""},"categories":[2821],"tags":[1111,11,829,2113,1777,674,1011,27,23100,12,584,25],"class_list":{"0":"post-289203","1":"post","2":"type-post","3":"status-publish","4":"format-standard","5":"has-post-thumbnail","7":"category-rennes","8":"tag-actu","9":"tag-actualites","10":"tag-bretagne","11":"tag-breve","12":"tag-eu","13":"tag-europe","14":"tag-fr","15":"tag-france","16":"tag-mercato-football","17":"tag-news","18":"tag-rennes","19":"tag-republique-francaise"},"share_on_mastodon":{"url":"https:\/\/pubeurope.com\/@fr\/114954004779733706","error":""},"_links":{"self":[{"href":"https:\/\/www.europesays.com\/fr\/wp-json\/wp\/v2\/posts\/289203","targetHints":{"allow":["GET"]}}],"collection":[{"href":"https:\/\/www.europesays.com\/fr\/wp-json\/wp\/v2\/posts"}],"about":[{"href":"https:\/\/www.europesays.com\/fr\/wp-json\/wp\/v2\/types\/post"}],"author":[{"embeddable":true,"href":"https:\/\/www.europesays.com\/fr\/wp-json\/wp\/v2\/users\/2"}],"replies":[{"embeddable":true,"href":"https:\/\/www.europesays.com\/fr\/wp-json\/wp\/v2\/comments?post=289203"}],"version-history":[{"count":0,"href":"https:\/\/www.europesays.com\/fr\/wp-json\/wp\/v2\/posts\/289203\/revisions"}],"wp:featuredmedia":[{"embeddable":true,"href":"https:\/\/www.europesays.com\/fr\/wp-json\/wp\/v2\/media\/289204"}],"wp:attachment":[{"href":"https:\/\/www.europesays.com\/fr\/wp-json\/wp\/v2\/media?parent=289203"}],"wp:term":[{"taxonomy":"category","embeddable":true,"href":"https:\/\/www.europesays.com\/fr\/wp-json\/wp\/v2\/categories?post=289203"},{"taxonomy":"post_tag","embeddable":true,"href":"https:\/\/www.europesays.com\/fr\/wp-json\/wp\/v2\/tags?post=289203"}],"curies":[{"name":"wp","href":"https:\/\/api.w.org\/{rel}","templated":true}]}}