{"id":289209,"date":"2025-08-01T14:36:10","date_gmt":"2025-08-01T14:36:10","guid":{"rendered":"https:\/\/www.europesays.com\/fr\/289209\/"},"modified":"2025-08-01T14:36:10","modified_gmt":"2025-08-01T14:36:10","slug":"pres-de-nice-ce-maire-ne-veut-plus-dantenne-relais-et-tente-une-solution-radicale","status":"publish","type":"post","link":"https:\/\/www.europesays.com\/fr\/289209\/","title":{"rendered":"Pr\u00e8s de Nice. Ce maire ne veut plus d&rsquo;antenne-relais et tente une solution radicale"},"content":{"rendered":"<p>            Par<br \/>\n        <strong><br \/>\n            <a href=\"https:\/\/actu.fr\/auteur\/ugo-maillard\" title=\"Consulter tous les articles de Ugo Maillard\" rel=\"nofollow noopener\" target=\"_blank\">Ugo Maillard<\/a><br \/>\n        <\/strong><\/p>\n<p>        Publi\u00e9 le<\/p>\n<p>            1 ao\u00fbt 2025 \u00e0 16h23        <\/p>\n<p>Un outil de lutte jamais vu dans le d\u00e9partement des <a href=\"https:\/\/actu.fr\/provence-alpes-cote-d-azur\/alpes-maritimes_06\" rel=\"nofollow noopener\" target=\"_blank\">Alpes-Maritimes<\/a>. Lors du conseil municipal du 7\u00a0juillet 2025, les \u00e9lus de <a href=\"https:\/\/actu.fr\/provence-alpes-cote-d-azur\/la-gaude_06065\" rel=\"nofollow noopener\" target=\"_blank\">La Gaude<\/a> ont vot\u00e9 en faveur d\u2019une d\u00e9lib\u00e9ration. Son objectif\u2009: <strong>limiter l\u2019installation des antenne-relais<\/strong> sur la commune situ\u00e9e au nord de <a href=\"https:\/\/actu.fr\/nice\/\" rel=\"nofollow noopener\" target=\"_blank\">Nice<\/a>.<\/p>\n<p>    <a href=\"https:\/\/www.google.com\/maps\/embed?pb=!1m18!1m12!1m3!1d92276.97246833431!2d7.078134461109348!3d43.71771020107943!2m3!1f0!2f0!3f0!3m2!1i1024!2i768!4f13.1!3m3!1m2!1s0x12cdcd899578a749%3A0x95ed12fbdd656dfe!2s06610%20La%20Gaude!5e0!3m2!1sfr!2sfr!4v1754051455253!5m2!1sfr!2sfr\" title=\"Ouvrie le lien\" rel=\"nofollow noopener\" target=\"_blank\">Cliquez ici pour visualiser le contenu<\/a><\/p>\n<p class=\" wall-content\">Pour ce faire, le maire (DVD), Bruno Bettati, <strong>attaquera en justice<\/strong> tous les propri\u00e9taires fonciers de La Gaude autorisant l\u2019installation d\u2019une <a href=\"https:\/\/actu.fr\/tag\/antenne-relais\" rel=\"nofollow noopener\" target=\"_blank\">antenne-relais<\/a>.<\/p>\n<p class=\" wall-content\">\u00c0 titre d\u2019information, la mise en place de ces constructions d\u00e9pend uniquement d\u2019accord entre un propri\u00e9taire priv\u00e9 de terrain et la soci\u00e9t\u00e9 qui les installent, dans le but ensuite de louer la technologie aux op\u00e9rateurs t\u00e9l\u00e9phoniques.<\/p>\n<p>\u00ab\u2009Ils s\u2019installent o\u00f9 ils veulent\u2009\u00bb<\/p>\n<p class=\" wall-content\">\u00ab\u2009Il y en a marre\u2009\u00bb, l\u00e2che le maire de La Gaude, aupr\u00e8s d\u2019actu Nice. Bruno Bettati justifie sa d\u00e9cision en pointant du doigt la <strong>libert\u00e9 totale<\/strong> des op\u00e9rateurs pour la mise en place des antenne-relais\u2009: \u00ab\u2009Ils s\u2019installent o\u00f9 ils veulent. L\u2019\u00c9tat \u2018pr\u00e9conise\u2019 de mutualiser avec les antennes d\u00e9j\u00e0 existantes, mais rien n\u2019est obligatoire \u00bb peste l\u2019\u00e9lu.<\/p>\n<blockquote class=\"ac-article-quote wall-content\">\n<p>Les maires n\u2019ont aucun pouvoir. Je veux changer cela.<\/p>\n<p>    <strong>Bruno Bettati<\/strong><br \/>\n        Maire de La Gaude    <\/p><\/blockquote>\n<p class=\" wall-content\">Concr\u00e8tement, le propri\u00e9taire qui accepte l\u2019installation d\u2019une antenne-relais sur son terrain (contre un loyer mensuel), se verra poursuivi par la mairie de La Gaude pour \u00ab\u2009trouble \u00e0 l\u2019ordre public\u2009\u00bb. \u00ab\u2009Les propri\u00e9taires ne font pas ce qu\u2019ils veulent\u2009\u00bb, appuie l\u2019\u00e9dile.<\/p>\n<p class=\" wall-content\">Interrog\u00e9 quant \u00e0 l\u2019\u00e9ventuelle issue d\u2019une telle proc\u00e9dure, Bruno Bettati reconna\u00eet ne pas avoir de jurisprudence, mais garde espoir. \u00ab\u2009On peut perdre, mais on peut \u00e9galement gagner et une victoire en <a href=\"https:\/\/actu.fr\/tag\/justice\" rel=\"nofollow noopener\" target=\"_blank\">justice<\/a> pourrait changer beaucoup de choses pour mes coll\u00e8gues maires.\u2009\u00bb<\/p>\n<p>\u00ab\u2009Un cri de d\u00e9sespoir\u2009\u00bb<\/p>\n<p class=\" wall-content\">La d\u00e9lib\u00e9ration prise par le conseil municipal de la commune maralpine na\u00eet d\u2019une<strong> col\u00e8re des habitants<\/strong>. Depuis des semaines, des Gaudois et Gaudoises se <a href=\"https:\/\/actu.fr\/provence-alpes-cote-d-azur\/la-gaude_06065\/pres-de-nice-une-antenne-relais-va-etre-construite-devant-chez-elle-je-ne-peux-pas-rester_62795140.html\" rel=\"nofollow noopener\" target=\"_blank\">battent contre la future installation d\u2019une antenne<\/a>.<\/p>\n<p class=\" wall-content\">\u00ab\u2009J\u2019ai eu une r\u00e9union de quartier avec une vingtaine de voisins. Je partage leur col\u00e8re\u2009\u00bb, assure le maire.<\/p>\n<blockquote class=\"ac-article-quote wall-content\">\n<p>\u00c9videmment que j\u2019ai besoin de t\u00e9l\u00e9phone. Mais je veux que le bon sens l\u2019emporte.<\/p>\n<p>    <strong>Bruno Bettati<\/strong>\n            <\/p><\/blockquote>\n<p class=\" wall-content\">En cet \u00e9t\u00e9 2025, le maire \u00e9voque que les futures installations de deux antenne-relais posent un probl\u00e8me. Il explique avoir \u00ab\u2009entam\u00e9\u2009\u00bb un dialogue avec les op\u00e9rateurs, sans avoir d\u2019autres \u00e9l\u00e9ments.<\/p>\n<p class=\" wall-content\">Suivez toute l\u2019actualit\u00e9 de vos villes et m\u00e9dias favoris en vous inscrivant \u00e0 <a href=\"https:\/\/moncompte.actu.fr\" title=\"D\u00e9couvez Mon Actu\" rel=\"nofollow noopener\" data-trk=\"{&quot;cta&quot;:{&quot;action&quot;:&quot;https:\\\/\\\/moncompte.actu.fr&quot;,&quot;category&quot;:&quot;mon compte&quot;,&quot;from&quot;:&quot;article footer&quot;,&quot;name&quot;:&quot;Mon actu&quot;,&quot;type&quot;:&quot;cta&quot;}}\" target=\"_blank\">Mon Actu<\/a>.<\/p>\n","protected":false},"excerpt":{"rendered":"Par Ugo Maillard Publi\u00e9 le 1 ao\u00fbt 2025 \u00e0 16h23 Un outil de lutte jamais vu dans le&hellip;\n","protected":false},"author":2,"featured_media":289210,"comment_status":"","ping_status":"","sticky":false,"template":"","format":"standard","meta":{"footnotes":""},"categories":[2819],"tags":[1111,11,33810,1777,674,1011,27,303,12,2401,882,25,104],"class_list":{"0":"post-289209","1":"post","2":"type-post","3":"status-publish","4":"format-standard","5":"has-post-thumbnail","7":"category-nice","8":"tag-actu","9":"tag-actualites","10":"tag-antenne-relais","11":"tag-eu","12":"tag-europe","13":"tag-fr","14":"tag-france","15":"tag-justice","16":"tag-news","17":"tag-nice","18":"tag-provence-alpes-cote-dazur","19":"tag-republique-francaise","20":"tag-societe"},"share_on_mastodon":{"url":"https:\/\/pubeurope.com\/@fr\/114954016354124588","error":""},"_links":{"self":[{"href":"https:\/\/www.europesays.com\/fr\/wp-json\/wp\/v2\/posts\/289209","targetHints":{"allow":["GET"]}}],"collection":[{"href":"https:\/\/www.europesays.com\/fr\/wp-json\/wp\/v2\/posts"}],"about":[{"href":"https:\/\/www.europesays.com\/fr\/wp-json\/wp\/v2\/types\/post"}],"author":[{"embeddable":true,"href":"https:\/\/www.europesays.com\/fr\/wp-json\/wp\/v2\/users\/2"}],"replies":[{"embeddable":true,"href":"https:\/\/www.europesays.com\/fr\/wp-json\/wp\/v2\/comments?post=289209"}],"version-history":[{"count":0,"href":"https:\/\/www.europesays.com\/fr\/wp-json\/wp\/v2\/posts\/289209\/revisions"}],"wp:featuredmedia":[{"embeddable":true,"href":"https:\/\/www.europesays.com\/fr\/wp-json\/wp\/v2\/media\/289210"}],"wp:attachment":[{"href":"https:\/\/www.europesays.com\/fr\/wp-json\/wp\/v2\/media?parent=289209"}],"wp:term":[{"taxonomy":"category","embeddable":true,"href":"https:\/\/www.europesays.com\/fr\/wp-json\/wp\/v2\/categories?post=289209"},{"taxonomy":"post_tag","embeddable":true,"href":"https:\/\/www.europesays.com\/fr\/wp-json\/wp\/v2\/tags?post=289209"}],"curies":[{"name":"wp","href":"https:\/\/api.w.org\/{rel}","templated":true}]}}