{"id":289213,"date":"2025-08-01T14:38:12","date_gmt":"2025-08-01T14:38:12","guid":{"rendered":"https:\/\/www.europesays.com\/fr\/289213\/"},"modified":"2025-08-01T14:38:12","modified_gmt":"2025-08-01T14:38:12","slug":"deux-chiens-battus-et-maltraites-decouverts-dans-un-appartement-leur-proprietaire-incarcere","status":"publish","type":"post","link":"https:\/\/www.europesays.com\/fr\/289213\/","title":{"rendered":"Deux chiens battus et maltrait\u00e9s d\u00e9couverts dans un appartement, leur propri\u00e9taire incarc\u00e9r\u00e9"},"content":{"rendered":"<p>Un homme de 25\u00a0ans devait \u00eatre jug\u00e9 mercredi 30\u00a0juillet 2025 \u00e0 Bobigny\u00a0(Seine-Saint-Denis) pour actes de torture et de maltraitance sur des animaux de compagnie. Les faits remontent au lundi 28\u00a0juillet, \u00e0\u00a0Pierrefitte, rapporte\u00a0<a href=\"https:\/\/www.leparisien.fr\/seine-saint-denis-93\/chiens-tortures-a-pierrefitte-le-proprietaire-incarcere-en-attendant-son-proces-31-07-2025-TJAAUZHQNFB4DLNR6KOC4GWHOI.php\" target=\"_blank\" rel=\"nofollow noopener\"> Le Parisien <\/a>.<\/p>\n<p>Ce jour-l\u00e0, des habitants ont d\u00e9couvert dans le hall de leur immeuble un jeune chien d\u2019un an gravement bless\u00e9. Selon l\u2019association Action Protection Animale (APA), qui a pris en charge les deux canid\u00e9s, l\u2019animal \u00e9tait dans un <strong>\u00ab\u00a0\u00e9tat de souffrance extr\u00eame\u00a0\u00bb<\/strong>. La police est imm\u00e9diatement intervenue au domicile du propri\u00e9taire.<\/p>\n<\/p>\n<p>Le proc\u00e8s report\u00e9<\/p>\n<p>L\u2019homme a refus\u00e9 d\u2019ouvrir et les agents ont d\u00fb enfoncer la porte. Dans l\u2019appartement, ils ont d\u00e9couvert un autre chien \u00e2g\u00e9 de 6\u00a0ans, tr\u00e8s craintif et portant lui aussi des traces de coups, rapporte\u00a0<a href=\"https:\/\/actu.fr\/ile-de-france\/pierrefitte-sur-seine_93059\/une-violence-inouie-un-homme-juge-pour-maltraitance-envers-ses-deux-chiens-en-seine-saint-denis_62977376.html\" target=\"_blank\" rel=\"nofollow noopener\"> Actu Paris <\/a>. Selon les t\u00e9moignages des r\u00e9sidents, les deux animaux subissaient r\u00e9guli\u00e8rement la violence <strong>\u00ab\u00a0inou\u00efe\u00a0\u00bb<\/strong> du suspect, qui a \u00e9t\u00e9 interpell\u00e9 et plac\u00e9 en garde \u00e0 vue.<\/p>\n<p>Le jeune homme \u00e9tait jug\u00e9 ce mercredi en comparution imm\u00e9diate. Sur les sept\u00a0chefs d\u2019accusation retenus, cinq concernaient des s\u00e9vices et mauvais traitements sur <a href=\"https:\/\/lemans.maville.com\/actu\/actudet_-un-chien-blesse-a-coups-de-machette-evacue-en-urgence-par-des-policiers-au-mans-_52734-6918746_actu.Htm\" target=\"_blank\" rel=\"nofollow noopener\">ses deux chiens, de type staff<\/a>. Le pr\u00e9venu se serait aussi rebell\u00e9 lors de son interpellation. D\u00e9j\u00e0 connu de la police, il a par le pass\u00e9 \u00e9t\u00e9 condamn\u00e9 pour vol \u00e0 main arm\u00e9, violences sur conjoint et trafic de stup\u00e9fiants.<\/p>\n<p><strong>Lire aussi\u00a0:<\/strong> <a href=\"https:\/\/nantes.maville.com\/actu\/actudet_-des-dizaines-de-chevaux-et-de-chiens-maltraites-une-eleveuse-visee-par-une-enquete-pres-de-nantes-_8-6234279_actu.Htm\" target=\"_blank\" rel=\"nofollow noopener\">Des dizaines de chevaux et de chiens maltrait\u00e9s\u00a0: une \u00e9leveuse vis\u00e9e par une enqu\u00eate pr\u00e8s de Nantes<\/a><\/p>\n<p>Le proc\u00e8s a finalement \u00e9t\u00e9 report\u00e9 au 5\u00a0septembre prochain et le pr\u00e9venu plac\u00e9 en d\u00e9tention provisoire d\u2019ici l\u00e0. Il risque jusqu\u2019\u00e0 3\u00a0ans de prison et 75 000 euros d\u2019amende. Pris en charge par APA, les deux chiens vont bien. Le plus jeune a \u00e9t\u00e9 hospitalis\u00e9 en clinique v\u00e9t\u00e9rinaire et pourrait bient\u00f4t rejoindre le refuge de l\u2019association au vu de son \u00e9tat rassurant.<\/p>\n<p>\u00a0<\/p>\n","protected":false},"excerpt":{"rendered":"Un homme de 25\u00a0ans devait \u00eatre jug\u00e9 mercredi 30\u00a0juillet 2025 \u00e0 Bobigny\u00a0(Seine-Saint-Denis) pour actes de torture et de&hellip;\n","protected":false},"author":2,"featured_media":289214,"comment_status":"","ping_status":"","sticky":false,"template":"","format":"standard","meta":{"footnotes":""},"categories":[2818],"tags":[1111,11,9071,26774,13370,13881,1777,674,1011,27,16507,42819,766,12,2636,8297,25],"class_list":{"0":"post-289213","1":"post","2":"type-post","3":"status-publish","4":"format-standard","5":"has-post-thumbnail","7":"category-nantes","8":"tag-actu","9":"tag-actualites","10":"tag-appartement","11":"tag-battus","12":"tag-chiens","13":"tag-decouverts","14":"tag-eu","15":"tag-europe","16":"tag-fr","17":"tag-france","18":"tag-incarcere","19":"tag-maltraites","20":"tag-nantes","21":"tag-news","22":"tag-pays-de-la-loire","23":"tag-proprietaire","24":"tag-republique-francaise"},"share_on_mastodon":{"url":"https:\/\/pubeurope.com\/@fr\/114954023963394237","error":""},"_links":{"self":[{"href":"https:\/\/www.europesays.com\/fr\/wp-json\/wp\/v2\/posts\/289213","targetHints":{"allow":["GET"]}}],"collection":[{"href":"https:\/\/www.europesays.com\/fr\/wp-json\/wp\/v2\/posts"}],"about":[{"href":"https:\/\/www.europesays.com\/fr\/wp-json\/wp\/v2\/types\/post"}],"author":[{"embeddable":true,"href":"https:\/\/www.europesays.com\/fr\/wp-json\/wp\/v2\/users\/2"}],"replies":[{"embeddable":true,"href":"https:\/\/www.europesays.com\/fr\/wp-json\/wp\/v2\/comments?post=289213"}],"version-history":[{"count":0,"href":"https:\/\/www.europesays.com\/fr\/wp-json\/wp\/v2\/posts\/289213\/revisions"}],"wp:featuredmedia":[{"embeddable":true,"href":"https:\/\/www.europesays.com\/fr\/wp-json\/wp\/v2\/media\/289214"}],"wp:attachment":[{"href":"https:\/\/www.europesays.com\/fr\/wp-json\/wp\/v2\/media?parent=289213"}],"wp:term":[{"taxonomy":"category","embeddable":true,"href":"https:\/\/www.europesays.com\/fr\/wp-json\/wp\/v2\/categories?post=289213"},{"taxonomy":"post_tag","embeddable":true,"href":"https:\/\/www.europesays.com\/fr\/wp-json\/wp\/v2\/tags?post=289213"}],"curies":[{"name":"wp","href":"https:\/\/api.w.org\/{rel}","templated":true}]}}